{"id":73309,"date":"2018-03-10T08:35:44","date_gmt":"2018-03-10T11:35:44","guid":{"rendered":"http:\/\/www.hoymercedes.com.ar\/principal\/?p=73309"},"modified":"2018-03-09T15:40:47","modified_gmt":"2018-03-09T18:40:47","slug":"municipio-y-caidim-continuan-con-la-recoleccion-de-aceite-vegetal-usado","status":"publish","type":"post","link":"https:\/\/www.hoymercedes.com.ar\/principal\/2018\/03\/10\/municipio-y-caidim-continuan-con-la-recoleccion-de-aceite-vegetal-usado\/","title":{"rendered":"Municipio y CAIDIM contin\u00faan con la recolecci\u00f3n de aceite vegetal usado"},"content":{"rendered":"<p>El Departamento de Ambiente lleva adelante el Programa Municipal de Recolecci\u00f3n de\u00a0Aceite Vegetal Usado (AVU) y contin\u00faa actuando en temas de importancia, aunque quiz\u00e1s cotidianamente no lo notemos. En los \u00faltimos d\u00edas se procedi\u00f3 con una nueva recolecci\u00f3n del aceite vegetal usado en los treinta comercios adheridos al Programa Municipal.<\/p>\n<p><img loading=\"lazy\" decoding=\"async\" data-attachment-id=\"73310\" data-permalink=\"https:\/\/www.hoymercedes.com.ar\/principal\/2018\/03\/10\/municipio-y-caidim-continuan-con-la-recoleccion-de-aceite-vegetal-usado\/10-aceite-recoleccion\/#main\" data-orig-file=\"https:\/\/www.hoymercedes.com.ar\/principal\/wp-content\/uploads\/2018\/03\/10-aceite.recoleccion.jpg\" data-orig-size=\"750,563\" data-comments-opened=\"0\" data-image-meta=\"{&quot;aperture&quot;:&quot;0&quot;,&quot;credit&quot;:&quot;&quot;,&quot;camera&quot;:&quot;&quot;,&quot;caption&quot;:&quot;&quot;,&quot;created_timestamp&quot;:&quot;0&quot;,&quot;copyright&quot;:&quot;&quot;,&quot;focal_length&quot;:&quot;0&quot;,&quot;iso&quot;:&quot;0&quot;,&quot;shutter_speed&quot;:&quot;0&quot;,&quot;title&quot;:&quot;&quot;,&quot;orientation&quot;:&quot;0&quot;}\" data-image-title=\"10 aceite.recoleccion\" data-image-description=\"\" data-image-caption=\"\" data-large-file=\"https:\/\/www.hoymercedes.com.ar\/principal\/wp-content\/uploads\/2018\/03\/10-aceite.recoleccion.jpg\" class=\"aligncenter size-medium wp-image-73310\" src=\"https:\/\/www.hoymercedes.com.ar\/principal\/wp-content\/uploads\/2018\/03\/10-aceite.recoleccion-630x473.jpg\" alt=\"\" width=\"630\" height=\"473\" srcset=\"https:\/\/www.hoymercedes.com.ar\/principal\/wp-content\/uploads\/2018\/03\/10-aceite.recoleccion-630x473.jpg 630w, https:\/\/www.hoymercedes.com.ar\/principal\/wp-content\/uploads\/2018\/03\/10-aceite.recoleccion-150x113.jpg 150w, https:\/\/www.hoymercedes.com.ar\/principal\/wp-content\/uploads\/2018\/03\/10-aceite.recoleccion.jpg 750w\" sizes=\"auto, (max-width: 630px) 100vw, 630px\" \/><\/p>\n<p>El municipio de Mercedes lleva adelante este programa con la participaci\u00f3n de comercios del sector gastron\u00f3mico, la empresa RBA Ambiental (responsable del retiro del aceite vegetal usado generado en los comercios para su posterior transformaci\u00f3n en Biocombustibles) y el taller protegido CAIDIM (que funciona como centro de acopio primario del AVU y accede tambi\u00e9n a un beneficio econ\u00f3mico derivado de la venta del aceite).<\/p>\n<p>\u201cDebido a la demanda, se ha dispuesto que en el corriente a\u00f1o el cami\u00f3n recolector de aceite pase cada quince d\u00edas, antes se pasaba a recolectar cada un mes\u201d destac\u00f3 desde el \u00e1rea Agust\u00edn Lasala.<\/p>\n<p>\u201cLos aceites vegetales usados en frituras (AVUs), generados mayormente por el sector gastron\u00f3mico, representan problemas ambientales y en la salud humana. Su disposici\u00f3n en la red cloacal puede obstruir desag\u00fces y contaminar cursos de agua. Estos aceites forman una pel\u00edcula sobre la superficie del agua obstaculizando su oxigenaci\u00f3n y afectando a los seres vivos. Su disposici\u00f3n como residuo s\u00f3lido urbano o en pozos contamina e impermeabiliza el suelo afectando a plantas y animales\u201d, informaron desde el mencionado departamento municipal.<\/p>\n<p>La recolecci\u00f3n de AVUs permite preservar la salud de la poblaci\u00f3n evitando que estos aceites puedan ser reutilizados para el consumo humano, concientizar a la comunidad sobre la importancia de preservar el ambiente en que vivimos, evitar la contaminaci\u00f3n de agua y suelo y propiciar la generaci\u00f3n de biocombustibles, favoreciendo un desarrollo sustentable.<\/p>\n<p>\u201cEl Departamento de Ambiente invita a los comercios interesados a adherirse al programa y seguir cuidando el medio ambiente, la ciudad y la calidad de los productos que en cada comercio se genera\u201d coment\u00f3 Juan Cruz Mend\u00eda, tambi\u00e9n desde el Departamento de Medio Ambiente.<\/p>\n<p>Fuente: Prensa Municipal<\/p>\n","protected":false},"excerpt":{"rendered":"<p>El Departamento de Ambiente lleva adelante el Programa Municipal de Recolecci\u00f3n de\u00a0Aceite Vegetal Usado (AVU) y contin\u00faa actuando en temas &#8230; <a title=\"Municipio y CAIDIM contin\u00faan con la recolecci\u00f3n de aceite vegetal usado\" class=\"read-more\" href=\"https:\/\/www.hoymercedes.com.ar\/principal\/2018\/03\/10\/municipio-y-caidim-continuan-con-la-recoleccion-de-aceite-vegetal-usado\/\" aria-label=\"Leer m\u00e1s sobre Municipio y CAIDIM contin\u00faan con la recolecci\u00f3n de aceite vegetal usado\">Leer m\u00e1s<\/a><\/p>\n","protected":false},"author":1,"featured_media":73310,"comment_status":"closed","ping_status":"open","sticky":false,"template":"","format":"standard","meta":{"_monsterinsights_skip_tracking":false,"_monsterinsights_sitenote_active":false,"_monsterinsights_sitenote_note":"","_monsterinsights_sitenote_category":0,"jetpack_post_was_ever_published":false,"_jetpack_newsletter_access":"","_jetpack_dont_email_post_to_subs":false,"_jetpack_newsletter_tier_id":0,"_jetpack_memberships_contains_paywalled_content":false,"_jetpack_memberships_contains_paid_content":false,"footnotes":"","jetpack_publicize_message":"","jetpack_publicize_feature_enabled":true,"jetpack_social_post_already_shared":true,"jetpack_social_options":{"image_generator_settings":{"template":"highway","default_image_id":0,"font":"","enabled":false},"version":2},"_wpas_customize_per_network":false},"categories":[30],"tags":[2483,43,10,244,12748],"class_list":["post-73309","post","type-post","status-publish","format-standard","has-post-thumbnail","hentry","category-municipio","tag-caidim","tag-medio-ambiente","tag-mercedes","tag-municipio-2","tag-recoleccion-de-aceite-comestible-usado","generate-columns","tablet-grid-50","mobile-grid-100","grid-parent","grid-50"],"jetpack_publicize_connections":[],"jetpack_featured_media_url":"https:\/\/www.hoymercedes.com.ar\/principal\/wp-content\/uploads\/2018\/03\/10-aceite.recoleccion.jpg","wps_subtitle":"Medio ambiente sustentable","jetpack_sharing_enabled":true,"_links":{"self":[{"href":"https:\/\/www.hoymercedes.com.ar\/principal\/wp-json\/wp\/v2\/posts\/73309","targetHints":{"allow":["GET"]}}],"collection":[{"href":"https:\/\/www.hoymercedes.com.ar\/principal\/wp-json\/wp\/v2\/posts"}],"about":[{"href":"https:\/\/www.hoymercedes.com.ar\/principal\/wp-json\/wp\/v2\/types\/post"}],"author":[{"embeddable":true,"href":"https:\/\/www.hoymercedes.com.ar\/principal\/wp-json\/wp\/v2\/users\/1"}],"replies":[{"embeddable":true,"href":"https:\/\/www.hoymercedes.com.ar\/principal\/wp-json\/wp\/v2\/comments?post=73309"}],"version-history":[{"count":0,"href":"https:\/\/www.hoymercedes.com.ar\/principal\/wp-json\/wp\/v2\/posts\/73309\/revisions"}],"wp:featuredmedia":[{"embeddable":true,"href":"https:\/\/www.hoymercedes.com.ar\/principal\/wp-json\/wp\/v2\/media\/73310"}],"wp:attachment":[{"href":"https:\/\/www.hoymercedes.com.ar\/principal\/wp-json\/wp\/v2\/media?parent=73309"}],"wp:term":[{"taxonomy":"category","embeddable":true,"href":"https:\/\/www.hoymercedes.com.ar\/principal\/wp-json\/wp\/v2\/categories?post=73309"},{"taxonomy":"post_tag","embeddable":true,"href":"https:\/\/www.hoymercedes.com.ar\/principal\/wp-json\/wp\/v2\/tags?post=73309"}],"curies":[{"name":"wp","href":"https:\/\/api.w.org\/{rel}","templated":true}]}}