{"id":7333,"date":"2011-09-16T11:29:03","date_gmt":"2011-09-16T11:29:03","guid":{"rendered":"http:\/\/www.hoymercedes.com.ar\/principal\/?p=7333"},"modified":"2011-09-16T11:29:03","modified_gmt":"2011-09-16T11:29:03","slug":"comenzo-el-debate-sobre-la-reglamentacion-de-la-ordenanza-sobre-patrimonio-en-mercedes","status":"publish","type":"post","link":"https:\/\/www.hoymercedes.com.ar\/principal\/2011\/09\/16\/comenzo-el-debate-sobre-la-reglamentacion-de-la-ordenanza-sobre-patrimonio-en-mercedes\/","title":{"rendered":"Comenz\u00f3 el debate sobre la Reglamentaci\u00f3n de la Ordenanza sobre Patrimonio en Mercedes"},"content":{"rendered":"<figure id=\"attachment_7335\" aria-describedby=\"caption-attachment-7335\" style=\"width: 595px\" class=\"wp-caption aligncenter\"><a href=\"https:\/\/www.hoymercedes.com.ar\/principal\/wp-content\/uploads\/2011\/09\/ConcejoDeliberante.jpg\"><img loading=\"lazy\" decoding=\"async\" data-attachment-id=\"7335\" data-permalink=\"https:\/\/www.hoymercedes.com.ar\/principal\/2011\/09\/16\/comenzo-el-debate-sobre-la-reglamentacion-de-la-ordenanza-sobre-patrimonio-en-mercedes\/concejodeliberante-2\/#main\" data-orig-file=\"https:\/\/www.hoymercedes.com.ar\/principal\/wp-content\/uploads\/2011\/09\/ConcejoDeliberante.jpg\" data-orig-size=\"605,454\" data-comments-opened=\"1\" data-image-meta=\"{&quot;aperture&quot;:&quot;2.8&quot;,&quot;credit&quot;:&quot;&quot;,&quot;camera&quot;:&quot;COOLPIX L10&quot;,&quot;caption&quot;:&quot;&quot;,&quot;created_timestamp&quot;:&quot;1315924972&quot;,&quot;copyright&quot;:&quot;Copyright 2006&quot;,&quot;focal_length&quot;:&quot;6.2&quot;,&quot;iso&quot;:&quot;400&quot;,&quot;shutter_speed&quot;:&quot;0.016666666666667&quot;,&quot;title&quot;:&quot;&quot;}\" data-image-title=\"Concejo Deliberante\" data-image-description=\"&lt;p&gt;Concejo Deliberante&lt;\/p&gt;\n\" data-image-caption=\"&lt;p&gt;Concejo Deliberante&lt;\/p&gt;\n\" data-large-file=\"https:\/\/www.hoymercedes.com.ar\/principal\/wp-content\/uploads\/2011\/09\/ConcejoDeliberante.jpg\" class=\"size-full wp-image-7335\" title=\"Concejo Deliberante\" src=\"https:\/\/www.hoymercedes.com.ar\/principal\/wp-content\/uploads\/2011\/09\/ConcejoDeliberante.jpg\" alt=\"Concejo Deliberante\" width=\"605\" height=\"454\" \/><\/a><figcaption id=\"caption-attachment-7335\" class=\"wp-caption-text\">Concejo Deliberante<\/figcaption><\/figure>\n<p>Integrantes del Cuerpo Deliberativo, el Departamento Ejecutivo y representes de entidades intermedias oficiales o privadas comenzaron anoche a analizar posible articulado de la reglamentaci\u00f3n referida a la sancionada orde3naza de Preservaci\u00f3n y Cuidado del Patrimonio Hist\u00f3rico, Cultural y Natural del Partido de Mercedes.<\/p>\n<p>Tal como se hab\u00eda informado se concret\u00f3 anoche la reuni\u00f3n proyectada desde el Honorable Concejo Deliberante de nuestra ciudad con representantes del municipio y de entidades intermedias que tienen relaci\u00f3n directa por las actividades que desarrollan con la conservaci\u00f3n y la protecci\u00f3n del Patrimonio Hist\u00f3rico, Cultural y Natural de nuestro partido.<\/p>\n<p>EL encuentro cont\u00f3 con la participaci\u00f3n de los Concejales Jos\u00e9 Cestari, D\u00e9bora Lacasa, y Jorge Retegui, la licenciada Leonor Ocampo, los martilleros Abel Cagnone y Luis Colao, el Dr. Roberto Flores por el Departamento Ejecutivo, y los doctores David Valerga y Mar\u00eda del Carmen G\u00f3mez Carranza.<\/p>\n<p>Como se podr\u00e1 recordar, el Concejo Deliberante aprob\u00f3 hace alrededor de un mes el proyecto de ordenanza relacionado con la protecci\u00f3n y el cuidado del Patrimonio Hist\u00f3rico, Cultural y Natural que a lo largo de cuatro a\u00f1os y medio estuvo en estudio en el marco de un grupo de tareas integrado por representantes de todos los bloque que integran el Cuerpo Deliberativo, y representantes de entidades oficiales y privadas que de alguna manera tienen intereses en dicho tema, como por ejemplo los Colegios de Abogado, Martilleros, Escribanos, ingenieros, arquitectos, etc., por citar solo algunos.<\/p>\n<p>Pero con la aprobaci\u00f3n delproyecto9 en cuesti\u00f3n no alcanza para que la Ordenanza pueda ser aplicada, se necesita su reglamentaci\u00f3n, tarea esta que debe necesariamente estar a cargo del Departamento Ejecutivo pero desde el Concejo entendieron que era necesario un aporte tambi\u00e9n de los bloques y de la comunidad para lograr una reglamentaci\u00f3n consensuada para que no ocurra por as\u00ed ocurri\u00f3 con determinadas leyes nacionales o provincial en las que el texto de la norma dec\u00eda una cosa y en el reglamento de la misma otra totalmente opuesta.<\/p>\n<p>Todos los participantes del encuentro efectuado anoche coincidieron en expresar que lo m\u00e1s dif\u00edcil era encontrar el equilibrio justo en las determinaciones que se deban adoptar en aquellos casos que el bien a salvaguardar impidiendo modificaciones o directamente o la demolici\u00f3n se a la misma total o parcial son de dominio privado. La pregunta era de qu\u00e9 manera pod\u00eda el estado aplicar la Ordenanza votada y reglamentada en una situaci\u00f3n de tal \u00edndole sin llegar a producir alg\u00fan perjuicio directo a los intereses del propietario del lugar.<\/p>\n<p>Por otra parte los presentes en la reuni\u00f3n sostuvieron que si bien la responsabilidad de efectuar la Reglamentaci\u00f3n es del Ejecutivo \u201ces importante que tambi\u00e9n desde los principales sectores de la comunidad se puedan formular las apreciaciones necesarias para que de la misma manera en que el articulado del proyecto de ordenanza fue elaborado por todos si bien la iniciativa hab\u00eda salido desde la Comisi\u00f3n de Planeamiento y ello result\u00f3 importante, tambi\u00e9n se deber\u00eda repetir el mecanismo para con el texto de la reglamentaci\u00f3n peo sin dejar pasar tanto tiempo como ocurri\u00f3 con el Proyecto en s\u00ed\u201d<\/p>\n<p>Durante el transcurso de la reuni\u00f3n se comenz\u00f3 con el an\u00e1lisis de los primeros puntos del articulado de la norma legal aprobada con la idea de que para antes de fin de a\u00f1o se pueda en primer t\u00e9rmino concluir con el relevamiento de los posibles lugares a preservar acompa\u00f1ando a los ya aprobados y se podr\u00eda adem\u00e1s comenzar de manera espec\u00edfica con la declaraci\u00f3n de Edificio afectado al Patrimonio Hist\u00f3rico, Cultural y Natural del Partido de Mercedes para dejar constancia de que ya se hab\u00eda comenzado a aplicar pr\u00e1cticamente la ordenanza sancionada.<\/p>\n<p>La reuni\u00f3n de anoche concluy\u00f3 con el compromiso de los presentes de continuar con el tratamiento delos diferentes temas inherentes a la propuesta ya dada a conocer como as\u00ed tambi\u00e9n hacer el intento para que aquellos representantes de entidades que no pudieron concurrir a la reuni\u00f3n de anoche comiencen a hacerlo a partir de la pr\u00f3xima.<\/p>\n","protected":false},"excerpt":{"rendered":"<p>Integrantes del Cuerpo Deliberativo, el Departamento Ejecutivo y representes de entidades intermedias oficiales o privadas comenzaron anoche a analizar posible &#8230; <a title=\"Comenz\u00f3 el debate sobre la Reglamentaci\u00f3n de la Ordenanza sobre Patrimonio en Mercedes\" class=\"read-more\" href=\"https:\/\/www.hoymercedes.com.ar\/principal\/2011\/09\/16\/comenzo-el-debate-sobre-la-reglamentacion-de-la-ordenanza-sobre-patrimonio-en-mercedes\/\" aria-label=\"Leer m\u00e1s sobre Comenz\u00f3 el debate sobre la Reglamentaci\u00f3n de la Ordenanza sobre Patrimonio en Mercedes\">Leer m\u00e1s<\/a><\/p>\n","protected":false},"author":1,"featured_media":0,"comment_status":"open","ping_status":"open","sticky":false,"template":"","format":"standard","meta":{"_monsterinsights_skip_tracking":false,"_monsterinsights_sitenote_active":false,"_monsterinsights_sitenote_note":"","_monsterinsights_sitenote_category":0,"jetpack_post_was_ever_published":false,"_jetpack_newsletter_access":"","_jetpack_dont_email_post_to_subs":false,"_jetpack_newsletter_tier_id":0,"_jetpack_memberships_contains_paywalled_content":false,"_jetpack_memberships_contains_paid_content":false,"footnotes":"","jetpack_publicize_message":"","jetpack_publicize_feature_enabled":true,"jetpack_social_post_already_shared":false,"jetpack_social_options":{"image_generator_settings":{"template":"highway","default_image_id":0,"font":"","enabled":false},"version":2},"_wpas_customize_per_network":false},"categories":[5],"tags":[45],"class_list":["post-7333","post","type-post","status-publish","format-standard","hentry","category-politica","tag-concejo-deliberante-mercedes","generate-columns","tablet-grid-50","mobile-grid-100","grid-parent","grid-50"],"jetpack_publicize_connections":[],"jetpack_featured_media_url":"","wps_subtitle":"","jetpack_sharing_enabled":true,"_links":{"self":[{"href":"https:\/\/www.hoymercedes.com.ar\/principal\/wp-json\/wp\/v2\/posts\/7333","targetHints":{"allow":["GET"]}}],"collection":[{"href":"https:\/\/www.hoymercedes.com.ar\/principal\/wp-json\/wp\/v2\/posts"}],"about":[{"href":"https:\/\/www.hoymercedes.com.ar\/principal\/wp-json\/wp\/v2\/types\/post"}],"author":[{"embeddable":true,"href":"https:\/\/www.hoymercedes.com.ar\/principal\/wp-json\/wp\/v2\/users\/1"}],"replies":[{"embeddable":true,"href":"https:\/\/www.hoymercedes.com.ar\/principal\/wp-json\/wp\/v2\/comments?post=7333"}],"version-history":[{"count":0,"href":"https:\/\/www.hoymercedes.com.ar\/principal\/wp-json\/wp\/v2\/posts\/7333\/revisions"}],"wp:attachment":[{"href":"https:\/\/www.hoymercedes.com.ar\/principal\/wp-json\/wp\/v2\/media?parent=7333"}],"wp:term":[{"taxonomy":"category","embeddable":true,"href":"https:\/\/www.hoymercedes.com.ar\/principal\/wp-json\/wp\/v2\/categories?post=7333"},{"taxonomy":"post_tag","embeddable":true,"href":"https:\/\/www.hoymercedes.com.ar\/principal\/wp-json\/wp\/v2\/tags?post=7333"}],"curies":[{"name":"wp","href":"https:\/\/api.w.org\/{rel}","templated":true}]}}