{"id":73351,"date":"2018-03-11T09:36:14","date_gmt":"2018-03-11T12:36:14","guid":{"rendered":"http:\/\/www.hoymercedes.com.ar\/principal\/?p=73351"},"modified":"2018-03-11T10:38:28","modified_gmt":"2018-03-11T13:38:28","slug":"las-empresas-y-su-responsabilidad-ante-el-ambiente","status":"publish","type":"post","link":"https:\/\/www.hoymercedes.com.ar\/principal\/2018\/03\/11\/las-empresas-y-su-responsabilidad-ante-el-ambiente\/","title":{"rendered":"Las empresas y su responsabilidad ante el ambiente"},"content":{"rendered":"<p>Por Cristi\u00e1n Frers* &#8211;\u00a0 Una empresa es un sistema que interacciona con su entorno materializando una idea, de forma planificada, dando satisfacci\u00f3n a una demandas y deseos de clientes, a trav\u00e9s de una actividad econ\u00f3mica.<\/p>\n<p>Se entiende por ambiente al entorno que afecta y condiciona las circunstancias de vida de las personas o la sociedad en su vida. Comprende el conjunto de valores naturales, sociales y culturales existentes en un lugar y un momento determinado, que influyen en la vida del ser humano y en las generaciones venideras. No se trata solo del espacio en que se desarrolla la vida sino que tambi\u00e9n abarca seres vivos, objetos, agua, suelo, aire y las relaciones entre ellos, asi como elementos tan intangibles como la cultura.<\/p>\n<p>El ambiente provee de insumos a la econom\u00eda y es imprescindible para garantizar la producci\u00f3n sostenible de bienes y servicios en el tiempo; de all\u00ed la importancia de la protecci\u00f3n y el cuidado del mismo. Las decisiones de las generaciones actuales en la forma de producci\u00f3n, consumo y cuidado del ambiente influir\u00e1n directamente en las posibilidades de producci\u00f3n y consumo de las generaciones futuras. El ambiente natural es un recurso limitado, pero a la vez, es la base de todo el sistema econ\u00f3mico, por lo tanto, en su uso y en los da\u00f1os que se le ocasionen, o en los esfuerzos por conservarlo. El deterioro ambiental nos es consecuencia de un accidente ni de un error de c\u00e1lculo, es consecuencia de decisiones tomadas sin considerar sus implicancias futuras.<\/p>\n<p>Todos somos conscientes de que para crear un modelo de sociedad sostenible, hay que incluir en ella a las empresas como agentes con capacidad para dar respuesta a las necesidades de la humanidad.<\/p>\n<p>Hasta no hace mucho tiempo\u00a0empresa\u00a0y\u00a0medio ambiente\u00a0eran dos elementos enfrentados. El poder de las empresas es cada vez es mayor debido a factores como la globalizaci\u00f3n, la flexibilidad de los mercados o la externalizaci\u00f3n de la producci\u00f3n. Las leyes estatales de cada pa\u00eds resultan cada vez m\u00e1s insuficientes y se quedan cortos a la hora de obligar a las grandes compa\u00f1\u00edas a reducir el impacto medioambiental.<\/p>\n<p>La empresa (industria, construcci\u00f3n, agricultura\u2026) se ve\u00eda como fuente de contaminaci\u00f3n y de destrucci\u00f3n ambiental, y, por su parte, se pensaba o se piensa que la preocupaci\u00f3n ambiental era o es un freno al desarrollo empresarial y a la creaci\u00f3n de empleo. Esta perspectiva ha empezado a cambiar desde la introducci\u00f3n del concepto de desarrollo sustentable y ante la necesidad de superar una concepci\u00f3n productivita de los modelos de desarrollo que conduc\u00eda irremediablemente a una crisis ambiental a escala local, regional y planetaria.<\/p>\n<p>Lo que se conoce como\u00a0responsabilidad social ambiental\u00a0no es otra cosa que una serie de acciones y esfuerzos que llevan a cabo las empresas tanto publicas como para compatibilizar sus actividades comerciales y corporativas con la\u00a0preservaci\u00f3n del medioambiente\u00a0y de los entornos en los que operan.<\/p>\n<p>La sostenibilidad, el respeto y cuidado de los recursos naturales\u00a0no solo est\u00e1 adscrito a los h\u00e1bitos de consumo de la sociedad. Ha de ser materia troncal de las empresas. La\u00a0gesti\u00f3n de los residuos, el consumo de energ\u00eda y materiales y la igualdad es una cuesti\u00f3n imprescindible y primordial para que el planeta sea un lugar sostenible medioambientalmente y respetuoso. Esa tarea no solo le concierne a las\u00a0grandes empresas, privadas o p\u00fablicas, sino que las\u00a0peque\u00f1as y locales\u00a0tambi\u00e9n tienen mucho que aportar.<\/p>\n<p>Por eso, resulta fundamental concienciar a quienes nos rodean de la\u00a0importancia de los peque\u00f1os gestos y acciones cotidianas, los cuales, pese a que en apariencia pasan desapercibidos, a largo plazo adquieren un papel importante.<\/p>\n<p>Los consumidores juegan un papel muy grande en la promoci\u00f3n de una verdadera responsabilidad ambiental de las empresas, porque tienen el derecho a conocer sus pr\u00e1cticas ambientales y a difundir esta informaci\u00f3n entre el resto de la poblaci\u00f3n. Adem\u00e1s, tienen derecho a elegir productos y servicios que respeten el medio ambiente y a rechazar aquellos que no lo hacen; de esta manera, ejercen su responsabilidad como consumidores.<\/p>\n<p>&nbsp;<\/p>\n<p>*Cristi\u00e1n Frers \u2013 T\u00e9cnico Superior en Gesti\u00f3n Ambiental y T\u00e9cnico Superior en Comunicaci\u00f3n Social (Periodista).<\/p>\n","protected":false},"excerpt":{"rendered":"<p>Por Cristi\u00e1n Frers* &#8211;\u00a0 Una empresa es un sistema que interacciona con su entorno materializando una idea, de forma planificada, &#8230; <a title=\"Las empresas y su responsabilidad ante el ambiente\" class=\"read-more\" href=\"https:\/\/www.hoymercedes.com.ar\/principal\/2018\/03\/11\/las-empresas-y-su-responsabilidad-ante-el-ambiente\/\" aria-label=\"Leer m\u00e1s sobre Las empresas y su responsabilidad ante el ambiente\">Leer m\u00e1s<\/a><\/p>\n","protected":false},"author":1,"featured_media":73352,"comment_status":"closed","ping_status":"open","sticky":false,"template":"","format":"standard","meta":{"_monsterinsights_skip_tracking":false,"_monsterinsights_sitenote_active":false,"_monsterinsights_sitenote_note":"","_monsterinsights_sitenote_category":0,"jetpack_post_was_ever_published":false,"_jetpack_newsletter_access":"","_jetpack_dont_email_post_to_subs":false,"_jetpack_newsletter_tier_id":0,"_jetpack_memberships_contains_paywalled_content":false,"_jetpack_memberships_contains_paid_content":false,"footnotes":"","jetpack_publicize_message":"","jetpack_publicize_feature_enabled":true,"jetpack_social_post_already_shared":true,"jetpack_social_options":{"image_generator_settings":{"template":"highway","default_image_id":0,"font":"","enabled":false},"version":2},"_wpas_customize_per_network":false},"categories":[1],"tags":[9840,1402,43,8748],"class_list":["post-73351","post","type-post","status-publish","format-standard","has-post-thumbnail","hentry","category-opinion","tag-empresas","tag-industria","tag-medio-ambiente","tag-opinion","generate-columns","tablet-grid-50","mobile-grid-100","grid-parent","grid-50"],"jetpack_publicize_connections":[],"jetpack_featured_media_url":"https:\/\/www.hoymercedes.com.ar\/principal\/wp-content\/uploads\/2018\/03\/11-responsabilidad_social_empresarial-e1520775451899.png","wps_subtitle":"Opini\u00f3n","jetpack_sharing_enabled":true,"_links":{"self":[{"href":"https:\/\/www.hoymercedes.com.ar\/principal\/wp-json\/wp\/v2\/posts\/73351","targetHints":{"allow":["GET"]}}],"collection":[{"href":"https:\/\/www.hoymercedes.com.ar\/principal\/wp-json\/wp\/v2\/posts"}],"about":[{"href":"https:\/\/www.hoymercedes.com.ar\/principal\/wp-json\/wp\/v2\/types\/post"}],"author":[{"embeddable":true,"href":"https:\/\/www.hoymercedes.com.ar\/principal\/wp-json\/wp\/v2\/users\/1"}],"replies":[{"embeddable":true,"href":"https:\/\/www.hoymercedes.com.ar\/principal\/wp-json\/wp\/v2\/comments?post=73351"}],"version-history":[{"count":0,"href":"https:\/\/www.hoymercedes.com.ar\/principal\/wp-json\/wp\/v2\/posts\/73351\/revisions"}],"wp:featuredmedia":[{"embeddable":true,"href":"https:\/\/www.hoymercedes.com.ar\/principal\/wp-json\/wp\/v2\/media\/73352"}],"wp:attachment":[{"href":"https:\/\/www.hoymercedes.com.ar\/principal\/wp-json\/wp\/v2\/media?parent=73351"}],"wp:term":[{"taxonomy":"category","embeddable":true,"href":"https:\/\/www.hoymercedes.com.ar\/principal\/wp-json\/wp\/v2\/categories?post=73351"},{"taxonomy":"post_tag","embeddable":true,"href":"https:\/\/www.hoymercedes.com.ar\/principal\/wp-json\/wp\/v2\/tags?post=73351"}],"curies":[{"name":"wp","href":"https:\/\/api.w.org\/{rel}","templated":true}]}}