{"id":73364,"date":"2018-03-11T16:04:52","date_gmt":"2018-03-11T19:04:52","guid":{"rendered":"http:\/\/www.hoymercedes.com.ar\/principal\/?p=73364"},"modified":"2018-03-11T16:04:52","modified_gmt":"2018-03-11T19:04:52","slug":"caso-andres-milesi-allanan-municipalidad-de-villa-paranacito","status":"publish","type":"post","link":"https:\/\/www.hoymercedes.com.ar\/principal\/2018\/03\/11\/caso-andres-milesi-allanan-municipalidad-de-villa-paranacito\/","title":{"rendered":"Caso Andr\u00e9s Milesi: Allanan Municipalidad de Villa Paranacito"},"content":{"rendered":"<p>D\u00edas atr\u00e1s, en la localidad entrerriana Villa Paranacito, la justicia provincial allan\u00f3 la Municipalidad por no presentar la habilitaci\u00f3n de la hoster\u00eda donde falleci\u00f3 el mercedino Andr\u00e9s Milesi . El pasado 25 de enero, Andr\u00e9s de 35 a\u00f1os, falleci\u00f3 luego de haber recibido una descarga el\u00e9ctrica en el muelle de la hoster\u00eda que est\u00e1 siendo investigada.<\/p>\n<p>A un mes del tr\u00e1gico hecho, la Fiscal\u00eda de Entre R\u00edos que investiga el caso, libr\u00f3 un oficio a la Municipalidad de Villa Paranacito con el objetivo de saber si la Hoster\u00eda Rose Marie, predio tur\u00edstico donde ocurri\u00f3 el hecho, se encontraba habilitada. Pero nunca fue respondido por las actuales autoridades, ni habr\u00eda demostrado intenci\u00f3n de colaborar con la Justicia entrerriana.<\/p>\n<p>El viernes 2 de marzo, a las 12:30, la fiscal Martina Cedr\u00e9s hizo un allanamiento en la Municipalidad de Villa Paranacito con el objetivo de dar con el expediente que le permita saber si ese camping estaba o no habilitado. La conclusi\u00f3n fue obvia: no ten\u00eda habilitaci\u00f3n, pese a que desde la propia Municipalidad se acompa\u00f1aba con la promoci\u00f3n y publicidad de ese emprendimiento.\u00a0Es por esto que las autoridades municipales pueden quedar encuadradas en una actitud temeraria ya que se trata de una conducta muy imprudente y que acarrea riesgos para s\u00ed y para terceros.<\/p>\n<figure id=\"attachment_73366\" aria-describedby=\"caption-attachment-73366\" style=\"width: 620px\" class=\"wp-caption aligncenter\"><img loading=\"lazy\" decoding=\"async\" data-attachment-id=\"73366\" data-permalink=\"https:\/\/www.hoymercedes.com.ar\/principal\/2018\/03\/11\/caso-andres-milesi-allanan-municipalidad-de-villa-paranacito\/11-allanamiento-11-03-18\/#main\" data-orig-file=\"https:\/\/www.hoymercedes.com.ar\/principal\/wp-content\/uploads\/2018\/03\/11-ALLANAMIENTO-11-03-18.jpg\" data-orig-size=\"725,559\" data-comments-opened=\"0\" data-image-meta=\"{&quot;aperture&quot;:&quot;0&quot;,&quot;credit&quot;:&quot;&quot;,&quot;camera&quot;:&quot;&quot;,&quot;caption&quot;:&quot;&quot;,&quot;created_timestamp&quot;:&quot;0&quot;,&quot;copyright&quot;:&quot;&quot;,&quot;focal_length&quot;:&quot;0&quot;,&quot;iso&quot;:&quot;0&quot;,&quot;shutter_speed&quot;:&quot;0&quot;,&quot;title&quot;:&quot;&quot;,&quot;orientation&quot;:&quot;1&quot;}\" data-image-title=\"11 ALLANAMIENTO 11-03-18\" data-image-description=\"\" data-image-caption=\"&lt;p&gt;La hoster\u00eda donde ocurri\u00f3 el hecho est\u00e1 siendo investigada. Foto: Diario El Argentino Gualeguaych\u00fa&lt;\/p&gt;\n\" data-large-file=\"https:\/\/www.hoymercedes.com.ar\/principal\/wp-content\/uploads\/2018\/03\/11-ALLANAMIENTO-11-03-18.jpg\" class=\"size-medium wp-image-73366\" src=\"https:\/\/www.hoymercedes.com.ar\/principal\/wp-content\/uploads\/2018\/03\/11-ALLANAMIENTO-11-03-18-630x486.jpg\" alt=\"\" width=\"630\" height=\"486\" srcset=\"https:\/\/www.hoymercedes.com.ar\/principal\/wp-content\/uploads\/2018\/03\/11-ALLANAMIENTO-11-03-18-630x486.jpg 630w, https:\/\/www.hoymercedes.com.ar\/principal\/wp-content\/uploads\/2018\/03\/11-ALLANAMIENTO-11-03-18-150x116.jpg 150w, https:\/\/www.hoymercedes.com.ar\/principal\/wp-content\/uploads\/2018\/03\/11-ALLANAMIENTO-11-03-18.jpg 725w\" sizes=\"auto, (max-width: 630px) 100vw, 630px\" \/><figcaption id=\"caption-attachment-73366\" class=\"wp-caption-text\">La hoster\u00eda donde ocurri\u00f3 el hecho est\u00e1 siendo investigada. Foto: Diario El Argentino Gualeguaych\u00fa<\/figcaption><\/figure>\n<p>Cabe recordar que el 25 de enero en la Hoster\u00eda Rose Marie de Villa Paranacito, cuyo propietario es Carlos Navarro,\u00a0el mercedino Andr\u00e9s Milesi, de 35 a\u00f1os, sufri\u00f3 una descarga el\u00e9ctrica al tomarse del pasamano del muelle del lugar y falleci\u00f3 pr\u00e1cticamente en el acto.<\/p>\n<p>Andr\u00e9s viv\u00eda en Villa Gesell. Junto a sus amigos mercedinos hab\u00edan ido a una breves vacaciones de pesca al lugar.\u00a0Uno de los amigos de Milesi intent\u00f3 socorrerlo, pero tambi\u00e9n recibi\u00f3 una descarga el\u00e9ctrica, y se vieron obligados a tomar un palo para poder quitar el cuerpo del lugar en que se encontraba.<\/p>\n<p>Este grave hecho es investigado por la fiscal Martina Cedr\u00e9s, quien lleva adelante la Investigaci\u00f3n Penal Preparatoria, en un legajo que en principio se abri\u00f3 por el posible delito de homicidio culposo, de acuerdo a la imputaci\u00f3n que se le formul\u00f3 a su propietario Carlos Navarro el 5 de marzo pasado; aunque no se descarta que tambi\u00e9n sea agravado por la imprudencia e incluso la actitud temeraria, de acuerdo al C\u00f3digo Penal.<\/p>\n<p>El informe forense fue inequ\u00edvoco: la muerte se produjo por electrocuci\u00f3n y adem\u00e1s se pudo constatar que esa especie de pasamano recib\u00eda de manera directa 233 voltios a ra\u00edz de una defectuosa instalaci\u00f3n el\u00e9ctrica.<\/p>\n<p>&nbsp;<\/p>\n<p>Fuente: Diario El Argentino (Gualeguaych\u00fa, Entre R\u00edos)<\/p>\n<p>Colaboraci\u00f3n: Patricia Perdomo (Periodista radial de Villa Paranacito)<\/p>\n<p>&nbsp;<\/p>\n","protected":false},"excerpt":{"rendered":"<p>D\u00edas atr\u00e1s, en la localidad entrerriana Villa Paranacito, la justicia provincial allan\u00f3 la Municipalidad por no presentar la habilitaci\u00f3n de &#8230; <a title=\"Caso Andr\u00e9s Milesi: Allanan Municipalidad de Villa Paranacito\" class=\"read-more\" href=\"https:\/\/www.hoymercedes.com.ar\/principal\/2018\/03\/11\/caso-andres-milesi-allanan-municipalidad-de-villa-paranacito\/\" aria-label=\"Leer m\u00e1s sobre Caso Andr\u00e9s Milesi: Allanan Municipalidad de Villa Paranacito\">Leer m\u00e1s<\/a><\/p>\n","protected":false},"author":1,"featured_media":73365,"comment_status":"closed","ping_status":"open","sticky":false,"template":"","format":"standard","meta":{"_monsterinsights_skip_tracking":false,"_monsterinsights_sitenote_active":false,"_monsterinsights_sitenote_note":"","_monsterinsights_sitenote_category":0,"jetpack_post_was_ever_published":false,"_jetpack_newsletter_access":"","_jetpack_dont_email_post_to_subs":false,"_jetpack_newsletter_tier_id":0,"_jetpack_memberships_contains_paywalled_content":false,"_jetpack_memberships_contains_paid_content":false,"footnotes":"","jetpack_publicize_message":"","jetpack_publicize_feature_enabled":true,"jetpack_social_post_already_shared":true,"jetpack_social_options":{"image_generator_settings":{"template":"highway","default_image_id":0,"font":"","enabled":false},"version":2},"_wpas_customize_per_network":false},"categories":[85],"tags":[12758,12757,3457,12756],"class_list":["post-73364","post","type-post","status-publish","format-standard","has-post-thumbnail","hentry","category-policial","tag-descarga-electrica","tag-mercedino-fallecido","tag-policiales","tag-villa-paranacito","generate-columns","tablet-grid-50","mobile-grid-100","grid-parent","grid-50"],"jetpack_publicize_connections":[],"jetpack_featured_media_url":"https:\/\/www.hoymercedes.com.ar\/principal\/wp-content\/uploads\/2018\/03\/11-Andres-Milesi.jpg","wps_subtitle":"La hoster\u00eda no tendr\u00eda habilitaci\u00f3n","jetpack_sharing_enabled":true,"_links":{"self":[{"href":"https:\/\/www.hoymercedes.com.ar\/principal\/wp-json\/wp\/v2\/posts\/73364","targetHints":{"allow":["GET"]}}],"collection":[{"href":"https:\/\/www.hoymercedes.com.ar\/principal\/wp-json\/wp\/v2\/posts"}],"about":[{"href":"https:\/\/www.hoymercedes.com.ar\/principal\/wp-json\/wp\/v2\/types\/post"}],"author":[{"embeddable":true,"href":"https:\/\/www.hoymercedes.com.ar\/principal\/wp-json\/wp\/v2\/users\/1"}],"replies":[{"embeddable":true,"href":"https:\/\/www.hoymercedes.com.ar\/principal\/wp-json\/wp\/v2\/comments?post=73364"}],"version-history":[{"count":0,"href":"https:\/\/www.hoymercedes.com.ar\/principal\/wp-json\/wp\/v2\/posts\/73364\/revisions"}],"wp:featuredmedia":[{"embeddable":true,"href":"https:\/\/www.hoymercedes.com.ar\/principal\/wp-json\/wp\/v2\/media\/73365"}],"wp:attachment":[{"href":"https:\/\/www.hoymercedes.com.ar\/principal\/wp-json\/wp\/v2\/media?parent=73364"}],"wp:term":[{"taxonomy":"category","embeddable":true,"href":"https:\/\/www.hoymercedes.com.ar\/principal\/wp-json\/wp\/v2\/categories?post=73364"},{"taxonomy":"post_tag","embeddable":true,"href":"https:\/\/www.hoymercedes.com.ar\/principal\/wp-json\/wp\/v2\/tags?post=73364"}],"curies":[{"name":"wp","href":"https:\/\/api.w.org\/{rel}","templated":true}]}}