{"id":73380,"date":"2018-03-12T09:18:20","date_gmt":"2018-03-12T12:18:20","guid":{"rendered":"http:\/\/www.hoymercedes.com.ar\/principal\/?p=73380"},"modified":"2018-03-12T09:18:20","modified_gmt":"2018-03-12T12:18:20","slug":"iniciaron-las-clases-en-el-nivel-secundario","status":"publish","type":"post","link":"https:\/\/www.hoymercedes.com.ar\/principal\/2018\/03\/12\/iniciaron-las-clases-en-el-nivel-secundario\/","title":{"rendered":"Iniciaron las clases en el nivel secundario"},"content":{"rendered":"<p>En el nivel secundario de las instituciones educativas de la provincia empezaron las clases este lunes 12 de marzo. Desde el Municipio estuvieron presentes en el acto oficial de inicio de clases de la Escuela Secundaria N\u00b0 10 en el barrio Obrero.<\/p>\n<p><img loading=\"lazy\" decoding=\"async\" data-attachment-id=\"73381\" data-permalink=\"https:\/\/www.hoymercedes.com.ar\/principal\/2018\/03\/12\/iniciaron-las-clases-en-el-nivel-secundario\/12-muni-clases\/#main\" data-orig-file=\"https:\/\/www.hoymercedes.com.ar\/principal\/wp-content\/uploads\/2018\/03\/12-muni-clases-e1520856371863.jpg\" data-orig-size=\"750,422\" data-comments-opened=\"0\" data-image-meta=\"{&quot;aperture&quot;:&quot;0&quot;,&quot;credit&quot;:&quot;&quot;,&quot;camera&quot;:&quot;&quot;,&quot;caption&quot;:&quot;&quot;,&quot;created_timestamp&quot;:&quot;0&quot;,&quot;copyright&quot;:&quot;&quot;,&quot;focal_length&quot;:&quot;0&quot;,&quot;iso&quot;:&quot;0&quot;,&quot;shutter_speed&quot;:&quot;0&quot;,&quot;title&quot;:&quot;&quot;,&quot;orientation&quot;:&quot;0&quot;}\" data-image-title=\"12 muni clases\" data-image-description=\"\" data-image-caption=\"\" data-large-file=\"https:\/\/www.hoymercedes.com.ar\/principal\/wp-content\/uploads\/2018\/03\/12-muni-clases-1024x576.jpg\" class=\"aligncenter size-medium wp-image-73381\" src=\"https:\/\/www.hoymercedes.com.ar\/principal\/wp-content\/uploads\/2018\/03\/12-muni-clases-630x354.jpg\" alt=\"\" width=\"630\" height=\"354\" \/><\/p>\n<p>El Intendente Juan Ignacio Ustarroz particip\u00f3 del inici\u00f3 de clases en la E.E.S. N\u00b010 \u00abRicardo Luna\u00bb junto a la directora Rosana Cardoso, la Coordinadora de Educaci\u00f3n Municipal Pamela Herrera, el Consejero Escolar Jos\u00e9 Luis Pisano y la Inspectora del nivel medio, Teresita Mansilla.<\/p>\n<p>En tanto, en las primeras horas de la ma\u00f1ana se escucharon bombas de estruendo y pirotecnia en las adyacencias de las instituciones educativas motivados por \u00abel \u00faltimo primer d\u00eda de clases\u00bb para los alumnos que en este 2018 cursar\u00e1n el sexto a\u00f1o del nivel secundario. Muchos vecinos fueron los que expresaron sus cr\u00edticas en las radios locales.<\/p>\n","protected":false},"excerpt":{"rendered":"<p>En el nivel secundario de las instituciones educativas de la provincia empezaron las clases este lunes 12 de marzo. Desde &#8230; <a title=\"Iniciaron las clases en el nivel secundario\" class=\"read-more\" href=\"https:\/\/www.hoymercedes.com.ar\/principal\/2018\/03\/12\/iniciaron-las-clases-en-el-nivel-secundario\/\" aria-label=\"Leer m\u00e1s sobre Iniciaron las clases en el nivel secundario\">Leer m\u00e1s<\/a><\/p>\n","protected":false},"author":1,"featured_media":73381,"comment_status":"closed","ping_status":"open","sticky":false,"template":"","format":"standard","meta":{"_monsterinsights_skip_tracking":false,"_monsterinsights_sitenote_active":false,"_monsterinsights_sitenote_note":"","_monsterinsights_sitenote_category":0,"jetpack_post_was_ever_published":false,"_jetpack_newsletter_access":"","_jetpack_dont_email_post_to_subs":false,"_jetpack_newsletter_tier_id":0,"_jetpack_memberships_contains_paywalled_content":false,"_jetpack_memberships_contains_paid_content":false,"footnotes":"","jetpack_publicize_message":"","jetpack_publicize_feature_enabled":true,"jetpack_social_post_already_shared":true,"jetpack_social_options":{"image_generator_settings":{"template":"highway","default_image_id":0,"font":"","enabled":false},"version":2},"_wpas_customize_per_network":false},"categories":[23],"tags":[47,10,244,12760],"class_list":["post-73380","post","type-post","status-publish","format-standard","has-post-thumbnail","hentry","category-educacion","tag-educacion-2","tag-mercedes","tag-municipio-2","tag-secundario-n-10","generate-columns","tablet-grid-50","mobile-grid-100","grid-parent","grid-50"],"jetpack_publicize_connections":[],"jetpack_featured_media_url":"https:\/\/www.hoymercedes.com.ar\/principal\/wp-content\/uploads\/2018\/03\/12-muni-clases-e1520856371863.jpg","wps_subtitle":"Acto protocolar","jetpack_sharing_enabled":true,"_links":{"self":[{"href":"https:\/\/www.hoymercedes.com.ar\/principal\/wp-json\/wp\/v2\/posts\/73380","targetHints":{"allow":["GET"]}}],"collection":[{"href":"https:\/\/www.hoymercedes.com.ar\/principal\/wp-json\/wp\/v2\/posts"}],"about":[{"href":"https:\/\/www.hoymercedes.com.ar\/principal\/wp-json\/wp\/v2\/types\/post"}],"author":[{"embeddable":true,"href":"https:\/\/www.hoymercedes.com.ar\/principal\/wp-json\/wp\/v2\/users\/1"}],"replies":[{"embeddable":true,"href":"https:\/\/www.hoymercedes.com.ar\/principal\/wp-json\/wp\/v2\/comments?post=73380"}],"version-history":[{"count":0,"href":"https:\/\/www.hoymercedes.com.ar\/principal\/wp-json\/wp\/v2\/posts\/73380\/revisions"}],"wp:featuredmedia":[{"embeddable":true,"href":"https:\/\/www.hoymercedes.com.ar\/principal\/wp-json\/wp\/v2\/media\/73381"}],"wp:attachment":[{"href":"https:\/\/www.hoymercedes.com.ar\/principal\/wp-json\/wp\/v2\/media?parent=73380"}],"wp:term":[{"taxonomy":"category","embeddable":true,"href":"https:\/\/www.hoymercedes.com.ar\/principal\/wp-json\/wp\/v2\/categories?post=73380"},{"taxonomy":"post_tag","embeddable":true,"href":"https:\/\/www.hoymercedes.com.ar\/principal\/wp-json\/wp\/v2\/tags?post=73380"}],"curies":[{"name":"wp","href":"https:\/\/api.w.org\/{rel}","templated":true}]}}