{"id":73403,"date":"2018-03-12T19:01:31","date_gmt":"2018-03-12T22:01:31","guid":{"rendered":"http:\/\/www.hoymercedes.com.ar\/principal\/?p=73403"},"modified":"2018-03-12T19:59:49","modified_gmt":"2018-03-12T22:59:49","slug":"barrio-san-martin-y-defensores-sacaron-la-primera-ventaja-en-octavos","status":"publish","type":"post","link":"https:\/\/www.hoymercedes.com.ar\/principal\/2018\/03\/12\/barrio-san-martin-y-defensores-sacaron-la-primera-ventaja-en-octavos\/","title":{"rendered":"Barrio San Mart\u00edn y Defensores sacaron la primera ventaja en octavos"},"content":{"rendered":"<p>En cancha de la Liga Mercedina se jugaron los dos partidos de ida de los octavos de final del torneo Federaci\u00f3n Norte. El primer encuentro fue el s\u00e1bado, con la victoria de AMEFIP &#8211; Barrio San Mart\u00edn por 1 a 0 ante V\u00e9lez (quedando el historial del a\u00f1o ahora en 1 victoria para cada uno y un empate), y el domingo, Defensores derrot\u00f3 a Social Obrero de Z\u00e1rate por 3 a 1, con una gran producci\u00f3n en el primer tiempo.<\/p>\n<p>Este viernes se jugar\u00e1 la vuelta entre V\u00e9lez y AMEFIP a partir de las 20.30 y el s\u00e1bado, desde las 15, Defensores ser\u00e1 visitante de Social Obrero.<\/p>\n<p><img loading=\"lazy\" decoding=\"async\" data-attachment-id=\"73404\" data-permalink=\"https:\/\/www.hoymercedes.com.ar\/principal\/2018\/03\/12\/barrio-san-martin-y-defensores-sacaron-la-primera-ventaja-en-octavos\/defensores-federacion-norte\/#main\" data-orig-file=\"https:\/\/www.hoymercedes.com.ar\/principal\/wp-content\/uploads\/2018\/03\/Defensores-Federacion-Norte.jpg\" data-orig-size=\"552,414\" data-comments-opened=\"0\" data-image-meta=\"{&quot;aperture&quot;:&quot;0&quot;,&quot;credit&quot;:&quot;&quot;,&quot;camera&quot;:&quot;&quot;,&quot;caption&quot;:&quot;&quot;,&quot;created_timestamp&quot;:&quot;0&quot;,&quot;copyright&quot;:&quot;&quot;,&quot;focal_length&quot;:&quot;0&quot;,&quot;iso&quot;:&quot;0&quot;,&quot;shutter_speed&quot;:&quot;0&quot;,&quot;title&quot;:&quot;&quot;,&quot;orientation&quot;:&quot;0&quot;}\" data-image-title=\"Defensores Federacion Norte\" data-image-description=\"\" data-image-caption=\"\" data-large-file=\"https:\/\/www.hoymercedes.com.ar\/principal\/wp-content\/uploads\/2018\/03\/Defensores-Federacion-Norte.jpg\" class=\"aligncenter size-full wp-image-73404\" src=\"https:\/\/www.hoymercedes.com.ar\/principal\/wp-content\/uploads\/2018\/03\/Defensores-Federacion-Norte.jpg\" alt=\"\" width=\"552\" height=\"414\" srcset=\"https:\/\/www.hoymercedes.com.ar\/principal\/wp-content\/uploads\/2018\/03\/Defensores-Federacion-Norte.jpg 552w, https:\/\/www.hoymercedes.com.ar\/principal\/wp-content\/uploads\/2018\/03\/Defensores-Federacion-Norte-150x113.jpg 150w\" sizes=\"auto, (max-width: 552px) 100vw, 552px\" \/><\/p>\n<p>&nbsp;<\/p>\n<p><strong>AMEFIP \u2013 San Mart\u00edn 1:<\/strong>\u00a0Tom\u00e1s Borrasca, Alexis Longobuco, Mart\u00edn Ag\u00fcero, Juan Rementer\u00eda, Cristian Santana, Jonathan Torres, Sergio Bartolomeo, Juan Quiroga, Marcos Camargo, Germ\u00e1n Lucero y Mauro Sigona.\u00a0<strong>DT:<\/strong>\u00a0Marcelo Rementer\u00eda.\u00a0<strong>Suplentes:<\/strong>\u00a0Mat\u00edas L\u00f3pez, Nicol\u00e1s Montenegro.<br \/>\n<strong>V\u00e9lez Sarsfield 0:<\/strong>\u00a0Daniel Buzzi, Jorge Lizarraga, Miguel Maldonado, Lucas Alfonso, Mart\u00edn Dom\u00e9, Franco L\u00f3pez, Juan Ram\u00edrez, Lautaro Torre, Facundo Ballesteros, Esteban Rodr\u00edguez, Maximiliano Lettieri.\u00a0<strong>DT:<\/strong>\u00a0Pinilla \u2013 Ballesteros.\u00a0<strong>Suplentes:<\/strong>\u00a0Kevin L\u00e9rtora, Alvaro D\u00edaz, Agust\u00edn Alfonso.<br \/>\n<strong>Gol en el PT:<\/strong>\u00a0A los 39\u2019 Camargo para AMEFIP San Mart\u00edn.<br \/>\n<strong>Cambios:<\/strong>\u00a0Franco Piemonte, Ra\u00fal Quintana y Axel Reyne por Santana, Quiroga y Lucero en AMEFIP San Mart\u00edn. Lucas Ver\u00f3n, Federico Amaya y Dante D\u00edaz por Ram\u00edrez, Torre y Lettieri en V\u00e9lez.<br \/>\n<strong>Incidencias:<\/strong>\u00a0ST 33\u2019 Expulsado Alfonso para V\u00e9lez.<br \/>\n<strong>Arbitro:<\/strong>\u00a0Oscar Arag\u00f3n (Liga de Jun\u00edn).<\/p>\n<p>&nbsp;<\/p>\n<p><strong>Defensores 3:<\/strong>\u00a0Sebasti\u00e1n Ram\u00edrez, Mauro Pintos, Lucas Rovito, Juan Videtta, Fernando Cantero, Juli\u00e1n Olveira, Braian Barrios, Braian Nogueira, Mat\u00edas Acu\u00f1a, Luis Romero y Gabriel Ferraro.\u00a0<strong>DT:<\/strong>\u00a0Maximiliano Scorini.\u00a0<strong>Suplentes:<\/strong>\u00a0David Brisoliz, Ariel Martini, Maximiliano Fabrizio, Claudio Aguirre.<br \/>\n<strong>Social Obrero (Z\u00e1rate) 1:<\/strong>\u00a0Alejandro Medina, Sebasti\u00e1n Mi\u00f1o, Miguel Cardozo, Sergio L\u00f3pez, Mauro Fern\u00e1ndez, Carlos Castillo, Mat\u00edas Ascaso, Cristian Feria, Daniel Canale, Diego S\u00e1nchez, Franco Garc\u00eda.\u00a0<strong>DT:<\/strong>\u00a0V\u00edctor Malchodi.\u00a0<strong>Suplentes:<\/strong>Franco Garc\u00eda, Julio Pecchini, Maximiliano Montero, Luis Laballena.<br \/>\n<strong>Goles en el PT:<\/strong>\u00a0A los\u00a0 9\u2019 y 22\u2019 Acu\u00f1a y a los 19\u2019 Ferrero para Defensores.<br \/>\n<strong>Gol en el ST:<\/strong>\u00a0A los\u00a0 45\u2019 Garc\u00eda para Social Obrero.<br \/>\n<strong>Cambios:<\/strong>\u00a0Diego N\u00fa\u00f1ez, Ariel Verajao y Ram\u00f3n Alcaraz por Romero, Pintos y Barrios en Defensores. David Vargas y Jos\u00e9 Arrieta por Ascaso y Castillo \u00a0en Social Obrero.<br \/>\n<strong>Arbitro:\u00a0<\/strong>Luciano Cardozo (Liga de Escobar).<\/p>\n","protected":false},"excerpt":{"rendered":"<p>En cancha de la Liga Mercedina se jugaron los dos partidos de ida de los octavos de final del torneo &#8230; <a title=\"Barrio San Mart\u00edn y Defensores sacaron la primera ventaja en octavos\" class=\"read-more\" href=\"https:\/\/www.hoymercedes.com.ar\/principal\/2018\/03\/12\/barrio-san-martin-y-defensores-sacaron-la-primera-ventaja-en-octavos\/\" aria-label=\"Leer m\u00e1s sobre Barrio San Mart\u00edn y Defensores sacaron la primera ventaja en octavos\">Leer m\u00e1s<\/a><\/p>\n","protected":false},"author":1,"featured_media":73404,"comment_status":"closed","ping_status":"open","sticky":false,"template":"","format":"standard","meta":{"_monsterinsights_skip_tracking":false,"_monsterinsights_sitenote_active":false,"_monsterinsights_sitenote_note":"","_monsterinsights_sitenote_category":0,"jetpack_post_was_ever_published":false,"_jetpack_newsletter_access":"","_jetpack_dont_email_post_to_subs":false,"_jetpack_newsletter_tier_id":0,"_jetpack_memberships_contains_paywalled_content":false,"_jetpack_memberships_contains_paid_content":false,"footnotes":"","jetpack_publicize_message":"","jetpack_publicize_feature_enabled":true,"jetpack_social_post_already_shared":true,"jetpack_social_options":{"image_generator_settings":{"template":"highway","default_image_id":0,"font":"","enabled":false},"version":2},"_wpas_customize_per_network":false},"categories":[21],"tags":[1041,10892,204,8426,1003],"class_list":["post-73403","post","type-post","status-publish","format-standard","has-post-thumbnail","hentry","category-deportes","tag-barrio-san-martin","tag-defensores","tag-deportes-2","tag-federacion-norte","tag-futbol","generate-columns","tablet-grid-50","mobile-grid-100","grid-parent","grid-50"],"jetpack_publicize_connections":[],"jetpack_featured_media_url":"https:\/\/www.hoymercedes.com.ar\/principal\/wp-content\/uploads\/2018\/03\/Defensores-Federacion-Norte.jpg","wps_subtitle":"Federaci\u00f3n Norte","jetpack_sharing_enabled":true,"_links":{"self":[{"href":"https:\/\/www.hoymercedes.com.ar\/principal\/wp-json\/wp\/v2\/posts\/73403","targetHints":{"allow":["GET"]}}],"collection":[{"href":"https:\/\/www.hoymercedes.com.ar\/principal\/wp-json\/wp\/v2\/posts"}],"about":[{"href":"https:\/\/www.hoymercedes.com.ar\/principal\/wp-json\/wp\/v2\/types\/post"}],"author":[{"embeddable":true,"href":"https:\/\/www.hoymercedes.com.ar\/principal\/wp-json\/wp\/v2\/users\/1"}],"replies":[{"embeddable":true,"href":"https:\/\/www.hoymercedes.com.ar\/principal\/wp-json\/wp\/v2\/comments?post=73403"}],"version-history":[{"count":0,"href":"https:\/\/www.hoymercedes.com.ar\/principal\/wp-json\/wp\/v2\/posts\/73403\/revisions"}],"wp:featuredmedia":[{"embeddable":true,"href":"https:\/\/www.hoymercedes.com.ar\/principal\/wp-json\/wp\/v2\/media\/73404"}],"wp:attachment":[{"href":"https:\/\/www.hoymercedes.com.ar\/principal\/wp-json\/wp\/v2\/media?parent=73403"}],"wp:term":[{"taxonomy":"category","embeddable":true,"href":"https:\/\/www.hoymercedes.com.ar\/principal\/wp-json\/wp\/v2\/categories?post=73403"},{"taxonomy":"post_tag","embeddable":true,"href":"https:\/\/www.hoymercedes.com.ar\/principal\/wp-json\/wp\/v2\/tags?post=73403"}],"curies":[{"name":"wp","href":"https:\/\/api.w.org\/{rel}","templated":true}]}}