{"id":73443,"date":"2018-03-13T20:41:30","date_gmt":"2018-03-13T23:41:30","guid":{"rendered":"http:\/\/www.hoymercedes.com.ar\/principal\/?p=73443"},"modified":"2018-03-13T20:41:30","modified_gmt":"2018-03-13T23:41:30","slug":"descubrieron-estrella-amarilla-a-la-memoria-de-emanuel-gimenez","status":"publish","type":"post","link":"https:\/\/www.hoymercedes.com.ar\/principal\/2018\/03\/13\/descubrieron-estrella-amarilla-a-la-memoria-de-emanuel-gimenez\/","title":{"rendered":"Descubrieron Estrella Amarilla a la memoria de Emanuel Gim\u00e9nez"},"content":{"rendered":"<p>17 a\u00f1os ten\u00eda Jos\u00e9 Emanuel Gim\u00e9nez cuando el 11 de marzo de 2004 iba con su moto a comprar un helado para su hermana. Circulaba por calle 16 y al pasar por la intersecci\u00f3n con la calle 21, el cami\u00f3n de la basura lo embisti\u00f3 y falleci\u00f3 en el acto. Catorce a\u00f1os despu\u00e9s de ese hecho, su madre y hermanos lo recordaron descubriendo una se\u00f1al vertical con su nombre en una estrella amarilla.<\/p>\n<p><img loading=\"lazy\" decoding=\"async\" data-attachment-id=\"73445\" data-permalink=\"https:\/\/www.hoymercedes.com.ar\/principal\/2018\/03\/13\/descubrieron-estrella-amarilla-a-la-memoria-de-emanuel-gimenez\/13-estrella-emanuel-gimenez1\/#main\" data-orig-file=\"https:\/\/www.hoymercedes.com.ar\/principal\/wp-content\/uploads\/2018\/03\/13-estrella-emanuel-gimenez1.jpg\" data-orig-size=\"750,500\" data-comments-opened=\"0\" data-image-meta=\"{&quot;aperture&quot;:&quot;5.6&quot;,&quot;credit&quot;:&quot;&quot;,&quot;camera&quot;:&quot;NIKON D3100&quot;,&quot;caption&quot;:&quot;&quot;,&quot;created_timestamp&quot;:&quot;1520968298&quot;,&quot;copyright&quot;:&quot;&quot;,&quot;focal_length&quot;:&quot;20&quot;,&quot;iso&quot;:&quot;320&quot;,&quot;shutter_speed&quot;:&quot;0.008&quot;,&quot;title&quot;:&quot;&quot;,&quot;orientation&quot;:&quot;1&quot;}\" data-image-title=\"13 estrella emanuel gimenez1\" data-image-description=\"\" data-image-caption=\"\" data-large-file=\"https:\/\/www.hoymercedes.com.ar\/principal\/wp-content\/uploads\/2018\/03\/13-estrella-emanuel-gimenez1.jpg\" class=\"aligncenter size-medium wp-image-73445\" src=\"https:\/\/www.hoymercedes.com.ar\/principal\/wp-content\/uploads\/2018\/03\/13-estrella-emanuel-gimenez1-630x420.jpg\" alt=\"\" width=\"630\" height=\"420\" srcset=\"https:\/\/www.hoymercedes.com.ar\/principal\/wp-content\/uploads\/2018\/03\/13-estrella-emanuel-gimenez1-630x420.jpg 630w, https:\/\/www.hoymercedes.com.ar\/principal\/wp-content\/uploads\/2018\/03\/13-estrella-emanuel-gimenez1-150x100.jpg 150w, https:\/\/www.hoymercedes.com.ar\/principal\/wp-content\/uploads\/2018\/03\/13-estrella-emanuel-gimenez1.jpg 750w\" sizes=\"auto, (max-width: 630px) 100vw, 630px\" \/><\/p>\n<p>Avelina Gim\u00e9nez, la madre de Emanuel, recuerda los hechos. El cami\u00f3n que recolectaba la basura iba conducido por una persona alcoholizada. Emanuel hab\u00eda terminado de trabajar como mensajero y fue a buscar helado para su hermana embarazada. Eran las once de la noche. Intent\u00f3 esquivar el cami\u00f3n que ven\u00eda por la calle 21, mientras \u00e9l circulaba por la avenida.<\/p>\n<p>Emanuel hoy tendr\u00eda 31 a\u00f1os. Ayudaba a su madre en un comedor que ten\u00eda en el barrio Hip\u00f3lito Yrigoyen. Un comedor barrial que asist\u00eda en aquellos a\u00f1os a 150 chicos, asistido por la Iglesia. Su madre lo recuerda y rememora esos a\u00f1os de ayuda a los vecinos junto a sus hijos. \u201cEra un chico muy\u00a0 inteligente y con mucha fuerza. Era un gordo con la fuerza de una persona mayor. Era uno de mis hijos m\u00e1s chicos\u201d, recuerda Avelina cuando habla de su hijo Emanuel.<\/p>\n<p>Avelina junto a su marido y a algunos de sus hijos fue invitada por el \u00e1rea de tr\u00e1nsito y el Grupo Estrellas Amarillas Mercedes para hacerle un homenaje a su hijo. Originalmente ser\u00eda el domingo al cumplirse un nuevo aniversario del siniestro vial. Por comodidad de la familia, el acto se realiz\u00f3 en la tarde del martes a metros de donde ocurri\u00f3 el siniestro.<\/p>\n<p>Con la presencia del Intendente Juan Ignacio Ustarroz, Avelina record\u00f3 a su hijo y la tarea social que llev\u00f3 adelante con Emanuel. \u201cEmanuel era muy pegote con nosotros. Trabaj\u00f3 a la par nuestra en el comedor. Era muy especial. Como no lo voy a homenajear y recordar. S\u00e9 que \u00e9l est\u00e1 con Dios porque ten\u00eda un coraz\u00f3n tan grande, era muy bueno y sano\u201d, resalt\u00f3 Avelina, la madre de Jos\u00e9 Emanuel Gim\u00e9nez.<\/p>\n<p>Por Clarisa Altieri<\/p>\n","protected":false},"excerpt":{"rendered":"<p>17 a\u00f1os ten\u00eda Jos\u00e9 Emanuel Gim\u00e9nez cuando el 11 de marzo de 2004 iba con su moto a comprar un &#8230; <a title=\"Descubrieron Estrella Amarilla a la memoria de Emanuel Gim\u00e9nez\" class=\"read-more\" href=\"https:\/\/www.hoymercedes.com.ar\/principal\/2018\/03\/13\/descubrieron-estrella-amarilla-a-la-memoria-de-emanuel-gimenez\/\" aria-label=\"Leer m\u00e1s sobre Descubrieron Estrella Amarilla a la memoria de Emanuel Gim\u00e9nez\">Leer m\u00e1s<\/a><\/p>\n","protected":false},"author":1,"featured_media":73444,"comment_status":"closed","ping_status":"open","sticky":false,"template":"","format":"standard","meta":{"_monsterinsights_skip_tracking":false,"_monsterinsights_sitenote_active":false,"_monsterinsights_sitenote_note":"","_monsterinsights_sitenote_category":0,"jetpack_post_was_ever_published":false,"_jetpack_newsletter_access":"","_jetpack_dont_email_post_to_subs":false,"_jetpack_newsletter_tier_id":0,"_jetpack_memberships_contains_paywalled_content":false,"_jetpack_memberships_contains_paid_content":false,"footnotes":"","jetpack_publicize_message":"","jetpack_publicize_feature_enabled":true,"jetpack_social_post_already_shared":true,"jetpack_social_options":{"image_generator_settings":{"template":"highway","default_image_id":0,"font":"","enabled":false},"version":2},"_wpas_customize_per_network":false},"categories":[8],"tags":[9444,10,8756,626,10395],"class_list":["post-73443","post","type-post","status-publish","format-standard","has-post-thumbnail","hentry","category-sociedad","tag-estrella-amarilla","tag-mercedes","tag-prevencion","tag-seguridad-vial","tag-siniestro-vial","generate-columns","tablet-grid-50","mobile-grid-100","grid-parent","grid-50"],"jetpack_publicize_connections":[],"jetpack_featured_media_url":"https:\/\/www.hoymercedes.com.ar\/principal\/wp-content\/uploads\/2018\/03\/13-estrella-emanuel-gimenez.jpg","wps_subtitle":"Seguridad vial","jetpack_sharing_enabled":true,"_links":{"self":[{"href":"https:\/\/www.hoymercedes.com.ar\/principal\/wp-json\/wp\/v2\/posts\/73443","targetHints":{"allow":["GET"]}}],"collection":[{"href":"https:\/\/www.hoymercedes.com.ar\/principal\/wp-json\/wp\/v2\/posts"}],"about":[{"href":"https:\/\/www.hoymercedes.com.ar\/principal\/wp-json\/wp\/v2\/types\/post"}],"author":[{"embeddable":true,"href":"https:\/\/www.hoymercedes.com.ar\/principal\/wp-json\/wp\/v2\/users\/1"}],"replies":[{"embeddable":true,"href":"https:\/\/www.hoymercedes.com.ar\/principal\/wp-json\/wp\/v2\/comments?post=73443"}],"version-history":[{"count":0,"href":"https:\/\/www.hoymercedes.com.ar\/principal\/wp-json\/wp\/v2\/posts\/73443\/revisions"}],"wp:featuredmedia":[{"embeddable":true,"href":"https:\/\/www.hoymercedes.com.ar\/principal\/wp-json\/wp\/v2\/media\/73444"}],"wp:attachment":[{"href":"https:\/\/www.hoymercedes.com.ar\/principal\/wp-json\/wp\/v2\/media?parent=73443"}],"wp:term":[{"taxonomy":"category","embeddable":true,"href":"https:\/\/www.hoymercedes.com.ar\/principal\/wp-json\/wp\/v2\/categories?post=73443"},{"taxonomy":"post_tag","embeddable":true,"href":"https:\/\/www.hoymercedes.com.ar\/principal\/wp-json\/wp\/v2\/tags?post=73443"}],"curies":[{"name":"wp","href":"https:\/\/api.w.org\/{rel}","templated":true}]}}