{"id":7352,"date":"2011-09-16T11:45:04","date_gmt":"2011-09-16T11:45:04","guid":{"rendered":"http:\/\/www.hoymercedes.com.ar\/principal\/?p=7352"},"modified":"2011-09-16T11:45:44","modified_gmt":"2011-09-16T11:45:44","slug":"alcances-y-significado-de-la-nueva-ordenanza-sobre-agroquimicos-para-nuestro-partido","status":"publish","type":"post","link":"https:\/\/www.hoymercedes.com.ar\/principal\/2011\/09\/16\/alcances-y-significado-de-la-nueva-ordenanza-sobre-agroquimicos-para-nuestro-partido\/","title":{"rendered":"Alcances y significado de la nueva ordenanza sobre agroqu\u00edmicos para nuestro Partido"},"content":{"rendered":"<p>El lunes pr\u00f3ximo pasado durante la sesi\u00f3n ordinaria efectuada por el concejo Deliberante se aprob\u00f3 un proyecto de ordenanza que regula puntos muy espec\u00edficos relacionados con la utilizaci\u00f3n de Agroqu\u00edmicos dentro del Partido de Mercedes.<\/p>\n<p>En la sesi\u00f3n ordinaria del 12\/9\/11, el HCD aprob\u00f3 por unanimidad una ordenanza marco para el Uso de Agroqu\u00edmicos en zonas de Desarrollo Agr\u00edcola-Ganadero y Frutihort\u00edcola para el Partido de Mercedes, un tema en cierta manera muy complicado por los nocivos efectos que en forma directa i indirectamente puede generar en aquellos sectores pr\u00f3ximos a viviendas o bien a lugares con animales.<\/p>\n<p>Para conocer algo m\u00e1s en detalle el alcance de la nueva norma aprobada y que ahora deber\u00e1 ser promulgada por el Departamento Ejecutivo, dialogamos con el presidente del Bloque de concejales del frente para la Victoria-Partido Justicialista Marcelo Denapole qui\u00e9n precis\u00f3 \u201cLa iniciativa responde a la canalizaci\u00f3n de inquietudes vecinales a trav\u00e9s de la gesti\u00f3n del Intendente Carlos Selva plasmada en el expediente 3410\/11 del Departamento Ejecutivo, tratado sobre tabla por el Legislativo Municipal en dicha sesi\u00f3n.<\/p>\n<p>Esta ordenanza define un marco normativo local al uso de Agroqu\u00edmicos en \u00e1mbitos Agr\u00edcolo-Ganaderos y Frutihort\u00edcolas productivos en nuestro partido, quedando fuera de su alcance legal el control de plagas urbanas, de hogar, huerta o jard\u00edn.<\/p>\n<p>En ella tambi\u00e9n se describen gen\u00e9ricamente, los Agroqu\u00edmicos abarcados, disponiendo \u00e1reas de protecci\u00f3n, distancias m\u00ednimas a viviendas, cascos urbanos, establecimientos escolares, centros de atenci\u00f3n de salud, reservas naturales, cursos de agua y \u00e1reas protegidas tanto para aplicaciones terrestres como a\u00e9reas.<\/p>\n<p>Tambi\u00e9n se preveen cuestiones importantes como la creaci\u00f3n de un Registro de Aplicadores de Agroqu\u00edmicos, normas de manipuleo y transporte de productos y equipos y la posibilidad de inspecci\u00f3n por la autoridad de aplicaci\u00f3n municipal.(Direcci\u00f3n de Salud).<\/p>\n<p>Por \u00faltimo prevee sanciones por trasgresi\u00f3n a la ordenanza dispuestas en el C\u00f3digo de Faltas Municipal adem\u00e1s de las previstas por la legislaci\u00f3n Nacional y Provincial vigentes en la materia\u201d.<\/p>\n<p>La informaci\u00f3n y valoraci\u00f3n de la importancia del proyecto a los distintos bloques del HCD, fue llevada a cabo por el Ing. Agr\u00f3nomo Marcelo Den\u00e1pole, presidente del bloque oficialista, quien agradeci\u00f3 el acompa\u00f1amiento un\u00e1nime en la sanci\u00f3n de la norma.<\/p>\n<p>\u201cEste proyecto representa una actualizaci\u00f3n legislativa adecuando las ordenanzas a la evoluci\u00f3n operada en las t\u00e9cnicas productivas, para la protecci\u00f3n del ambiente y las personas en el marco de un desarrollo sustentable\u201d sostuvo el edil justicialista.<\/p>\n","protected":false},"excerpt":{"rendered":"<p>El lunes pr\u00f3ximo pasado durante la sesi\u00f3n ordinaria efectuada por el concejo Deliberante se aprob\u00f3 un proyecto de ordenanza que &#8230; <a title=\"Alcances y significado de la nueva ordenanza sobre agroqu\u00edmicos para nuestro Partido\" class=\"read-more\" href=\"https:\/\/www.hoymercedes.com.ar\/principal\/2011\/09\/16\/alcances-y-significado-de-la-nueva-ordenanza-sobre-agroquimicos-para-nuestro-partido\/\" aria-label=\"Leer m\u00e1s sobre Alcances y significado de la nueva ordenanza sobre agroqu\u00edmicos para nuestro Partido\">Leer m\u00e1s<\/a><\/p>\n","protected":false},"author":1,"featured_media":0,"comment_status":"open","ping_status":"open","sticky":false,"template":"","format":"standard","meta":{"_monsterinsights_skip_tracking":false,"_monsterinsights_sitenote_active":false,"_monsterinsights_sitenote_note":"","_monsterinsights_sitenote_category":0,"jetpack_post_was_ever_published":false,"_jetpack_newsletter_access":"","_jetpack_dont_email_post_to_subs":false,"_jetpack_newsletter_tier_id":0,"_jetpack_memberships_contains_paywalled_content":false,"_jetpack_memberships_contains_paid_content":false,"footnotes":"","jetpack_publicize_message":"","jetpack_publicize_feature_enabled":true,"jetpack_social_post_already_shared":false,"jetpack_social_options":{"image_generator_settings":{"template":"highway","default_image_id":0,"font":"","enabled":false},"version":2},"_wpas_customize_per_network":false},"categories":[5],"tags":[236],"class_list":["post-7352","post","type-post","status-publish","format-standard","hentry","category-politica","tag-concejo-deliberante","generate-columns","tablet-grid-50","mobile-grid-100","grid-parent","grid-50"],"jetpack_publicize_connections":[],"jetpack_featured_media_url":"","wps_subtitle":"","jetpack_sharing_enabled":true,"_links":{"self":[{"href":"https:\/\/www.hoymercedes.com.ar\/principal\/wp-json\/wp\/v2\/posts\/7352","targetHints":{"allow":["GET"]}}],"collection":[{"href":"https:\/\/www.hoymercedes.com.ar\/principal\/wp-json\/wp\/v2\/posts"}],"about":[{"href":"https:\/\/www.hoymercedes.com.ar\/principal\/wp-json\/wp\/v2\/types\/post"}],"author":[{"embeddable":true,"href":"https:\/\/www.hoymercedes.com.ar\/principal\/wp-json\/wp\/v2\/users\/1"}],"replies":[{"embeddable":true,"href":"https:\/\/www.hoymercedes.com.ar\/principal\/wp-json\/wp\/v2\/comments?post=7352"}],"version-history":[{"count":0,"href":"https:\/\/www.hoymercedes.com.ar\/principal\/wp-json\/wp\/v2\/posts\/7352\/revisions"}],"wp:attachment":[{"href":"https:\/\/www.hoymercedes.com.ar\/principal\/wp-json\/wp\/v2\/media?parent=7352"}],"wp:term":[{"taxonomy":"category","embeddable":true,"href":"https:\/\/www.hoymercedes.com.ar\/principal\/wp-json\/wp\/v2\/categories?post=7352"},{"taxonomy":"post_tag","embeddable":true,"href":"https:\/\/www.hoymercedes.com.ar\/principal\/wp-json\/wp\/v2\/tags?post=7352"}],"curies":[{"name":"wp","href":"https:\/\/api.w.org\/{rel}","templated":true}]}}