{"id":73538,"date":"2018-03-18T19:14:56","date_gmt":"2018-03-18T22:14:56","guid":{"rendered":"http:\/\/www.hoymercedes.com.ar\/principal\/?p=73538"},"modified":"2018-03-18T12:34:02","modified_gmt":"2018-03-18T15:34:02","slug":"se-viene-una-nueva-edicion-de-la-fiesta-provincial-de-la-torta-frita","status":"publish","type":"post","link":"https:\/\/www.hoymercedes.com.ar\/principal\/2018\/03\/18\/se-viene-una-nueva-edicion-de-la-fiesta-provincial-de-la-torta-frita\/","title":{"rendered":"Se viene una nueva edici\u00f3n de la Fiesta Provincial de la Torta Frita"},"content":{"rendered":"<div class=\"fb-video\" data-allowfullscreen=\"true\" data-href=\"https:\/\/www.facebook.com\/juaniustarroz\/videos\/1658836704210148\/\" style=\"background-color: #fff; display: inline-block;\"><\/div>\n<p style=\"font-weight: 400;\">En abril se llevar\u00e1 a cabo una nueva edici\u00f3n de la Fiesta Provincial de la Torta Frita. La gran celebraci\u00f3n de nuestras ra\u00edces y tradici\u00f3n que se efect\u00faa tambi\u00e9n homenajeando a los Veteranos de Malvinas en el Parque Municipal ser\u00eda los pr\u00f3ximos 7 y 8 de abril. Una vez m\u00e1s se espera gran asistencia de p\u00fablico y, por supuesto, la torta frita m\u00e1s grande del mundo ser\u00e1 el atractivo m\u00e1s esperado.<\/p>\n<p style=\"font-weight: 400;\">Desfile gaucho, m\u00fasica, entretenimientos, puestos de artesanos, competencia de torteras y la elaboraci\u00f3n de la torta frita m\u00e1s grande del mundo en una sart\u00e9n gigante ser\u00e1n parte de las propuestas que viviremos los mercedinos y los visitantes los d\u00edas 7 y 8 de abril.<\/p>\n<p style=\"font-weight: 400;\">La actividad es organizada por Agrupaciones Gauchas Unidas y la Municipalidad de Mercedes y ser\u00e1, como siempre, libre, p\u00fablica y gratuita.<\/p>\n","protected":false},"excerpt":{"rendered":"<p>En abril se llevar\u00e1 a cabo una nueva edici\u00f3n de la Fiesta Provincial de la Torta Frita. La gran celebraci\u00f3n &#8230; <a title=\"Se viene una nueva edici\u00f3n de la Fiesta Provincial de la Torta Frita\" class=\"read-more\" href=\"https:\/\/www.hoymercedes.com.ar\/principal\/2018\/03\/18\/se-viene-una-nueva-edicion-de-la-fiesta-provincial-de-la-torta-frita\/\" aria-label=\"Leer m\u00e1s sobre Se viene una nueva edici\u00f3n de la Fiesta Provincial de la Torta Frita\">Leer m\u00e1s<\/a><\/p>\n","protected":false},"author":1,"featured_media":61986,"comment_status":"closed","ping_status":"open","sticky":false,"template":"","format":"standard","meta":{"_monsterinsights_skip_tracking":false,"_monsterinsights_sitenote_active":false,"_monsterinsights_sitenote_note":"","_monsterinsights_sitenote_category":0,"jetpack_post_was_ever_published":false,"_jetpack_newsletter_access":"","_jetpack_dont_email_post_to_subs":false,"_jetpack_newsletter_tier_id":0,"_jetpack_memberships_contains_paywalled_content":false,"_jetpack_memberships_contains_paid_content":false,"footnotes":"","jetpack_publicize_message":"","jetpack_publicize_feature_enabled":true,"jetpack_social_post_already_shared":true,"jetpack_social_options":{"image_generator_settings":{"template":"highway","default_image_id":0,"font":"","enabled":false},"version":2},"_wpas_customize_per_network":false},"categories":[30],"tags":[2057,10,244,11343],"class_list":["post-73538","post","type-post","status-publish","format-standard","has-post-thumbnail","hentry","category-municipio","tag-fiesta-de-la-torta-frita","tag-mercedes","tag-municipio-2","tag-programa","generate-columns","tablet-grid-50","mobile-grid-100","grid-parent","grid-50"],"jetpack_publicize_connections":[],"jetpack_featured_media_url":"https:\/\/www.hoymercedes.com.ar\/principal\/wp-content\/uploads\/2017\/04\/23-torta-frita-3.jpg","wps_subtitle":"En Abril","jetpack_sharing_enabled":true,"_links":{"self":[{"href":"https:\/\/www.hoymercedes.com.ar\/principal\/wp-json\/wp\/v2\/posts\/73538","targetHints":{"allow":["GET"]}}],"collection":[{"href":"https:\/\/www.hoymercedes.com.ar\/principal\/wp-json\/wp\/v2\/posts"}],"about":[{"href":"https:\/\/www.hoymercedes.com.ar\/principal\/wp-json\/wp\/v2\/types\/post"}],"author":[{"embeddable":true,"href":"https:\/\/www.hoymercedes.com.ar\/principal\/wp-json\/wp\/v2\/users\/1"}],"replies":[{"embeddable":true,"href":"https:\/\/www.hoymercedes.com.ar\/principal\/wp-json\/wp\/v2\/comments?post=73538"}],"version-history":[{"count":0,"href":"https:\/\/www.hoymercedes.com.ar\/principal\/wp-json\/wp\/v2\/posts\/73538\/revisions"}],"wp:featuredmedia":[{"embeddable":true,"href":"https:\/\/www.hoymercedes.com.ar\/principal\/wp-json\/wp\/v2\/media\/61986"}],"wp:attachment":[{"href":"https:\/\/www.hoymercedes.com.ar\/principal\/wp-json\/wp\/v2\/media?parent=73538"}],"wp:term":[{"taxonomy":"category","embeddable":true,"href":"https:\/\/www.hoymercedes.com.ar\/principal\/wp-json\/wp\/v2\/categories?post=73538"},{"taxonomy":"post_tag","embeddable":true,"href":"https:\/\/www.hoymercedes.com.ar\/principal\/wp-json\/wp\/v2\/tags?post=73538"}],"curies":[{"name":"wp","href":"https:\/\/api.w.org\/{rel}","templated":true}]}}