{"id":73545,"date":"2018-03-16T09:51:21","date_gmt":"2018-03-16T12:51:21","guid":{"rendered":"http:\/\/www.hoymercedes.com.ar\/principal\/?p=73545"},"modified":"2018-03-16T14:31:20","modified_gmt":"2018-03-16T17:31:20","slug":"la-justicia-absolvio-a-marcelo-melo","status":"publish","type":"post","link":"https:\/\/www.hoymercedes.com.ar\/principal\/2018\/03\/16\/la-justicia-absolvio-a-marcelo-melo\/","title":{"rendered":"La Justicia absolvi\u00f3 a Marcelo Melo"},"content":{"rendered":"<p>En la ma\u00f1ana del mi\u00e9rcoles se llevaron a cabo los alegatos de las partes ante el Tribunal Oral en lo Criminal N\u00b0 3 en la instancia del debate oral y p\u00fablico contra Marcelo Melo.<\/p>\n<p>Durante dos horas, la Fiscal\u00eda argument\u00f3 en base a la prueba recogida durante el juicio y lo incorporado por lectura que consideraba probado que Melo era culpable de los delitos de \u201cPeculado, incumplimiento de los deberes de funcionario p\u00fablico y enriquecimiento il\u00edcito\u201d y solicit\u00f3 una pena de tres a\u00f1os en suspenso, inhabilitaci\u00f3n para cubrir cargos p\u00fablicos y una multa de 30 mil pesos.<\/p>\n<p>En tanto, la defensa plante\u00f3 la nulidad de los cargos\u00a0 de enriquecimiento il\u00edcito y argument\u00f3 que no se debi\u00f3 llegar a la instancia de juicio ya que consideraba, y consider\u00f3 probado en el debate, la falta de elementos para acusar a su pupilo de dichos cargos\u00a0 y\u00a0 pidi\u00f3 su absoluci\u00f3n.<\/p>\n<p>Sorpresivamente, el Tribunal pidi\u00f3 un breve deceso y utilizando la modalidad anticipada se\u00f1al\u00f3 que ya se encontraban en condiciones de brindar un veredicto. As\u00ed dio a conocer que no le otorgaba el planteo de nulidad al doctor Fusco pero, dictaron veredicto absolutorio por los delitos que se le imputaron.<\/p>\n<p>El pr\u00f3ximo 22 de marzo a las 11 horas dar\u00e1n a conocer los argumentos de dicha resoluci\u00f3n.<\/p>\n","protected":false},"excerpt":{"rendered":"<p>En la ma\u00f1ana del mi\u00e9rcoles se llevaron a cabo los alegatos de las partes ante el Tribunal Oral en lo &#8230; <a title=\"La Justicia absolvi\u00f3 a Marcelo Melo\" class=\"read-more\" href=\"https:\/\/www.hoymercedes.com.ar\/principal\/2018\/03\/16\/la-justicia-absolvio-a-marcelo-melo\/\" aria-label=\"Leer m\u00e1s sobre La Justicia absolvi\u00f3 a Marcelo Melo\">Leer m\u00e1s<\/a><\/p>\n","protected":false},"author":1,"featured_media":73398,"comment_status":"closed","ping_status":"open","sticky":false,"template":"","format":"standard","meta":{"_monsterinsights_skip_tracking":false,"_monsterinsights_sitenote_active":false,"_monsterinsights_sitenote_note":"","_monsterinsights_sitenote_category":0,"jetpack_post_was_ever_published":false,"_jetpack_newsletter_access":"","_jetpack_dont_email_post_to_subs":false,"_jetpack_newsletter_tier_id":0,"_jetpack_memberships_contains_paywalled_content":false,"_jetpack_memberships_contains_paid_content":false,"footnotes":"","jetpack_publicize_message":"","jetpack_publicize_feature_enabled":true,"jetpack_social_post_already_shared":true,"jetpack_social_options":{"image_generator_settings":{"template":"highway","default_image_id":0,"font":"","enabled":false},"version":2},"_wpas_customize_per_network":false},"categories":[85],"tags":[12781,9212,325,403,10,96,9429],"class_list":["post-73545","post","type-post","status-publish","format-standard","has-post-thumbnail","hentry","category-policial","tag-absolucion","tag-juicio","tag-justicia","tag-marcelo-melo","tag-mercedes","tag-policial-2","tag-toc-3","generate-columns","tablet-grid-50","mobile-grid-100","grid-parent","grid-50"],"jetpack_publicize_connections":[],"jetpack_featured_media_url":"https:\/\/www.hoymercedes.com.ar\/principal\/wp-content\/uploads\/2018\/03\/12-juiciomelo1-768x348.jpg","wps_subtitle":"En el TOC 3","jetpack_sharing_enabled":true,"_links":{"self":[{"href":"https:\/\/www.hoymercedes.com.ar\/principal\/wp-json\/wp\/v2\/posts\/73545","targetHints":{"allow":["GET"]}}],"collection":[{"href":"https:\/\/www.hoymercedes.com.ar\/principal\/wp-json\/wp\/v2\/posts"}],"about":[{"href":"https:\/\/www.hoymercedes.com.ar\/principal\/wp-json\/wp\/v2\/types\/post"}],"author":[{"embeddable":true,"href":"https:\/\/www.hoymercedes.com.ar\/principal\/wp-json\/wp\/v2\/users\/1"}],"replies":[{"embeddable":true,"href":"https:\/\/www.hoymercedes.com.ar\/principal\/wp-json\/wp\/v2\/comments?post=73545"}],"version-history":[{"count":0,"href":"https:\/\/www.hoymercedes.com.ar\/principal\/wp-json\/wp\/v2\/posts\/73545\/revisions"}],"wp:featuredmedia":[{"embeddable":true,"href":"https:\/\/www.hoymercedes.com.ar\/principal\/wp-json\/wp\/v2\/media\/73398"}],"wp:attachment":[{"href":"https:\/\/www.hoymercedes.com.ar\/principal\/wp-json\/wp\/v2\/media?parent=73545"}],"wp:term":[{"taxonomy":"category","embeddable":true,"href":"https:\/\/www.hoymercedes.com.ar\/principal\/wp-json\/wp\/v2\/categories?post=73545"},{"taxonomy":"post_tag","embeddable":true,"href":"https:\/\/www.hoymercedes.com.ar\/principal\/wp-json\/wp\/v2\/tags?post=73545"}],"curies":[{"name":"wp","href":"https:\/\/api.w.org\/{rel}","templated":true}]}}