{"id":73547,"date":"2018-03-16T14:54:37","date_gmt":"2018-03-16T17:54:37","guid":{"rendered":"http:\/\/www.hoymercedes.com.ar\/principal\/?p=73547"},"modified":"2018-03-16T15:03:15","modified_gmt":"2018-03-16T18:03:15","slug":"matias-dematei-juro-como-jefe-de-gabinete-municipal","status":"publish","type":"post","link":"https:\/\/www.hoymercedes.com.ar\/principal\/2018\/03\/16\/matias-dematei-juro-como-jefe-de-gabinete-municipal\/","title":{"rendered":"Mat\u00edas Dematei jur\u00f3 como Jefe de Gabinete Municipal"},"content":{"rendered":"<p>Finalmente y luego de trascendidos de toda \u00edndole, en la ma\u00f1ana de este viernes 16 de marzo, jur\u00f3 en un cargo del Departamento Ejecutivo, el Concejal (hoy de licencia) Mat\u00edas Dematei. El decreto establece que ocupar\u00e1 el cargo de Jefe de Gabinete del Municipio y \u00e9l explic\u00f3 que se abocar\u00e1 a atender y trabajar en conjunto con la Secretar\u00eda de Obras y Servicios P\u00fablicos.<\/p>\n<p><img loading=\"lazy\" decoding=\"async\" data-attachment-id=\"73548\" data-permalink=\"https:\/\/www.hoymercedes.com.ar\/principal\/2018\/03\/16\/matias-dematei-juro-como-jefe-de-gabinete-municipal\/16-jura-dematei\/#main\" data-orig-file=\"https:\/\/www.hoymercedes.com.ar\/principal\/wp-content\/uploads\/2018\/03\/16-jura-Dematei.jpg\" data-orig-size=\"750,500\" data-comments-opened=\"0\" data-image-meta=\"{&quot;aperture&quot;:&quot;3.5&quot;,&quot;credit&quot;:&quot;&quot;,&quot;camera&quot;:&quot;NIKON D3100&quot;,&quot;caption&quot;:&quot;&quot;,&quot;created_timestamp&quot;:&quot;1521199900&quot;,&quot;copyright&quot;:&quot;&quot;,&quot;focal_length&quot;:&quot;19&quot;,&quot;iso&quot;:&quot;1600&quot;,&quot;shutter_speed&quot;:&quot;0.016666666666667&quot;,&quot;title&quot;:&quot;&quot;,&quot;orientation&quot;:&quot;1&quot;}\" data-image-title=\"16 jura Dematei\" data-image-description=\"\" data-image-caption=\"\" data-large-file=\"https:\/\/www.hoymercedes.com.ar\/principal\/wp-content\/uploads\/2018\/03\/16-jura-Dematei.jpg\" class=\"aligncenter size-medium wp-image-73548\" src=\"https:\/\/www.hoymercedes.com.ar\/principal\/wp-content\/uploads\/2018\/03\/16-jura-Dematei-630x420.jpg\" alt=\"\" width=\"630\" height=\"420\" srcset=\"https:\/\/www.hoymercedes.com.ar\/principal\/wp-content\/uploads\/2018\/03\/16-jura-Dematei-630x420.jpg 630w, https:\/\/www.hoymercedes.com.ar\/principal\/wp-content\/uploads\/2018\/03\/16-jura-Dematei-150x100.jpg 150w, https:\/\/www.hoymercedes.com.ar\/principal\/wp-content\/uploads\/2018\/03\/16-jura-Dematei.jpg 750w\" sizes=\"auto, (max-width: 630px) 100vw, 630px\" \/><\/p>\n<p>Desde que Mat\u00edas Dematei estuvo en febrero como Intendente Interino se supo que no volver\u00eda a la banca del Concejo Deliberante ya que ocupar\u00eda un cargo en el Departamento Ejecutivo. Tal es as\u00ed que los primeros d\u00edas de marzo, el Concejo Deliberante le extendi\u00f3 su per\u00edodo de licencia. Desde ese momento, trascendi\u00f3 que ocupar\u00eda un puesto en el \u00e1rea de Obras y Servicios P\u00fablicos, aunque tambi\u00e9n se supon\u00eda que ocupar\u00eda Jefatura de Gabinete &#8211; cargo con rango de Secretar\u00eda -, puesto vacante desde que Ger\u00f3nimo Ustarroz asumi\u00f3 como legislador local en diciembre pasado.<\/p>\n<p>Diez d\u00edas se esper\u00f3 la confirmaci\u00f3n del decreto. En la ma\u00f1ana de este viernes se hizo efectiva la jura de Dematei como Jefe de Gabinete en una ceremonia dentro del despacho del Jefe Comunal Juan Ignacio Ustarroz con su familia, funcionarios y concejales como invitados.<\/p>\n<p><span class=\"embed-youtube\" style=\"text-align:center; display: block;\"><iframe loading=\"lazy\" class=\"youtube-player\" width=\"1200\" height=\"675\" src=\"https:\/\/www.youtube.com\/embed\/-RGbFLDGKd0?version=3&#038;rel=1&#038;showsearch=0&#038;showinfo=1&#038;iv_load_policy=1&#038;fs=1&#038;hl=es-ES&#038;autohide=2&#038;wmode=transparent\" allowfullscreen=\"true\" style=\"border:0;\" sandbox=\"allow-scripts allow-same-origin allow-popups allow-presentation allow-popups-to-escape-sandbox\"><\/iframe><\/span><\/p>\n<p>Terminada la toma de juramento, Mat\u00edas Dematei brind\u00f3 declaraciones ante distintos medios. \u201cEstoy muy feliz. Para m\u00ed es muy importante trabajar desde la gesti\u00f3n, es una gran responsabilidad. Como concejal hac\u00eda algunos trabajos como Ejecutivo. Ahora que estoy en el Ejecutivo podr\u00e9 hacer m\u00e1s. Llevaremos la gesti\u00f3n de la mejor manera\u201d, marc\u00f3. En sus palabras cont\u00f3 que al regreso de las vacaciones del Intendente sab\u00eda que asumir\u00eda, pero que no ten\u00edan definido el lugar.<\/p>\n<p>\u201cEl equipo con el que trabajar\u00e9 est\u00e1 trabajando. Voy a remplazar a Ger\u00f3nimo Ustarroz que est\u00e1 en otro rol. La idea es tener mucho m\u00e1s v\u00ednculo en la calle, un trabajo de campo. Siempre atend\u00ed a mucha gente y ahora, la idea es estar m\u00e1s cerca de las obras y del \u00e1rea de servicios p\u00fablicos. Estaremos coordinando tambi\u00e9n todas las \u00e1reas para poder optimizar el trabajo del Municipio\u201d, resalt\u00f3 el nuevo funcionario del Departamento Ejecutivo de la Municipalidad de Mercedes.<\/p>\n<p>&nbsp;<\/p>\n<p>Por Hoy Mercedes<\/p>\n","protected":false},"excerpt":{"rendered":"<p>Finalmente y luego de trascendidos de toda \u00edndole, en la ma\u00f1ana de este viernes 16 de marzo, jur\u00f3 en un &#8230; <a title=\"Mat\u00edas Dematei jur\u00f3 como Jefe de Gabinete Municipal\" class=\"read-more\" href=\"https:\/\/www.hoymercedes.com.ar\/principal\/2018\/03\/16\/matias-dematei-juro-como-jefe-de-gabinete-municipal\/\" aria-label=\"Leer m\u00e1s sobre Mat\u00edas Dematei jur\u00f3 como Jefe de Gabinete Municipal\">Leer m\u00e1s<\/a><\/p>\n","protected":false},"author":1,"featured_media":73548,"comment_status":"closed","ping_status":"open","sticky":false,"template":"","format":"standard","meta":{"_monsterinsights_skip_tracking":false,"_monsterinsights_sitenote_active":false,"_monsterinsights_sitenote_note":"","_monsterinsights_sitenote_category":0,"jetpack_post_was_ever_published":false,"_jetpack_newsletter_access":"","_jetpack_dont_email_post_to_subs":false,"_jetpack_newsletter_tier_id":0,"_jetpack_memberships_contains_paywalled_content":false,"_jetpack_memberships_contains_paid_content":false,"footnotes":"","jetpack_publicize_message":"","jetpack_publicize_feature_enabled":true,"jetpack_social_post_already_shared":true,"jetpack_social_options":{"image_generator_settings":{"template":"highway","default_image_id":0,"font":"","enabled":false},"version":2},"_wpas_customize_per_network":false},"categories":[30],"tags":[12784,12783,3810,10,244],"class_list":["post-73547","post","type-post","status-publish","format-standard","has-post-thumbnail","hentry","category-municipio","tag-jefe-de-gabinete","tag-jura","tag-matias-dematei","tag-mercedes","tag-municipio-2","generate-columns","tablet-grid-50","mobile-grid-100","grid-parent","grid-50"],"jetpack_publicize_connections":[],"jetpack_featured_media_url":"https:\/\/www.hoymercedes.com.ar\/principal\/wp-content\/uploads\/2018\/03\/16-jura-Dematei.jpg","wps_subtitle":"De licencia en el HCD","jetpack_sharing_enabled":true,"_links":{"self":[{"href":"https:\/\/www.hoymercedes.com.ar\/principal\/wp-json\/wp\/v2\/posts\/73547","targetHints":{"allow":["GET"]}}],"collection":[{"href":"https:\/\/www.hoymercedes.com.ar\/principal\/wp-json\/wp\/v2\/posts"}],"about":[{"href":"https:\/\/www.hoymercedes.com.ar\/principal\/wp-json\/wp\/v2\/types\/post"}],"author":[{"embeddable":true,"href":"https:\/\/www.hoymercedes.com.ar\/principal\/wp-json\/wp\/v2\/users\/1"}],"replies":[{"embeddable":true,"href":"https:\/\/www.hoymercedes.com.ar\/principal\/wp-json\/wp\/v2\/comments?post=73547"}],"version-history":[{"count":0,"href":"https:\/\/www.hoymercedes.com.ar\/principal\/wp-json\/wp\/v2\/posts\/73547\/revisions"}],"wp:featuredmedia":[{"embeddable":true,"href":"https:\/\/www.hoymercedes.com.ar\/principal\/wp-json\/wp\/v2\/media\/73548"}],"wp:attachment":[{"href":"https:\/\/www.hoymercedes.com.ar\/principal\/wp-json\/wp\/v2\/media?parent=73547"}],"wp:term":[{"taxonomy":"category","embeddable":true,"href":"https:\/\/www.hoymercedes.com.ar\/principal\/wp-json\/wp\/v2\/categories?post=73547"},{"taxonomy":"post_tag","embeddable":true,"href":"https:\/\/www.hoymercedes.com.ar\/principal\/wp-json\/wp\/v2\/tags?post=73547"}],"curies":[{"name":"wp","href":"https:\/\/api.w.org\/{rel}","templated":true}]}}