{"id":73592,"date":"2018-03-18T13:42:57","date_gmt":"2018-03-18T16:42:57","guid":{"rendered":"http:\/\/www.hoymercedes.com.ar\/principal\/?p=73592"},"modified":"2018-03-19T09:15:13","modified_gmt":"2018-03-19T12:15:13","slug":"el-gol-de-visitante-lo-clasifico-al-barrio-san-martin-a-cuartos-de-final","status":"publish","type":"post","link":"https:\/\/www.hoymercedes.com.ar\/principal\/2018\/03\/18\/el-gol-de-visitante-lo-clasifico-al-barrio-san-martin-a-cuartos-de-final\/","title":{"rendered":"El gol de visitante lo clasific\u00f3 al barrio San Mart\u00edn a cuartos de final"},"content":{"rendered":"<p>Los octavos de final del torneo Federaci\u00f3n Norte comenzaron el viernes por la noche en cancha de la Liga Mercedina cuando se enfrentaron V\u00e9lez y AMEFIP &#8211; Barrio San Mart\u00edn, en el \u00fanico duelo de equipos de la misma ciudad que tuvo esta etapa del certamen. Si bien gan\u00f3 el conjunto del barrio El Molino por 2 a 1, ese gol de visitante clasific\u00f3 al cuadro de Marcelo Rementer\u00eda y Jorge Camargo a cuartos de final.<\/p>\n<p>Comenz\u00f3 dominando las acciones el cuadro de la barriada, que a los 4 minutos ya ganaba 1 a 0 cuando Germ\u00e1n Lucero super\u00f3 a Daniel Buzzi, marcando el gol que luego terminar\u00eda siendo el de la clasificaci\u00f3n. V\u00e9lez logr\u00f3 salir del asedio pasado el cuarto de hora y a los 30, Rodolfo Aquino logr\u00f3 empatar el partido, aunque segu\u00eda abajo en la serie, ya que en la ida hab\u00eda perdido 1 a 0.<\/p>\n<p>El simbronazo del empate fue fuerte, ya que dos minutos despu\u00e9s Juan Ram\u00edrez puso el 2 a 1 con el que V\u00e9lez daba vuelta el partido y con ese marcador se iban al descanso. En el complemento, V\u00e9lez no supo volver a quebrar al rival, que se defendi\u00f3 bien. El juez Mat\u00edas Ojeda, de la Liga de Lobos, finaliz\u00f3 el partido pensando que la historia se iba a los penales, un gran error del \u00e1rbitro, ya que en este torneo prima el gol de visitante que, en este partido, hab\u00eda sido marcado por Lucero en el inicio del partido.<\/p>\n<p>M\u00e1s all\u00e1 de la bronca de los jugadores de V\u00e9lez, el festejo fue para los que estaban en la tribuna del Reencuentro y AMEFIP &#8211; Barrio San Mart\u00edn fue el que pas\u00f3 a cuartos de final. Ahora deber\u00e1 esperar a quienes son los que clasifican, ya que se reordena la tabla de clasificaci\u00f3n de acuerdo al orden con el que se jugaron los octavos de final.<\/p>\n<p><strong>V\u00e9lez 2:<\/strong>\u00a0Daniel Buzzi, Jorge Lizarraga, Miguel Maldonado, Alvaro D\u00edaz, Maximiliano Lettieri, Franco L\u00f3pez, Juan Ram\u00edrez, Lautaro Torres, Facundo Ballesteros, Esteban Rodr\u00edguez y Rodolfo Aquino.\u00a0<strong>DT:<\/strong>\u00a0Ernesto Ballesteros.\u00a0<strong>Suplentes:<\/strong>\u00a0Kevin L\u00e9rtora, Nicol\u00e1s D\u00edaz, Dante D\u00edaz, Agust\u00edn Alfonso, Maximiliano Dorado y Lucas Ver\u00f3n.<br \/>\n<strong>AMEFIP San Mart\u00edn 1:<\/strong>\u00a0Tom\u00e1s Borrasca, Alexis Longobuco, Jonathan Torre, Juan Rementer\u00eda, Cristian Santana, Mart\u00edn Ag\u00fcero, Angel Calder\u00f3n, Juan Quiroga, Marcos Camargo, Germ\u00e1n Lucero y Mauro Sigona.\u00a0<strong>DT:<\/strong>\u00a0Marcelo Rementer\u00eda.\u00a0<strong>Suplentes:\u00a0<\/strong>Jorge Bartolomeo, Sergio Bartolomeo y Ra\u00fal Quintana.<\/p>\n<p><strong>Goles en el PT:<\/strong>\u00a0A los 4\u2019 Germ\u00e1n Lucero para AMEFIP San Mart\u00edn. A los 30\u2019 Rodolfo Aquino y a los 32\u2019 Juan Ram\u00edrez para V\u00e9lez.<br \/>\n<strong>Cambios:\u00a0<\/strong>Nicol\u00e1s Montenegro por Germ\u00e1n Lucero, Franco Piemonte por Cristian Santana y Axel Reyne por Juan Rementer\u00eda en AMEFIP San Mart\u00edn.<br \/>\n<strong>Expulsado:\u00a0<\/strong>Juan Quiroga en AMEFIP San Mart\u00edn.<br \/>\n<strong>Arbitro:<\/strong>\u00a0Mat\u00edas Ojeda (Lobos).<\/p>\n","protected":false},"excerpt":{"rendered":"<p>Los octavos de final del torneo Federaci\u00f3n Norte comenzaron el viernes por la noche en cancha de la Liga Mercedina &#8230; <a title=\"El gol de visitante lo clasific\u00f3 al barrio San Mart\u00edn a cuartos de final\" class=\"read-more\" href=\"https:\/\/www.hoymercedes.com.ar\/principal\/2018\/03\/18\/el-gol-de-visitante-lo-clasifico-al-barrio-san-martin-a-cuartos-de-final\/\" aria-label=\"Leer m\u00e1s sobre El gol de visitante lo clasific\u00f3 al barrio San Mart\u00edn a cuartos de final\">Leer m\u00e1s<\/a><\/p>\n","protected":false},"author":1,"featured_media":0,"comment_status":"closed","ping_status":"open","sticky":false,"template":"","format":"standard","meta":{"_monsterinsights_skip_tracking":false,"_monsterinsights_sitenote_active":false,"_monsterinsights_sitenote_note":"","_monsterinsights_sitenote_category":0,"jetpack_post_was_ever_published":false,"_jetpack_newsletter_access":"","_jetpack_dont_email_post_to_subs":false,"_jetpack_newsletter_tier_id":0,"_jetpack_memberships_contains_paywalled_content":false,"_jetpack_memberships_contains_paid_content":false,"footnotes":"","jetpack_publicize_message":"","jetpack_publicize_feature_enabled":true,"jetpack_social_post_already_shared":true,"jetpack_social_options":{"image_generator_settings":{"template":"highway","default_image_id":0,"font":"","enabled":false},"version":2},"_wpas_customize_per_network":false},"categories":[21],"tags":[1041,204,8426,1003],"class_list":["post-73592","post","type-post","status-publish","format-standard","hentry","category-deportes","tag-barrio-san-martin","tag-deportes-2","tag-federacion-norte","tag-futbol","generate-columns","tablet-grid-50","mobile-grid-100","grid-parent","grid-50"],"jetpack_publicize_connections":[],"jetpack_featured_media_url":"","wps_subtitle":"Federaci\u00f3n Norte","jetpack_sharing_enabled":true,"_links":{"self":[{"href":"https:\/\/www.hoymercedes.com.ar\/principal\/wp-json\/wp\/v2\/posts\/73592","targetHints":{"allow":["GET"]}}],"collection":[{"href":"https:\/\/www.hoymercedes.com.ar\/principal\/wp-json\/wp\/v2\/posts"}],"about":[{"href":"https:\/\/www.hoymercedes.com.ar\/principal\/wp-json\/wp\/v2\/types\/post"}],"author":[{"embeddable":true,"href":"https:\/\/www.hoymercedes.com.ar\/principal\/wp-json\/wp\/v2\/users\/1"}],"replies":[{"embeddable":true,"href":"https:\/\/www.hoymercedes.com.ar\/principal\/wp-json\/wp\/v2\/comments?post=73592"}],"version-history":[{"count":0,"href":"https:\/\/www.hoymercedes.com.ar\/principal\/wp-json\/wp\/v2\/posts\/73592\/revisions"}],"wp:attachment":[{"href":"https:\/\/www.hoymercedes.com.ar\/principal\/wp-json\/wp\/v2\/media?parent=73592"}],"wp:term":[{"taxonomy":"category","embeddable":true,"href":"https:\/\/www.hoymercedes.com.ar\/principal\/wp-json\/wp\/v2\/categories?post=73592"},{"taxonomy":"post_tag","embeddable":true,"href":"https:\/\/www.hoymercedes.com.ar\/principal\/wp-json\/wp\/v2\/tags?post=73592"}],"curies":[{"name":"wp","href":"https:\/\/api.w.org\/{rel}","templated":true}]}}