{"id":73595,"date":"2018-03-18T14:15:14","date_gmt":"2018-03-18T17:15:14","guid":{"rendered":"http:\/\/www.hoymercedes.com.ar\/principal\/?p=73595"},"modified":"2018-03-19T09:14:05","modified_gmt":"2018-03-19T12:14:05","slug":"73595","status":"publish","type":"post","link":"https:\/\/www.hoymercedes.com.ar\/principal\/2018\/03\/18\/73595\/","title":{"rendered":"Protecci\u00f3n Civil asiste a vecinos y viajantes tras ca\u00edda de postes"},"content":{"rendered":"<figure id=\"attachment_73596\" aria-describedby=\"caption-attachment-73596\" style=\"width: 620px\" class=\"wp-caption aligncenter\"><img loading=\"lazy\" decoding=\"async\" data-attachment-id=\"73596\" data-permalink=\"https:\/\/www.hoymercedes.com.ar\/principal\/2018\/03\/18\/73595\/proteccioncivil-18-03-1\/#main\" data-orig-file=\"https:\/\/www.hoymercedes.com.ar\/principal\/wp-content\/uploads\/2018\/03\/ProteccionCivil.18.03-1.jpeg\" data-orig-size=\"730,411\" data-comments-opened=\"0\" data-image-meta=\"{&quot;aperture&quot;:&quot;0&quot;,&quot;credit&quot;:&quot;&quot;,&quot;camera&quot;:&quot;&quot;,&quot;caption&quot;:&quot;&quot;,&quot;created_timestamp&quot;:&quot;0&quot;,&quot;copyright&quot;:&quot;&quot;,&quot;focal_length&quot;:&quot;0&quot;,&quot;iso&quot;:&quot;0&quot;,&quot;shutter_speed&quot;:&quot;0&quot;,&quot;title&quot;:&quot;&quot;,&quot;orientation&quot;:&quot;0&quot;}\" data-image-title=\"ProteccionCivil.18.03 (1)\" data-image-description=\"\" data-image-caption=\"&lt;p&gt;Socorristas de Protecci\u00f3n Civil&lt;\/p&gt;\n\" data-large-file=\"https:\/\/www.hoymercedes.com.ar\/principal\/wp-content\/uploads\/2018\/03\/ProteccionCivil.18.03-1.jpeg\" class=\"size-medium wp-image-73596\" src=\"https:\/\/www.hoymercedes.com.ar\/principal\/wp-content\/uploads\/2018\/03\/ProteccionCivil.18.03-1-630x355.jpeg\" alt=\"\" width=\"630\" height=\"355\" srcset=\"https:\/\/www.hoymercedes.com.ar\/principal\/wp-content\/uploads\/2018\/03\/ProteccionCivil.18.03-1-630x355.jpeg 630w, https:\/\/www.hoymercedes.com.ar\/principal\/wp-content\/uploads\/2018\/03\/ProteccionCivil.18.03-1-150x84.jpeg 150w, https:\/\/www.hoymercedes.com.ar\/principal\/wp-content\/uploads\/2018\/03\/ProteccionCivil.18.03-1.jpeg 730w\" sizes=\"auto, (max-width: 630px) 100vw, 630px\" \/><figcaption id=\"caption-attachment-73596\" class=\"wp-caption-text\">Socorristas de Protecci\u00f3n Civil<\/figcaption><\/figure>\n<p>Las fuertes r\u00e1fagas de viento fueron durante este fin de semana la principal fuente de preocupaci\u00f3n. Desde el \u00e1rea de Protecci\u00f3n Civil de la Municipalidad se trabaja con\u00a03 cuadrillas actuando en distintos puntos de la ciudad con 24 socorristas voluntarios. En Ruta Provincial N\u00b041 cay\u00f3 un troncal de telefon\u00eda, se estima podr\u00eda ser de internet y tel\u00e9fono, por sus dimensiones. Se espera intervenga la empresa. Mientras tanto se da soporte y control para los viajantes. Minutos despu\u00e9s, en este mismo lugar, cayeron tres postes m\u00e1s tras que un cami\u00f3n se enganch\u00f3 en las ruedas con los cables y arranc\u00f3 los mencionados.<\/p>\n<p>Protecci\u00f3n Civil est\u00e1 ayudando a los vecinos a cruzar con seguridad, especialmente los que andan a pie o bicicleta.<\/p>\n<p>Respecto a la ciudad en general, hay algunos cables ca\u00eddos, en especial de televisi\u00f3n y en el radio c\u00e9ntrico parte de una marquesina de un comercio.<\/p>\n<figure id=\"attachment_73597\" aria-describedby=\"caption-attachment-73597\" style=\"width: 620px\" class=\"wp-caption aligncenter\"><img loading=\"lazy\" decoding=\"async\" data-attachment-id=\"73597\" data-permalink=\"https:\/\/www.hoymercedes.com.ar\/principal\/2018\/03\/18\/73595\/proteccioncivil-18-03-2\/#main\" data-orig-file=\"https:\/\/www.hoymercedes.com.ar\/principal\/wp-content\/uploads\/2018\/03\/ProteccionCivil.18.03-2.jpeg\" data-orig-size=\"730,411\" data-comments-opened=\"0\" data-image-meta=\"{&quot;aperture&quot;:&quot;0&quot;,&quot;credit&quot;:&quot;&quot;,&quot;camera&quot;:&quot;&quot;,&quot;caption&quot;:&quot;&quot;,&quot;created_timestamp&quot;:&quot;0&quot;,&quot;copyright&quot;:&quot;&quot;,&quot;focal_length&quot;:&quot;0&quot;,&quot;iso&quot;:&quot;0&quot;,&quot;shutter_speed&quot;:&quot;0&quot;,&quot;title&quot;:&quot;&quot;,&quot;orientation&quot;:&quot;0&quot;}\" data-image-title=\"ProteccionCivil.18.03 (2)\" data-image-description=\"\" data-image-caption=\"&lt;p&gt;Cables sobre la ruta&lt;\/p&gt;\n\" data-large-file=\"https:\/\/www.hoymercedes.com.ar\/principal\/wp-content\/uploads\/2018\/03\/ProteccionCivil.18.03-2.jpeg\" class=\"size-medium wp-image-73597\" src=\"https:\/\/www.hoymercedes.com.ar\/principal\/wp-content\/uploads\/2018\/03\/ProteccionCivil.18.03-2-630x355.jpeg\" alt=\"\" width=\"630\" height=\"355\" srcset=\"https:\/\/www.hoymercedes.com.ar\/principal\/wp-content\/uploads\/2018\/03\/ProteccionCivil.18.03-2-630x355.jpeg 630w, https:\/\/www.hoymercedes.com.ar\/principal\/wp-content\/uploads\/2018\/03\/ProteccionCivil.18.03-2-150x84.jpeg 150w, https:\/\/www.hoymercedes.com.ar\/principal\/wp-content\/uploads\/2018\/03\/ProteccionCivil.18.03-2.jpeg 730w\" sizes=\"auto, (max-width: 630px) 100vw, 630px\" \/><figcaption id=\"caption-attachment-73597\" class=\"wp-caption-text\">Cables sobre la ruta<\/figcaption><\/figure>\n<p>Las complicaciones, hasta el momento, no las trajo el agua, sino el viento que sigue teniendo r\u00e1fagas muy fuertes, confirm\u00f3 el Director del \u00e1rea, Esteban Chal\u00e1.<\/p>\n<p><span style=\"background-color: #FFFF00;\">Se recuerda a los vecinos que ante cualquier duda o consulta pueden hacerlo al 147.<\/span><\/p>\n<p>&nbsp;<\/p>\n<p><img loading=\"lazy\" decoding=\"async\" data-attachment-id=\"73598\" data-permalink=\"https:\/\/www.hoymercedes.com.ar\/principal\/2018\/03\/18\/73595\/proteccioncivil-18-03-3\/#main\" data-orig-file=\"https:\/\/www.hoymercedes.com.ar\/principal\/wp-content\/uploads\/2018\/03\/ProteccionCivil.18.03-3.jpeg\" data-orig-size=\"730,548\" data-comments-opened=\"0\" data-image-meta=\"{&quot;aperture&quot;:&quot;0&quot;,&quot;credit&quot;:&quot;&quot;,&quot;camera&quot;:&quot;&quot;,&quot;caption&quot;:&quot;&quot;,&quot;created_timestamp&quot;:&quot;0&quot;,&quot;copyright&quot;:&quot;&quot;,&quot;focal_length&quot;:&quot;0&quot;,&quot;iso&quot;:&quot;0&quot;,&quot;shutter_speed&quot;:&quot;0&quot;,&quot;title&quot;:&quot;&quot;,&quot;orientation&quot;:&quot;0&quot;}\" data-image-title=\"ProteccionCivil.18.03 (3)\" data-image-description=\"\" data-image-caption=\"\" data-large-file=\"https:\/\/www.hoymercedes.com.ar\/principal\/wp-content\/uploads\/2018\/03\/ProteccionCivil.18.03-3.jpeg\" class=\"aligncenter size-medium wp-image-73598\" src=\"https:\/\/www.hoymercedes.com.ar\/principal\/wp-content\/uploads\/2018\/03\/ProteccionCivil.18.03-3-630x473.jpeg\" alt=\"\" width=\"630\" height=\"473\" srcset=\"https:\/\/www.hoymercedes.com.ar\/principal\/wp-content\/uploads\/2018\/03\/ProteccionCivil.18.03-3-630x473.jpeg 630w, https:\/\/www.hoymercedes.com.ar\/principal\/wp-content\/uploads\/2018\/03\/ProteccionCivil.18.03-3-150x113.jpeg 150w, https:\/\/www.hoymercedes.com.ar\/principal\/wp-content\/uploads\/2018\/03\/ProteccionCivil.18.03-3.jpeg 730w\" sizes=\"auto, (max-width: 630px) 100vw, 630px\" \/><\/p>\n<p><img loading=\"lazy\" decoding=\"async\" data-attachment-id=\"73599\" data-permalink=\"https:\/\/www.hoymercedes.com.ar\/principal\/2018\/03\/18\/73595\/proteccioncivil-18-03-4\/#main\" data-orig-file=\"https:\/\/www.hoymercedes.com.ar\/principal\/wp-content\/uploads\/2018\/03\/ProteccionCivil.18.03-4.jpeg\" data-orig-size=\"730,548\" data-comments-opened=\"0\" data-image-meta=\"{&quot;aperture&quot;:&quot;0&quot;,&quot;credit&quot;:&quot;&quot;,&quot;camera&quot;:&quot;&quot;,&quot;caption&quot;:&quot;&quot;,&quot;created_timestamp&quot;:&quot;0&quot;,&quot;copyright&quot;:&quot;&quot;,&quot;focal_length&quot;:&quot;0&quot;,&quot;iso&quot;:&quot;0&quot;,&quot;shutter_speed&quot;:&quot;0&quot;,&quot;title&quot;:&quot;&quot;,&quot;orientation&quot;:&quot;0&quot;}\" data-image-title=\"ProteccionCivil.18.03 (4)\" data-image-description=\"\" data-image-caption=\"\" data-large-file=\"https:\/\/www.hoymercedes.com.ar\/principal\/wp-content\/uploads\/2018\/03\/ProteccionCivil.18.03-4.jpeg\" class=\"aligncenter size-medium wp-image-73599\" src=\"https:\/\/www.hoymercedes.com.ar\/principal\/wp-content\/uploads\/2018\/03\/ProteccionCivil.18.03-4-630x473.jpeg\" alt=\"\" width=\"630\" height=\"473\" srcset=\"https:\/\/www.hoymercedes.com.ar\/principal\/wp-content\/uploads\/2018\/03\/ProteccionCivil.18.03-4-630x473.jpeg 630w, https:\/\/www.hoymercedes.com.ar\/principal\/wp-content\/uploads\/2018\/03\/ProteccionCivil.18.03-4-150x113.jpeg 150w, https:\/\/www.hoymercedes.com.ar\/principal\/wp-content\/uploads\/2018\/03\/ProteccionCivil.18.03-4.jpeg 730w\" sizes=\"auto, (max-width: 630px) 100vw, 630px\" \/><\/p>\n<p><img loading=\"lazy\" decoding=\"async\" data-attachment-id=\"73600\" data-permalink=\"https:\/\/www.hoymercedes.com.ar\/principal\/2018\/03\/18\/73595\/proteccioncivil-18-03-5\/#main\" data-orig-file=\"https:\/\/www.hoymercedes.com.ar\/principal\/wp-content\/uploads\/2018\/03\/ProteccionCivil.18.03-5.jpeg\" data-orig-size=\"730,411\" data-comments-opened=\"0\" data-image-meta=\"{&quot;aperture&quot;:&quot;0&quot;,&quot;credit&quot;:&quot;&quot;,&quot;camera&quot;:&quot;&quot;,&quot;caption&quot;:&quot;&quot;,&quot;created_timestamp&quot;:&quot;0&quot;,&quot;copyright&quot;:&quot;&quot;,&quot;focal_length&quot;:&quot;0&quot;,&quot;iso&quot;:&quot;0&quot;,&quot;shutter_speed&quot;:&quot;0&quot;,&quot;title&quot;:&quot;&quot;,&quot;orientation&quot;:&quot;0&quot;}\" data-image-title=\"ProteccionCivil.18.03 (5)\" data-image-description=\"\" data-image-caption=\"\" data-large-file=\"https:\/\/www.hoymercedes.com.ar\/principal\/wp-content\/uploads\/2018\/03\/ProteccionCivil.18.03-5.jpeg\" class=\"aligncenter size-medium wp-image-73600\" src=\"https:\/\/www.hoymercedes.com.ar\/principal\/wp-content\/uploads\/2018\/03\/ProteccionCivil.18.03-5-630x355.jpeg\" alt=\"\" width=\"630\" height=\"355\" srcset=\"https:\/\/www.hoymercedes.com.ar\/principal\/wp-content\/uploads\/2018\/03\/ProteccionCivil.18.03-5-630x355.jpeg 630w, https:\/\/www.hoymercedes.com.ar\/principal\/wp-content\/uploads\/2018\/03\/ProteccionCivil.18.03-5-150x84.jpeg 150w, https:\/\/www.hoymercedes.com.ar\/principal\/wp-content\/uploads\/2018\/03\/ProteccionCivil.18.03-5.jpeg 730w\" sizes=\"auto, (max-width: 630px) 100vw, 630px\" \/><\/p>\n","protected":false},"excerpt":{"rendered":"<p>Las fuertes r\u00e1fagas de viento fueron durante este fin de semana la principal fuente de preocupaci\u00f3n. Desde el \u00e1rea de &#8230; <a title=\"Protecci\u00f3n Civil asiste a vecinos y viajantes tras ca\u00edda de postes\" class=\"read-more\" href=\"https:\/\/www.hoymercedes.com.ar\/principal\/2018\/03\/18\/73595\/\" aria-label=\"Leer m\u00e1s sobre Protecci\u00f3n Civil asiste a vecinos y viajantes tras ca\u00edda de postes\">Leer m\u00e1s<\/a><\/p>\n","protected":false},"author":1,"featured_media":73596,"comment_status":"closed","ping_status":"open","sticky":false,"template":"","format":"standard","meta":{"_monsterinsights_skip_tracking":false,"_monsterinsights_sitenote_active":false,"_monsterinsights_sitenote_note":"","_monsterinsights_sitenote_category":0,"jetpack_post_was_ever_published":false,"_jetpack_newsletter_access":"","_jetpack_dont_email_post_to_subs":false,"_jetpack_newsletter_tier_id":0,"_jetpack_memberships_contains_paywalled_content":false,"_jetpack_memberships_contains_paid_content":false,"footnotes":"","jetpack_publicize_message":"","jetpack_publicize_feature_enabled":true,"jetpack_social_post_already_shared":true,"jetpack_social_options":{"image_generator_settings":{"template":"highway","default_image_id":0,"font":"","enabled":false},"version":2},"_wpas_customize_per_network":false},"categories":[30],"tags":[4992,12634,9364,10,9122],"class_list":["post-73595","post","type-post","status-publish","format-standard","has-post-thumbnail","hentry","category-municipio","tag-asistencia","tag-clima","tag-esteban-chala","tag-mercedes","tag-proteccion-civil","generate-columns","tablet-grid-50","mobile-grid-100","grid-parent","grid-50"],"jetpack_publicize_connections":[],"jetpack_featured_media_url":"https:\/\/www.hoymercedes.com.ar\/principal\/wp-content\/uploads\/2018\/03\/ProteccionCivil.18.03-1.jpeg","wps_subtitle":"Alerta","jetpack_sharing_enabled":true,"_links":{"self":[{"href":"https:\/\/www.hoymercedes.com.ar\/principal\/wp-json\/wp\/v2\/posts\/73595","targetHints":{"allow":["GET"]}}],"collection":[{"href":"https:\/\/www.hoymercedes.com.ar\/principal\/wp-json\/wp\/v2\/posts"}],"about":[{"href":"https:\/\/www.hoymercedes.com.ar\/principal\/wp-json\/wp\/v2\/types\/post"}],"author":[{"embeddable":true,"href":"https:\/\/www.hoymercedes.com.ar\/principal\/wp-json\/wp\/v2\/users\/1"}],"replies":[{"embeddable":true,"href":"https:\/\/www.hoymercedes.com.ar\/principal\/wp-json\/wp\/v2\/comments?post=73595"}],"version-history":[{"count":0,"href":"https:\/\/www.hoymercedes.com.ar\/principal\/wp-json\/wp\/v2\/posts\/73595\/revisions"}],"wp:featuredmedia":[{"embeddable":true,"href":"https:\/\/www.hoymercedes.com.ar\/principal\/wp-json\/wp\/v2\/media\/73596"}],"wp:attachment":[{"href":"https:\/\/www.hoymercedes.com.ar\/principal\/wp-json\/wp\/v2\/media?parent=73595"}],"wp:term":[{"taxonomy":"category","embeddable":true,"href":"https:\/\/www.hoymercedes.com.ar\/principal\/wp-json\/wp\/v2\/categories?post=73595"},{"taxonomy":"post_tag","embeddable":true,"href":"https:\/\/www.hoymercedes.com.ar\/principal\/wp-json\/wp\/v2\/tags?post=73595"}],"curies":[{"name":"wp","href":"https:\/\/api.w.org\/{rel}","templated":true}]}}