{"id":73632,"date":"2018-03-19T17:45:54","date_gmt":"2018-03-19T20:45:54","guid":{"rendered":"http:\/\/www.hoymercedes.com.ar\/principal\/?p=73632"},"modified":"2018-03-19T16:59:57","modified_gmt":"2018-03-19T19:59:57","slug":"el-fronton-quedo-eliminado-y-colon-sigue-en-carrera","status":"publish","type":"post","link":"https:\/\/www.hoymercedes.com.ar\/principal\/2018\/03\/19\/el-fronton-quedo-eliminado-y-colon-sigue-en-carrera\/","title":{"rendered":"El Front\u00f3n qued\u00f3 eliminado y Col\u00f3n sigue en Carrera"},"content":{"rendered":"<p>Los dos equipos con mercedinos que segu\u00edan en carrera en el Federal C jugaron su suerte este domingo, pero tuvieron resultados dispares. El Front\u00f3n, con Nahuel Santana y Thomas Schenone, ten\u00eda que derrotar a Deportivo Malvinas tras el 3 a 3 de la ida y termin\u00f3 perdiendo 2 a 1, resultado que lo dej\u00f3 eliminado del torneo. Por su parte, Col\u00f3n de Chivilcoy gan\u00f3 3 a 1 a 21 de Marzo de San Miguel (Liga de Escobar) y con un global de 6 a 1 pas\u00f3 a cuartos de final donde se medir\u00e1 ante SATSAID, que viene de\u00a0eliminar a La Catedral de Campana. En Col\u00f3n fueron titulares los mercedinos Pablo Montuori y Juan Pedro Gatti.<\/p>\n<p><img loading=\"lazy\" decoding=\"async\" data-attachment-id=\"73633\" data-permalink=\"https:\/\/www.hoymercedes.com.ar\/principal\/2018\/03\/19\/el-fronton-quedo-eliminado-y-colon-sigue-en-carrera\/colon-2-el-fronton-1-2\/#main\" data-orig-file=\"https:\/\/www.hoymercedes.com.ar\/principal\/wp-content\/uploads\/2018\/03\/Col\u00f3n-2-El-Front\u00f3n-1-1.jpg\" data-orig-size=\"696,449\" data-comments-opened=\"0\" data-image-meta=\"{&quot;aperture&quot;:&quot;0&quot;,&quot;credit&quot;:&quot;&quot;,&quot;camera&quot;:&quot;&quot;,&quot;caption&quot;:&quot;&quot;,&quot;created_timestamp&quot;:&quot;0&quot;,&quot;copyright&quot;:&quot;&quot;,&quot;focal_length&quot;:&quot;0&quot;,&quot;iso&quot;:&quot;0&quot;,&quot;shutter_speed&quot;:&quot;0&quot;,&quot;title&quot;:&quot;&quot;,&quot;orientation&quot;:&quot;0&quot;}\" data-image-title=\"Col\u00f3n 2 El Front\u00f3n 1\" data-image-description=\"\" data-image-caption=\"\" data-large-file=\"https:\/\/www.hoymercedes.com.ar\/principal\/wp-content\/uploads\/2018\/03\/Col\u00f3n-2-El-Front\u00f3n-1-1.jpg\" class=\"aligncenter size-medium wp-image-73633\" src=\"https:\/\/www.hoymercedes.com.ar\/principal\/wp-content\/uploads\/2018\/03\/Col\u00f3n-2-El-Front\u00f3n-1-1-630x406.jpg\" alt=\"\" width=\"630\" height=\"406\" srcset=\"https:\/\/www.hoymercedes.com.ar\/principal\/wp-content\/uploads\/2018\/03\/Col\u00f3n-2-El-Front\u00f3n-1-1-630x406.jpg 630w, https:\/\/www.hoymercedes.com.ar\/principal\/wp-content\/uploads\/2018\/03\/Col\u00f3n-2-El-Front\u00f3n-1-1-150x97.jpg 150w, https:\/\/www.hoymercedes.com.ar\/principal\/wp-content\/uploads\/2018\/03\/Col\u00f3n-2-El-Front\u00f3n-1-1.jpg 696w\" sizes=\"auto, (max-width: 630px) 100vw, 630px\" \/><\/p>\n<p><strong>Deportivo Malvinas 2:<\/strong>\u00a0C\u00f3rdoba, Pablo Batallini, Jonatan Russo, Nelson Gonz\u00e1lez, Lucas Cerafini, Edgard Monz\u00f3n, Carlos Taboada, Braian Cirino, Agust\u00edn Sequeira, Ricardo Chamorro Casafuz y Federico Olivera.\u00a0<strong>Suplentes:<\/strong>\u00a0Walter Ch\u00e1vez.<br \/>\n<strong>El Front\u00f3n 1:<\/strong>\u00a0Mat\u00edas Roncoroni, Ezequiel T\u00e1mparo, Nicol\u00e1s Randazzo, Emiliano Lago, Laureano Medina, Oscar Zapata, Federico Grosso, Mauro Mart\u00ednez y Thom\u00e1s Schenone, Juli\u00e1n Alarc\u00f3n y Tom\u00e1s Pavone.\u00a0<strong>DT:<\/strong>\u00a0Germ\u00e1n Stopiello.\u00a0<strong>Suplentes:<\/strong>\u00a0Nicol\u00e1s Borrasca, Mateo Casas y Daniel Busca.<\/p>\n<p><strong>Goles en el PT:<\/strong>\u00a0A los 2\u2019 y 45\u2019 Ricardo Chamarro Casafuz para Deportivo Malvinas.<br \/>\n<strong>Gol en el ST:<\/strong>\u00a0Al 1\u2019 Tom\u00e1s pavone para El Front\u00f3n.<br \/>\n<strong>Cambios:<\/strong>\u00a0Lucas Gonz\u00e1lez por Agust\u00edn Sequeira, Juan Aguilera por Edgard Monz\u00f3n y Nicol\u00e1s Olmedo por Pablo Batallini en Deportivo Malvinas.<br \/>\nGast\u00f3n Lozano por Thom\u00e1s Schenone y Mat\u00edas Paolacci por Ezequiel T\u00e1mparo en El Front\u00f3n.<br \/>\n<strong>Arbitro:<\/strong>\u00a0Joaqu\u00edn Gil (Liga de San Pedro).<\/p>\n<p>&nbsp;<\/p>\n<p><strong>Deportivo Col\u00f3n<\/strong>\u00a0(3): Cristopher De Feliche, Nicol\u00e1s Giaccone, Juan Marcelo Cirelli, Lucas Noguera \u00a9, Mat\u00edas L\u00f3pez, Jos\u00e9 Cesarini, Juan Pablo Montuori, Ger\u00f3nimo Laphitzborde, Emiliano Abalos, Dardo Sosa, Cristopher Torres. DT Luciano Abalos.\u00a0<strong>Relevos:<\/strong> Alexis Baume, Juan Jos\u00e9 Tenaglia y Ezequiel D`Amelio<\/p>\n<p><strong>21 de Marzo<\/strong>\u00a0(1): Daniel Romero, Mat\u00edas Ferrari, Marcelo Ju\u00e1rez, Facundo Mansilla, Iv\u00e1n Fern\u00e1ndez, Maximiliano Tevez, Aldo Saucedo, Luis Valdez, Gerardo Laviano, Braian Paez. <strong>DT<\/strong> Lucas Crespi. <strong>Relevos:<\/strong> Walter Palavecino y Sergio Escobar<\/p>\n<p><strong>Goles:<\/strong> ST 17 y 35m Cristopher Torres (DC); 23m Nelson Jara (21 Marzzo); 40m Enzo Rojas (DC).<\/p>\n<p><strong>Cambios:<\/strong> ST 12m Gonzalo Fleitas por Paez (21); 15m Nelson Jara por Fern\u00e1ndez (21); 20m Gast\u00f3n Moisello por Saucedo (21); 37m Enzo Rojas por Sosa y Javier Mena por Abalos (DC).<\/p>\n<p><strong> Amonestados:<\/strong> Gonzalo Fleitas y Nelson Jara (21)<\/p>\n<p><strong> Expulsados:<\/strong> PT 33m PT Sergio Baz\u00e1n (21); ST 26 m Facundo Mansilla (21); 30m Marcelo Ju\u00e1rez (21).<\/p>\n<p><strong>Arbitro:<\/strong> \u00a0Ricardo Tripulillo (Liga de 9 de Julio); <strong>Asistentes:<\/strong> Mart\u00edn Coronel y Roberto Tavares (Liga de Bragado)<\/p>\n<p class=\"Estilo25\">\n","protected":false},"excerpt":{"rendered":"<p>Los dos equipos con mercedinos que segu\u00edan en carrera en el Federal C jugaron su suerte este domingo, pero tuvieron &#8230; <a title=\"El Front\u00f3n qued\u00f3 eliminado y Col\u00f3n sigue en Carrera\" class=\"read-more\" href=\"https:\/\/www.hoymercedes.com.ar\/principal\/2018\/03\/19\/el-fronton-quedo-eliminado-y-colon-sigue-en-carrera\/\" aria-label=\"Leer m\u00e1s sobre El Front\u00f3n qued\u00f3 eliminado y Col\u00f3n sigue en Carrera\">Leer m\u00e1s<\/a><\/p>\n","protected":false},"author":1,"featured_media":73633,"comment_status":"closed","ping_status":"open","sticky":false,"template":"","format":"standard","meta":{"_monsterinsights_skip_tracking":false,"_monsterinsights_sitenote_active":false,"_monsterinsights_sitenote_note":"","_monsterinsights_sitenote_category":0,"jetpack_post_was_ever_published":false,"_jetpack_newsletter_access":"","_jetpack_dont_email_post_to_subs":false,"_jetpack_newsletter_tier_id":0,"_jetpack_memberships_contains_paywalled_content":false,"_jetpack_memberships_contains_paid_content":false,"footnotes":"","jetpack_publicize_message":"","jetpack_publicize_feature_enabled":true,"jetpack_social_post_already_shared":true,"jetpack_social_options":{"image_generator_settings":{"template":"highway","default_image_id":0,"font":"","enabled":false},"version":2},"_wpas_customize_per_network":false},"categories":[21],"tags":[11752,204,1812,8412,1003],"class_list":["post-73632","post","type-post","status-publish","format-standard","has-post-thumbnail","hentry","category-deportes","tag-colon","tag-deportes-2","tag-el-fronton","tag-federal-c","tag-futbol","generate-columns","tablet-grid-50","mobile-grid-100","grid-parent","grid-50"],"jetpack_publicize_connections":[],"jetpack_featured_media_url":"https:\/\/www.hoymercedes.com.ar\/principal\/wp-content\/uploads\/2018\/03\/Col\u00f3n-2-El-Front\u00f3n-1-1.jpg","wps_subtitle":"Federal C","jetpack_sharing_enabled":true,"jetpack-related-posts":[{"id":73406,"url":"https:\/\/www.hoymercedes.com.ar\/principal\/2018\/03\/12\/colon-goleo-como-visitante-y-el-fronton-empato-en-su-propia-casa\/","url_meta":{"origin":73632,"position":0},"title":"Col\u00f3n gole\u00f3 como visitante y El Front\u00f3n empat\u00f3 en su propia casa","author":"hoymercedes","date":"12 marzo, 2018","format":false,"excerpt":"Comenz\u00f3 la etapa de definici\u00f3n del \u00faltimo torneo Federal C de la historia y, en busca del ascenso al nuevo torneo Regional Amateur que comenzar\u00e1 en enero pr\u00f3ximo. Col\u00f3n de Chivilcoy el s\u00e1bado fue visitante de 21 de marzo de San Miguel, con las presencias en el equipo titular de\u2026","rel":"","context":"En \u00abDeportes\u00bb","block_context":{"text":"Deportes","link":"https:\/\/www.hoymercedes.com.ar\/principal\/category\/deportes\/"},"img":{"alt_text":"","src":"https:\/\/i0.wp.com\/www.hoymercedes.com.ar\/principal\/wp-content\/uploads\/2018\/03\/DSCN0402.jpg?resize=350%2C200&ssl=1","width":350,"height":200,"srcset":"https:\/\/i0.wp.com\/www.hoymercedes.com.ar\/principal\/wp-content\/uploads\/2018\/03\/DSCN0402.jpg?resize=350%2C200&ssl=1 1x, https:\/\/i0.wp.com\/www.hoymercedes.com.ar\/principal\/wp-content\/uploads\/2018\/03\/DSCN0402.jpg?resize=525%2C300&ssl=1 1.5x, https:\/\/i0.wp.com\/www.hoymercedes.com.ar\/principal\/wp-content\/uploads\/2018\/03\/DSCN0402.jpg?resize=700%2C400&ssl=1 2x, https:\/\/i0.wp.com\/www.hoymercedes.com.ar\/principal\/wp-content\/uploads\/2018\/03\/DSCN0402.jpg?resize=1050%2C600&ssl=1 3x, https:\/\/i0.wp.com\/www.hoymercedes.com.ar\/principal\/wp-content\/uploads\/2018\/03\/DSCN0402.jpg?resize=1400%2C800&ssl=1 4x"},"classes":[]},{"id":148120,"url":"https:\/\/www.hoymercedes.com.ar\/principal\/2022\/05\/17\/futbol-paso-la-tercera-fecha-en-primera-division\/","url_meta":{"origin":73632,"position":1},"title":"Futbol: Pas\u00f3 la tercera fecha en Primera divisi\u00f3n\u00a0","author":"hoymercedes","date":"17 mayo, 2022","format":false,"excerpt":"El fin de semana se disput\u00f3 la serie de encuentros para las categor\u00edas de Primera y Segunda. Col\u00f3n de Luj\u00e1n se escapa en la divisi\u00f3n mayor y lo mismo hacen La Tijera y Defensores en segunda.\u00a0 Durante el fin de semana se llev\u00f3 a cabo la tercera fecha del torneo\u2026","rel":"","context":"En \u00abDeportes\u00bb","block_context":{"text":"Deportes","link":"https:\/\/www.hoymercedes.com.ar\/principal\/category\/deportes\/"},"img":{"alt_text":"","src":"https:\/\/i0.wp.com\/www.hoymercedes.com.ar\/principal\/wp-content\/uploads\/2022\/05\/liga-futbol.jpeg?resize=350%2C200&ssl=1","width":350,"height":200,"srcset":"https:\/\/i0.wp.com\/www.hoymercedes.com.ar\/principal\/wp-content\/uploads\/2022\/05\/liga-futbol.jpeg?resize=350%2C200&ssl=1 1x, https:\/\/i0.wp.com\/www.hoymercedes.com.ar\/principal\/wp-content\/uploads\/2022\/05\/liga-futbol.jpeg?resize=525%2C300&ssl=1 1.5x, https:\/\/i0.wp.com\/www.hoymercedes.com.ar\/principal\/wp-content\/uploads\/2022\/05\/liga-futbol.jpeg?resize=700%2C400&ssl=1 2x, https:\/\/i0.wp.com\/www.hoymercedes.com.ar\/principal\/wp-content\/uploads\/2022\/05\/liga-futbol.jpeg?resize=1050%2C600&ssl=1 3x"},"classes":[]},{"id":71168,"url":"https:\/\/www.hoymercedes.com.ar\/principal\/2017\/12\/27\/colon-de-chivilcoy-sera-el-rival-de-trocha-y-el-fronton\/","url_meta":{"origin":73632,"position":2},"title":"Col\u00f3n de Chivilcoy ser\u00e1 el rival de Trocha y El Front\u00f3n","author":"hoymercedes","date":"27 diciembre, 2017","format":false,"excerpt":"Un d\u00eda despu\u00e9s de lo estipulado por el Consejo Federal se dio a conocer c\u00f3mo ser\u00e1 el Torneo Federal C que comenzar\u00e1 el pr\u00f3ximo 28 de enero. Los equipos representantes de la Liga Mercedina, El Front\u00f3n y Trocha, compartir\u00e1n la Zona 4 con Col\u00f3n de Chivilcoy en la Regi\u00f3n Pampeana\u2026","rel":"","context":"En \u00abDeportes\u00bb","block_context":{"text":"Deportes","link":"https:\/\/www.hoymercedes.com.ar\/principal\/category\/deportes\/"},"img":{"alt_text":"","src":"https:\/\/i0.wp.com\/www.hoymercedes.com.ar\/principal\/wp-content\/uploads\/2017\/12\/DSCN9350.jpg?resize=350%2C200&ssl=1","width":350,"height":200,"srcset":"https:\/\/i0.wp.com\/www.hoymercedes.com.ar\/principal\/wp-content\/uploads\/2017\/12\/DSCN9350.jpg?resize=350%2C200&ssl=1 1x, https:\/\/i0.wp.com\/www.hoymercedes.com.ar\/principal\/wp-content\/uploads\/2017\/12\/DSCN9350.jpg?resize=525%2C300&ssl=1 1.5x, https:\/\/i0.wp.com\/www.hoymercedes.com.ar\/principal\/wp-content\/uploads\/2017\/12\/DSCN9350.jpg?resize=700%2C400&ssl=1 2x, https:\/\/i0.wp.com\/www.hoymercedes.com.ar\/principal\/wp-content\/uploads\/2017\/12\/DSCN9350.jpg?resize=1050%2C600&ssl=1 3x, https:\/\/i0.wp.com\/www.hoymercedes.com.ar\/principal\/wp-content\/uploads\/2017\/12\/DSCN9350.jpg?resize=1400%2C800&ssl=1 4x"},"classes":[]},{"id":73179,"url":"https:\/\/www.hoymercedes.com.ar\/principal\/2018\/03\/06\/el-fronton-y-colon-de-chivilcoy-ya-conocen-a-sus-rivales\/","url_meta":{"origin":73632,"position":3},"title":"El Front\u00f3n y Col\u00f3n de Chivilcoy ya conocen a sus rivales","author":"hoymercedes","date":"6 marzo, 2018","format":false,"excerpt":"A diferencia de otras temporadas, el Torneo Federal C no tendr\u00e1 fin de semana de descanso y ya este s\u00e1bado y domingo comenzar\u00e1n a jugarse los diferentes cruces rumbo al ascenso al Torneo Regional Amateur que se jugar\u00e1 en enero pr\u00f3ximo. Los rivales que tuvo Trocha en la Zona 4,\u2026","rel":"","context":"En \u00abDeportes\u00bb","block_context":{"text":"Deportes","link":"https:\/\/www.hoymercedes.com.ar\/principal\/category\/deportes\/"},"img":{"alt_text":"","src":"https:\/\/i0.wp.com\/www.hoymercedes.com.ar\/principal\/wp-content\/uploads\/2018\/03\/El-Front%C3%B3n-0-Col%C3%B3n-3-Federal-C.jpg?resize=350%2C200&ssl=1","width":350,"height":200,"srcset":"https:\/\/i0.wp.com\/www.hoymercedes.com.ar\/principal\/wp-content\/uploads\/2018\/03\/El-Front%C3%B3n-0-Col%C3%B3n-3-Federal-C.jpg?resize=350%2C200&ssl=1 1x, https:\/\/i0.wp.com\/www.hoymercedes.com.ar\/principal\/wp-content\/uploads\/2018\/03\/El-Front%C3%B3n-0-Col%C3%B3n-3-Federal-C.jpg?resize=525%2C300&ssl=1 1.5x"},"classes":[]},{"id":135780,"url":"https:\/\/www.hoymercedes.com.ar\/principal\/2021\/08\/23\/futbol-de-la-liga-resultados-y-posiciones\/","url_meta":{"origin":73632,"position":4},"title":"Futbol de La Liga: Resultados y posiciones","author":"hoymercedes","date":"23 agosto, 2021","format":false,"excerpt":"El fin de semana pasada reanud\u00f3 el fubol de la Liga Mercedina de Futbol. Desde la instituci\u00f3n dieron a conocer los resultados de cada partido y las posiciones tanto de la Primera Divisi\u00f3n como de la Reserva, as\u00ed como los encuentros de la pr\u00f3xima fecha. Primera Divisi\u00f3n TROCHA: -3-;\u00a0Lucas Gallo\u2026","rel":"","context":"En \u00abDeportes\u00bb","block_context":{"text":"Deportes","link":"https:\/\/www.hoymercedes.com.ar\/principal\/category\/deportes\/"},"img":{"alt_text":"","src":"https:\/\/i0.wp.com\/www.hoymercedes.com.ar\/principal\/wp-content\/uploads\/2021\/03\/14-cancha-liga-1.jpeg?resize=350%2C200&ssl=1","width":350,"height":200,"srcset":"https:\/\/i0.wp.com\/www.hoymercedes.com.ar\/principal\/wp-content\/uploads\/2021\/03\/14-cancha-liga-1.jpeg?resize=350%2C200&ssl=1 1x, https:\/\/i0.wp.com\/www.hoymercedes.com.ar\/principal\/wp-content\/uploads\/2021\/03\/14-cancha-liga-1.jpeg?resize=525%2C300&ssl=1 1.5x, https:\/\/i0.wp.com\/www.hoymercedes.com.ar\/principal\/wp-content\/uploads\/2021\/03\/14-cancha-liga-1.jpeg?resize=700%2C400&ssl=1 2x"},"classes":[]},{"id":73176,"url":"https:\/\/www.hoymercedes.com.ar\/principal\/2018\/03\/05\/colon-derroto-a-el-fronton-y-clasifico-primero-en-la-zona-4-de-la-pampeana-norte\/","url_meta":{"origin":73632,"position":5},"title":"Col\u00f3n derrot\u00f3 a El Front\u00f3n y clasific\u00f3 primero en la Zona 4 de la Pampeana Norte","author":"hoymercedes","date":"5 marzo, 2018","format":false,"excerpt":"Infociudadsag.com En un domingo a puro sol se disput\u00f3 la \u00faltima fecha de la zona 4 de la regi\u00f3n Bonaerense Pampeana Norte. En el estadio Lucio Zanichelli, Atl\u00e9tico Colon recibi\u00f3 a Front\u00f3n de nuestra ciudad, ambos equipos clasificados pero se jugaban algo muy valioso: el primer lugar de la zona.\u2026","rel":"","context":"En \u00abDeportes\u00bb","block_context":{"text":"Deportes","link":"https:\/\/www.hoymercedes.com.ar\/principal\/category\/deportes\/"},"img":{"alt_text":"","src":"https:\/\/i0.wp.com\/www.hoymercedes.com.ar\/principal\/wp-content\/uploads\/2018\/03\/Col%C3%B3n-2-El-Front%C3%B3n-1.jpg?resize=350%2C200&ssl=1","width":350,"height":200,"srcset":"https:\/\/i0.wp.com\/www.hoymercedes.com.ar\/principal\/wp-content\/uploads\/2018\/03\/Col%C3%B3n-2-El-Front%C3%B3n-1.jpg?resize=350%2C200&ssl=1 1x, https:\/\/i0.wp.com\/www.hoymercedes.com.ar\/principal\/wp-content\/uploads\/2018\/03\/Col%C3%B3n-2-El-Front%C3%B3n-1.jpg?resize=525%2C300&ssl=1 1.5x"},"classes":[]}],"_links":{"self":[{"href":"https:\/\/www.hoymercedes.com.ar\/principal\/wp-json\/wp\/v2\/posts\/73632","targetHints":{"allow":["GET"]}}],"collection":[{"href":"https:\/\/www.hoymercedes.com.ar\/principal\/wp-json\/wp\/v2\/posts"}],"about":[{"href":"https:\/\/www.hoymercedes.com.ar\/principal\/wp-json\/wp\/v2\/types\/post"}],"author":[{"embeddable":true,"href":"https:\/\/www.hoymercedes.com.ar\/principal\/wp-json\/wp\/v2\/users\/1"}],"replies":[{"embeddable":true,"href":"https:\/\/www.hoymercedes.com.ar\/principal\/wp-json\/wp\/v2\/comments?post=73632"}],"version-history":[{"count":0,"href":"https:\/\/www.hoymercedes.com.ar\/principal\/wp-json\/wp\/v2\/posts\/73632\/revisions"}],"wp:featuredmedia":[{"embeddable":true,"href":"https:\/\/www.hoymercedes.com.ar\/principal\/wp-json\/wp\/v2\/media\/73633"}],"wp:attachment":[{"href":"https:\/\/www.hoymercedes.com.ar\/principal\/wp-json\/wp\/v2\/media?parent=73632"}],"wp:term":[{"taxonomy":"category","embeddable":true,"href":"https:\/\/www.hoymercedes.com.ar\/principal\/wp-json\/wp\/v2\/categories?post=73632"},{"taxonomy":"post_tag","embeddable":true,"href":"https:\/\/www.hoymercedes.com.ar\/principal\/wp-json\/wp\/v2\/tags?post=73632"}],"curies":[{"name":"wp","href":"https:\/\/api.w.org\/{rel}","templated":true}]}}