{"id":73674,"date":"2018-03-20T18:14:54","date_gmt":"2018-03-20T21:14:54","guid":{"rendered":"http:\/\/www.hoymercedes.com.ar\/principal\/?p=73674"},"modified":"2018-03-20T18:14:54","modified_gmt":"2018-03-20T21:14:54","slug":"junto-a-las-mamas-otra-semana-de-alegria-para-el-programa-primeros-mil-dias","status":"publish","type":"post","link":"https:\/\/www.hoymercedes.com.ar\/principal\/2018\/03\/20\/junto-a-las-mamas-otra-semana-de-alegria-para-el-programa-primeros-mil-dias\/","title":{"rendered":"Junto a las mam\u00e1s otra semana de alegr\u00eda para el \u201cPrograma Primeros Mil D\u00edas\u201d"},"content":{"rendered":"<figure id=\"attachment_73675\" aria-describedby=\"caption-attachment-73675\" style=\"width: 610px\" class=\"wp-caption aligncenter\"><img loading=\"lazy\" decoding=\"async\" data-attachment-id=\"73675\" data-permalink=\"https:\/\/www.hoymercedes.com.ar\/principal\/2018\/03\/20\/junto-a-las-mamas-otra-semana-de-alegria-para-el-programa-primeros-mil-dias\/placas_contacto\/#main\" data-orig-file=\"https:\/\/www.hoymercedes.com.ar\/principal\/wp-content\/uploads\/2018\/03\/placas_contacto.jpg\" data-orig-size=\"1500,1500\" data-comments-opened=\"0\" data-image-meta=\"{&quot;aperture&quot;:&quot;0&quot;,&quot;credit&quot;:&quot;&quot;,&quot;camera&quot;:&quot;&quot;,&quot;caption&quot;:&quot;&quot;,&quot;created_timestamp&quot;:&quot;0&quot;,&quot;copyright&quot;:&quot;&quot;,&quot;focal_length&quot;:&quot;0&quot;,&quot;iso&quot;:&quot;0&quot;,&quot;shutter_speed&quot;:&quot;0&quot;,&quot;title&quot;:&quot;&quot;,&quot;orientation&quot;:&quot;0&quot;}\" data-image-title=\"placas_contacto\" data-image-description=\"\" data-image-caption=\"&lt;p&gt;Primeros Mil D\u00edas.&lt;br \/&gt;\nPlazas de las que se pueden ver en su perfil de Facebook&lt;\/p&gt;\n\" data-large-file=\"https:\/\/www.hoymercedes.com.ar\/principal\/wp-content\/uploads\/2018\/03\/placas_contacto-1024x1024.jpg\" class=\"size-medium wp-image-73675\" src=\"https:\/\/www.hoymercedes.com.ar\/principal\/wp-content\/uploads\/2018\/03\/placas_contacto-620x620.jpg\" alt=\"\" width=\"620\" height=\"620\" srcset=\"https:\/\/www.hoymercedes.com.ar\/principal\/wp-content\/uploads\/2018\/03\/placas_contacto-620x620.jpg 620w, https:\/\/www.hoymercedes.com.ar\/principal\/wp-content\/uploads\/2018\/03\/placas_contacto-150x150.jpg 150w, https:\/\/www.hoymercedes.com.ar\/principal\/wp-content\/uploads\/2018\/03\/placas_contacto-1024x1024.jpg 1024w, https:\/\/www.hoymercedes.com.ar\/principal\/wp-content\/uploads\/2018\/03\/placas_contacto.jpg 1500w\" sizes=\"auto, (max-width: 620px) 100vw, 620px\" \/><figcaption id=\"caption-attachment-73675\" class=\"wp-caption-text\">Primeros Mil D\u00edas.<br \/>Plazas de las que se pueden ver en su perfil de Facebook<\/figcaption><\/figure>\n<p>El Programa Primero 1000 D\u00edas contin\u00faa siendo base del cuidado de la salud de los mercedinos presentes y futuro. Ha sido ya objeto de observaci\u00f3n de distintas ciudades que se acercaron a ver la experiencia mientes esta semana se dieron a conocer algunos n\u00fameros del dispositivo de Salud y de Desarrollo social, que dan cuenta de lo arraigado del programa.<\/p>\n<p>Es que a poco menos de 10 meses de vida, ya se evidencia un registro de m\u00e1s de 700 embarazadas. Esta semana, 9 de 11 beb\u00e9s que nacieron en el Hospital Local Blas L. Dubarry, sus mam\u00e1s estaban ya inscriptas en el programa socio-sanitario.<\/p>\n<p>Desde la secretaria de Desarrollo Social y desde la de Salud se muestran optimistas por los avances que diariamente ofrece el programa. Esta semana finaliza la 8va cohorte de encuentros de preparaci\u00f3n para el parto, lactancia y crianza, con una veintena de mam\u00e1s.<\/p>\n<p>En el cierre se entregar\u00e1 un bolso de bienvenida con ajuar para el beb\u00e9 y la mam\u00e1, cambiador, pa\u00f1ales, mamadera, elementos de higiene y otros insumos necesarios para la llegada de nuevos mercedinos.<\/p>\n<p>El Intendente Juan I. Ustarroz se manifest\u00f3 complacido por la alegr\u00eda que las embarazadas muestran en los encuentros y la posibilidad de estar presente desde el primer d\u00eda de la vida de los nuevos vecinos d nuestra ciudad. \u201cEstamos presentes como Estado municipal desde el primer d\u00eda de nuestros ciudadanos, y eso nos hace sentir orgullosos\u00bb.<\/p>\n","protected":false},"excerpt":{"rendered":"<p>El Programa Primero 1000 D\u00edas contin\u00faa siendo base del cuidado de la salud de los mercedinos presentes y futuro. Ha &#8230; <a title=\"Junto a las mam\u00e1s otra semana de alegr\u00eda para el \u201cPrograma Primeros Mil D\u00edas\u201d\" class=\"read-more\" href=\"https:\/\/www.hoymercedes.com.ar\/principal\/2018\/03\/20\/junto-a-las-mamas-otra-semana-de-alegria-para-el-programa-primeros-mil-dias\/\" aria-label=\"Leer m\u00e1s sobre Junto a las mam\u00e1s otra semana de alegr\u00eda para el \u201cPrograma Primeros Mil D\u00edas\u201d\">Leer m\u00e1s<\/a><\/p>\n","protected":false},"author":1,"featured_media":73675,"comment_status":"closed","ping_status":"open","sticky":false,"template":"","format":"standard","meta":{"_monsterinsights_skip_tracking":false,"_monsterinsights_sitenote_active":false,"_monsterinsights_sitenote_note":"","_monsterinsights_sitenote_category":0,"jetpack_post_was_ever_published":false,"_jetpack_newsletter_access":"","_jetpack_dont_email_post_to_subs":false,"_jetpack_newsletter_tier_id":0,"_jetpack_memberships_contains_paywalled_content":false,"_jetpack_memberships_contains_paid_content":false,"footnotes":"","jetpack_publicize_message":"","jetpack_publicize_feature_enabled":true,"jetpack_social_post_already_shared":true,"jetpack_social_options":{"image_generator_settings":{"template":"highway","default_image_id":0,"font":"","enabled":false},"version":2},"_wpas_customize_per_network":false},"categories":[30],"tags":[585,4650,11195],"class_list":["post-73674","post","type-post","status-publish","format-standard","has-post-thumbnail","hentry","category-municipio","tag-juan-ustarroz","tag-pablo-cassiani","tag-primeros-mil-dias","generate-columns","tablet-grid-50","mobile-grid-100","grid-parent","grid-50"],"jetpack_publicize_connections":[],"jetpack_featured_media_url":"https:\/\/www.hoymercedes.com.ar\/principal\/wp-content\/uploads\/2018\/03\/placas_contacto.jpg","wps_subtitle":"9 de 11 nacimientos fueron con apoyo de 1000 D\u00edas","jetpack_sharing_enabled":true,"_links":{"self":[{"href":"https:\/\/www.hoymercedes.com.ar\/principal\/wp-json\/wp\/v2\/posts\/73674","targetHints":{"allow":["GET"]}}],"collection":[{"href":"https:\/\/www.hoymercedes.com.ar\/principal\/wp-json\/wp\/v2\/posts"}],"about":[{"href":"https:\/\/www.hoymercedes.com.ar\/principal\/wp-json\/wp\/v2\/types\/post"}],"author":[{"embeddable":true,"href":"https:\/\/www.hoymercedes.com.ar\/principal\/wp-json\/wp\/v2\/users\/1"}],"replies":[{"embeddable":true,"href":"https:\/\/www.hoymercedes.com.ar\/principal\/wp-json\/wp\/v2\/comments?post=73674"}],"version-history":[{"count":0,"href":"https:\/\/www.hoymercedes.com.ar\/principal\/wp-json\/wp\/v2\/posts\/73674\/revisions"}],"wp:featuredmedia":[{"embeddable":true,"href":"https:\/\/www.hoymercedes.com.ar\/principal\/wp-json\/wp\/v2\/media\/73675"}],"wp:attachment":[{"href":"https:\/\/www.hoymercedes.com.ar\/principal\/wp-json\/wp\/v2\/media?parent=73674"}],"wp:term":[{"taxonomy":"category","embeddable":true,"href":"https:\/\/www.hoymercedes.com.ar\/principal\/wp-json\/wp\/v2\/categories?post=73674"},{"taxonomy":"post_tag","embeddable":true,"href":"https:\/\/www.hoymercedes.com.ar\/principal\/wp-json\/wp\/v2\/tags?post=73674"}],"curies":[{"name":"wp","href":"https:\/\/api.w.org\/{rel}","templated":true}]}}