{"id":73678,"date":"2018-03-20T23:00:06","date_gmt":"2018-03-21T02:00:06","guid":{"rendered":"http:\/\/www.hoymercedes.com.ar\/principal\/?p=73678"},"modified":"2018-03-20T20:29:33","modified_gmt":"2018-03-20T23:29:33","slug":"avanza-la-obra-de-pavimentacion-de-42-de-15-a-29-que-municipio-hace-con-fondos-propios","status":"publish","type":"post","link":"https:\/\/www.hoymercedes.com.ar\/principal\/2018\/03\/20\/avanza-la-obra-de-pavimentacion-de-42-de-15-a-29-que-municipio-hace-con-fondos-propios\/","title":{"rendered":"Avanza la obra de pavimentaci\u00f3n de 42 de 15 a 29 que Municipio hace con fondos propios"},"content":{"rendered":"<figure id=\"attachment_73679\" aria-describedby=\"caption-attachment-73679\" style=\"width: 620px\" class=\"wp-caption aligncenter\"><img loading=\"lazy\" decoding=\"async\" data-attachment-id=\"73679\" data-permalink=\"https:\/\/www.hoymercedes.com.ar\/principal\/2018\/03\/20\/avanza-la-obra-de-pavimentacion-de-42-de-15-a-29-que-municipio-hace-con-fondos-propios\/pavimento-2\/#main\" data-orig-file=\"https:\/\/www.hoymercedes.com.ar\/principal\/wp-content\/uploads\/2018\/03\/Pavimento-2.jpeg\" data-orig-size=\"730,411\" data-comments-opened=\"0\" data-image-meta=\"{&quot;aperture&quot;:&quot;0&quot;,&quot;credit&quot;:&quot;&quot;,&quot;camera&quot;:&quot;&quot;,&quot;caption&quot;:&quot;&quot;,&quot;created_timestamp&quot;:&quot;0&quot;,&quot;copyright&quot;:&quot;&quot;,&quot;focal_length&quot;:&quot;0&quot;,&quot;iso&quot;:&quot;0&quot;,&quot;shutter_speed&quot;:&quot;0&quot;,&quot;title&quot;:&quot;&quot;,&quot;orientation&quot;:&quot;0&quot;}\" data-image-title=\"Pavimento (2)\" data-image-description=\"\" data-image-caption=\"&lt;p&gt; Asfalto en calle 42&lt;\/p&gt;\n\" data-large-file=\"https:\/\/www.hoymercedes.com.ar\/principal\/wp-content\/uploads\/2018\/03\/Pavimento-2.jpeg\" class=\"size-medium wp-image-73679\" src=\"https:\/\/www.hoymercedes.com.ar\/principal\/wp-content\/uploads\/2018\/03\/Pavimento-2-630x355.jpeg\" alt=\"\" width=\"630\" height=\"355\" srcset=\"https:\/\/www.hoymercedes.com.ar\/principal\/wp-content\/uploads\/2018\/03\/Pavimento-2-630x355.jpeg 630w, https:\/\/www.hoymercedes.com.ar\/principal\/wp-content\/uploads\/2018\/03\/Pavimento-2-150x84.jpeg 150w, https:\/\/www.hoymercedes.com.ar\/principal\/wp-content\/uploads\/2018\/03\/Pavimento-2.jpeg 730w\" sizes=\"auto, (max-width: 630px) 100vw, 630px\" \/><figcaption id=\"caption-attachment-73679\" class=\"wp-caption-text\">Asfalto en calle 42<\/figcaption><\/figure>\n<p>El intendente de nuestra ciudad, el Dr. Juan Ignacio Ustarroz, realiz\u00f3 una recorrida por la importante obra de asfaltado que se est\u00e1 llevando a cabo en calle 42 de 29 a 15. \u201cvenimos trabajando de manera ininterrumpida, pensando en el bienestar de los mercedinos, realizando obras en todos los barrios de nuestra ciudad solventadas con recursos propios\u201d destac\u00f3 el Dr. Ustarroz.<\/p>\n<p>\u201cEstamos muy felices por esta obra que quiz\u00e1s no era tan esperada por los vecinos, de hecho nos hab\u00edan planteado que con tosca y piedra se contentaban, pero nosotros vemos esta obra desde una visi\u00f3n integral de la ciudad\u201d y puntualiz\u00f3 \u201cno solo se piensa en el asfalto -vamos a asfaltar estas siete cuadras doble mano (catorce en total)-\u00a0 sino en la integraci\u00f3n de los barrios mediante esta arteria que ser\u00e1 utilizada por muchos vecinos\u201d. Recalc\u00f3, el primer mandatario.<\/p>\n<figure id=\"attachment_73680\" aria-describedby=\"caption-attachment-73680\" style=\"width: 620px\" class=\"wp-caption aligncenter\"><img loading=\"lazy\" decoding=\"async\" data-attachment-id=\"73680\" data-permalink=\"https:\/\/www.hoymercedes.com.ar\/principal\/2018\/03\/20\/avanza-la-obra-de-pavimentacion-de-42-de-15-a-29-que-municipio-hace-con-fondos-propios\/pavimento-5\/#main\" data-orig-file=\"https:\/\/www.hoymercedes.com.ar\/principal\/wp-content\/uploads\/2018\/03\/Pavimento-5.jpeg\" data-orig-size=\"730,411\" data-comments-opened=\"0\" data-image-meta=\"{&quot;aperture&quot;:&quot;0&quot;,&quot;credit&quot;:&quot;&quot;,&quot;camera&quot;:&quot;&quot;,&quot;caption&quot;:&quot;&quot;,&quot;created_timestamp&quot;:&quot;0&quot;,&quot;copyright&quot;:&quot;&quot;,&quot;focal_length&quot;:&quot;0&quot;,&quot;iso&quot;:&quot;0&quot;,&quot;shutter_speed&quot;:&quot;0&quot;,&quot;title&quot;:&quot;&quot;,&quot;orientation&quot;:&quot;0&quot;}\" data-image-title=\"Pavimento (5)\" data-image-description=\"\" data-image-caption=\"&lt;p&gt;Ser\u00e1 doble mano&lt;\/p&gt;\n\" data-large-file=\"https:\/\/www.hoymercedes.com.ar\/principal\/wp-content\/uploads\/2018\/03\/Pavimento-5.jpeg\" class=\"size-medium wp-image-73680\" src=\"https:\/\/www.hoymercedes.com.ar\/principal\/wp-content\/uploads\/2018\/03\/Pavimento-5-630x355.jpeg\" alt=\"\" width=\"630\" height=\"355\" srcset=\"https:\/\/www.hoymercedes.com.ar\/principal\/wp-content\/uploads\/2018\/03\/Pavimento-5-630x355.jpeg 630w, https:\/\/www.hoymercedes.com.ar\/principal\/wp-content\/uploads\/2018\/03\/Pavimento-5-150x84.jpeg 150w, https:\/\/www.hoymercedes.com.ar\/principal\/wp-content\/uploads\/2018\/03\/Pavimento-5.jpeg 730w\" sizes=\"auto, (max-width: 630px) 100vw, 630px\" \/><figcaption id=\"caption-attachment-73680\" class=\"wp-caption-text\">Ser\u00e1 doble mano<\/figcaption><\/figure>\n<p>Estuvieron \u00a0adem\u00e1s, el Jefe de Gabinete Municipal, Mat\u00edas Dematei, el Secretario de Obras P\u00fablicas, licenciado Alberto Navarrete y el ingeniero Lucas Navas.<\/p>\n<p>Alberto Navarrete, Secretario de Obras P\u00fablicas, expres\u00f3 \u201cestamos muy contentos, ya desde el a\u00f1o pasado venimos trabajando en este proyecto, cuando el 27 de diciembre del 2017, el Intendente firm\u00f3 el decreto de la ampliaci\u00f3n para la continuaci\u00f3n de obras\u201d y a\u00f1adi\u00f3 \u201ccon muy buen criterio se eligi\u00f3 esta arteria fundamental que es la calle 42, ya vemos concretamente trabajos realiz\u00e1ndose en este momento, as\u00ed que estamos muy felices de estar supervisando esta obra en este momento\u201d.<\/p>\n<p>El Jefe de Gabinete Municipal, Mat\u00edas Dematei, tambi\u00e9n dej\u00f3 su impresi\u00f3n \u201cson obras que no paran, este Municipio se encuentra activo todo el tiempo\u201d y a\u00f1adi\u00f3 \u201cser parte de esta gesti\u00f3n que no se detiene y que realiza en todos los barrios acciones concretas, me pone muy contento\u201d.<\/p>\n<figure id=\"attachment_73681\" aria-describedby=\"caption-attachment-73681\" style=\"width: 620px\" class=\"wp-caption aligncenter\"><img loading=\"lazy\" decoding=\"async\" data-attachment-id=\"73681\" data-permalink=\"https:\/\/www.hoymercedes.com.ar\/principal\/2018\/03\/20\/avanza-la-obra-de-pavimentacion-de-42-de-15-a-29-que-municipio-hace-con-fondos-propios\/pavimento-4\/#main\" data-orig-file=\"https:\/\/www.hoymercedes.com.ar\/principal\/wp-content\/uploads\/2018\/03\/Pavimento-4.jpeg\" data-orig-size=\"730,411\" data-comments-opened=\"0\" data-image-meta=\"{&quot;aperture&quot;:&quot;0&quot;,&quot;credit&quot;:&quot;&quot;,&quot;camera&quot;:&quot;&quot;,&quot;caption&quot;:&quot;&quot;,&quot;created_timestamp&quot;:&quot;0&quot;,&quot;copyright&quot;:&quot;&quot;,&quot;focal_length&quot;:&quot;0&quot;,&quot;iso&quot;:&quot;0&quot;,&quot;shutter_speed&quot;:&quot;0&quot;,&quot;title&quot;:&quot;&quot;,&quot;orientation&quot;:&quot;0&quot;}\" data-image-title=\"Pavimento (4)\" data-image-description=\"\" data-image-caption=\"&lt;p&gt;Tendr\u00e1 bicisenda e iluminaci\u00f3n&lt;\/p&gt;\n\" data-large-file=\"https:\/\/www.hoymercedes.com.ar\/principal\/wp-content\/uploads\/2018\/03\/Pavimento-4.jpeg\" class=\"size-medium wp-image-73681\" src=\"https:\/\/www.hoymercedes.com.ar\/principal\/wp-content\/uploads\/2018\/03\/Pavimento-4-630x355.jpeg\" alt=\"\" width=\"630\" height=\"355\" srcset=\"https:\/\/www.hoymercedes.com.ar\/principal\/wp-content\/uploads\/2018\/03\/Pavimento-4-630x355.jpeg 630w, https:\/\/www.hoymercedes.com.ar\/principal\/wp-content\/uploads\/2018\/03\/Pavimento-4-150x84.jpeg 150w, https:\/\/www.hoymercedes.com.ar\/principal\/wp-content\/uploads\/2018\/03\/Pavimento-4.jpeg 730w\" sizes=\"auto, (max-width: 630px) 100vw, 630px\" \/><figcaption id=\"caption-attachment-73681\" class=\"wp-caption-text\">Tendr\u00e1 bicisenda e iluminaci\u00f3n<\/figcaption><\/figure>\n<p>Por su parte, el ingeniero, Lucas Navas, explic\u00f3 las particularidades de la obra \u201clo que es la estructura del pavimento es muy similar al realizado en la calle 26 \u2013base de suelo cal con escoria y carpeta asf\u00e1ltica- la diferencia reside en el agregado del cord\u00f3n cuneta de hormig\u00f3n por donde canaliza el agua. Adem\u00e1s, por el ancho de la calle ser\u00e1 una avenida, por ese motivo, habr\u00e1 una peque\u00f1a divisi\u00f3n central de hormig\u00f3n d\u00f3nde se colocaran farolas para mejorar la iluminaci\u00f3n y est\u00e9tica del lugar\u201d.<\/p>\n<p><strong>Recursos<\/strong><\/p>\n<p>Por otra parte, el intendente Ustarroz, se\u00f1al\u00f3 \u201cvenimos trabajando fuertemente en el asfaltado -llegamos a las 50 calles pavimentadas- tambi\u00e9n en lo referente a la extensi\u00f3n de cloacas, conexi\u00f3n de red fina, extensi\u00f3n de red de agua, todo lo que tiene que ver con iluminaci\u00f3n led\u201d y resalt\u00f3 \u201ceste a\u00f1o vamos a tener una inversi\u00f3n sin precedentes, con recursos propios en infraestructura para la ciudad de Mercedes\u201d.<\/p>\n<p>Adem\u00e1s,\u00a0 agreg\u00f3 \u201cno s\u00f3lo queremos lograr obras de calidad y con una est\u00e9tica bien definida, sino tambi\u00e9n, generando que el espacio p\u00fablico sea familiar donde la gente pueda disfrutar de su entorno\u201d<\/p>\n<p><strong>Moratoria 2018<\/strong><\/p>\n<p>\u201cQuiero agradecer a la gente, hoy tenemos a 700 personas que se han sumado a la moratoria, de la cual ya llevamos recaudado m\u00e1s de cuatro millones de pesos que ser\u00e1n destinados espec\u00edficamente a obras\u201d y resalt\u00f3 \u201ccuando el contribuyente y todos los vecinos hacemos el esfuerzo y aportamos a la comunidad, esta avanza, crece y se desarrolla\u201d destac\u00f3, \u00a0el primer mandatario, Juan Ignacio Ustarroz.<\/p>\n<p><span class=\"embed-youtube\" style=\"text-align:center; display: block;\"><iframe loading=\"lazy\" class=\"youtube-player\" width=\"1200\" height=\"675\" src=\"https:\/\/www.youtube.com\/embed\/Q3pRZwaXvis?version=3&#038;rel=1&#038;showsearch=0&#038;showinfo=1&#038;iv_load_policy=1&#038;fs=1&#038;hl=es-ES&#038;autohide=2&#038;wmode=transparent\" allowfullscreen=\"true\" style=\"border:0;\" sandbox=\"allow-scripts allow-same-origin allow-popups allow-presentation allow-popups-to-escape-sandbox\"><\/iframe><\/span><\/p>\n<p>Fuente: Municipio<\/p>\n","protected":false},"excerpt":{"rendered":"<p>El intendente de nuestra ciudad, el Dr. Juan Ignacio Ustarroz, realiz\u00f3 una recorrida por la importante obra de asfaltado que &#8230; <a title=\"Avanza la obra de pavimentaci\u00f3n de 42 de 15 a 29 que Municipio hace con fondos propios\" class=\"read-more\" href=\"https:\/\/www.hoymercedes.com.ar\/principal\/2018\/03\/20\/avanza-la-obra-de-pavimentacion-de-42-de-15-a-29-que-municipio-hace-con-fondos-propios\/\" aria-label=\"Leer m\u00e1s sobre Avanza la obra de pavimentaci\u00f3n de 42 de 15 a 29 que Municipio hace con fondos propios\">Leer m\u00e1s<\/a><\/p>\n","protected":false},"author":1,"featured_media":73679,"comment_status":"closed","ping_status":"open","sticky":false,"template":"","format":"standard","meta":{"_monsterinsights_skip_tracking":false,"_monsterinsights_sitenote_active":false,"_monsterinsights_sitenote_note":"","_monsterinsights_sitenote_category":0,"jetpack_post_was_ever_published":false,"_jetpack_newsletter_access":"","_jetpack_dont_email_post_to_subs":false,"_jetpack_newsletter_tier_id":0,"_jetpack_memberships_contains_paywalled_content":false,"_jetpack_memberships_contains_paid_content":false,"footnotes":"","jetpack_publicize_message":"","jetpack_publicize_feature_enabled":true,"jetpack_social_post_already_shared":true,"jetpack_social_options":{"image_generator_settings":{"template":"highway","default_image_id":0,"font":"","enabled":false},"version":2},"_wpas_customize_per_network":false},"categories":[30],"tags":[340,585,10,244,5947,369],"class_list":["post-73678","post","type-post","status-publish","format-standard","has-post-thumbnail","hentry","category-municipio","tag-asfalto","tag-juan-ustarroz","tag-mercedes","tag-municipio-2","tag-obras-publicas","tag-pavimentacion","generate-columns","tablet-grid-50","mobile-grid-100","grid-parent","grid-50"],"jetpack_publicize_connections":[],"jetpack_featured_media_url":"https:\/\/www.hoymercedes.com.ar\/principal\/wp-content\/uploads\/2018\/03\/Pavimento-2.jpeg","wps_subtitle":"Plan Integral","jetpack_sharing_enabled":true,"_links":{"self":[{"href":"https:\/\/www.hoymercedes.com.ar\/principal\/wp-json\/wp\/v2\/posts\/73678","targetHints":{"allow":["GET"]}}],"collection":[{"href":"https:\/\/www.hoymercedes.com.ar\/principal\/wp-json\/wp\/v2\/posts"}],"about":[{"href":"https:\/\/www.hoymercedes.com.ar\/principal\/wp-json\/wp\/v2\/types\/post"}],"author":[{"embeddable":true,"href":"https:\/\/www.hoymercedes.com.ar\/principal\/wp-json\/wp\/v2\/users\/1"}],"replies":[{"embeddable":true,"href":"https:\/\/www.hoymercedes.com.ar\/principal\/wp-json\/wp\/v2\/comments?post=73678"}],"version-history":[{"count":0,"href":"https:\/\/www.hoymercedes.com.ar\/principal\/wp-json\/wp\/v2\/posts\/73678\/revisions"}],"wp:featuredmedia":[{"embeddable":true,"href":"https:\/\/www.hoymercedes.com.ar\/principal\/wp-json\/wp\/v2\/media\/73679"}],"wp:attachment":[{"href":"https:\/\/www.hoymercedes.com.ar\/principal\/wp-json\/wp\/v2\/media?parent=73678"}],"wp:term":[{"taxonomy":"category","embeddable":true,"href":"https:\/\/www.hoymercedes.com.ar\/principal\/wp-json\/wp\/v2\/categories?post=73678"},{"taxonomy":"post_tag","embeddable":true,"href":"https:\/\/www.hoymercedes.com.ar\/principal\/wp-json\/wp\/v2\/tags?post=73678"}],"curies":[{"name":"wp","href":"https:\/\/api.w.org\/{rel}","templated":true}]}}