{"id":73706,"date":"2018-03-21T15:44:03","date_gmt":"2018-03-21T18:44:03","guid":{"rendered":"http:\/\/www.hoymercedes.com.ar\/principal\/?p=73706"},"modified":"2018-03-21T15:50:28","modified_gmt":"2018-03-21T18:50:28","slug":"hallan-hombre-fallecido-en-la-zona-rural","status":"publish","type":"post","link":"https:\/\/www.hoymercedes.com.ar\/principal\/2018\/03\/21\/hallan-hombre-fallecido-en-la-zona-rural\/","title":{"rendered":"Hallan hombre fallecido en la zona rural"},"content":{"rendered":"<p>Bajo la caratula \u00abAveriguaciones Causales de Muerte\u00bb, la UFI N\u00b0 4 del Departamento Judicial Mercedes est\u00e1 investigando el fallecimiento de un hombre de 76 a\u00f1os aparecido en un establecimiento rural del cuartel 19 debajo de una cosechadora. De acuerdo a las primera informaciones habr\u00eda sido un accidente laboral. La persona fallecida fue identificada como Osvaldo Julio Repetto.<\/p>\n<p>Desde la Patrulla Rural Mercedes informaron que, tras recibir el llamado del 911, se hicieron presentes en el\u00a0 establecimiento rural sito en cuartel 19. All\u00ed constataron que hab\u00eda una persona fallecida. Seg\u00fan dijo la esposa de la v\u00edctima habr\u00eda tenido\u00a0un accidente laboral.<\/p>\n<p>Constituido en el lugar se constat\u00f3 que debajo de una cosechadora Vasalli 1200 se encontraba sin vida el se\u00f1or Osvaldo Julio Repetto de 76 a\u00f1os edad. La v\u00edctima resid\u00eda en el lugar junto a su esposa, qui\u00e9n lo hall\u00f3 debajo de la maquinaria aprisionado.<\/p>\n<p>La Polic\u00eda Rural dio intervenci\u00f3n a la Fiscal\u00eda N\u00b0 4 de Mercedes que caratul\u00f3 la investigaci\u00f3n como \u00abAveriguaciones Causales de Muerte\u00bb, para luego solicitar la autopsia a realizarse en la localidad de Chivilcoy con el fin de establecer las causas del deceso.<\/p>\n<p>Del procedimiento tambi\u00e9n participaron Bomberos Voluntarios de Mercedes quienes colaboraron en la ocasion.<\/p>\n<p>&nbsp;<\/p>\n<p>Fuente: CPR Mercedes<\/p>\n","protected":false},"excerpt":{"rendered":"<p>Bajo la caratula \u00abAveriguaciones Causales de Muerte\u00bb, la UFI N\u00b0 4 del Departamento Judicial Mercedes est\u00e1 investigando el fallecimiento de &#8230; <a title=\"Hallan hombre fallecido en la zona rural\" class=\"read-more\" href=\"https:\/\/www.hoymercedes.com.ar\/principal\/2018\/03\/21\/hallan-hombre-fallecido-en-la-zona-rural\/\" aria-label=\"Leer m\u00e1s sobre Hallan hombre fallecido en la zona rural\">Leer m\u00e1s<\/a><\/p>\n","protected":false},"author":1,"featured_media":73707,"comment_status":"closed","ping_status":"open","sticky":false,"template":"","format":"standard","meta":{"_monsterinsights_skip_tracking":false,"_monsterinsights_sitenote_active":false,"_monsterinsights_sitenote_note":"","_monsterinsights_sitenote_category":0,"jetpack_post_was_ever_published":false,"_jetpack_newsletter_access":"","_jetpack_dont_email_post_to_subs":false,"_jetpack_newsletter_tier_id":0,"_jetpack_memberships_contains_paywalled_content":false,"_jetpack_memberships_contains_paid_content":false,"footnotes":"","jetpack_publicize_message":"","jetpack_publicize_feature_enabled":true,"jetpack_social_post_already_shared":true,"jetpack_social_options":{"image_generator_settings":{"template":"highway","default_image_id":0,"font":"","enabled":false},"version":2},"_wpas_customize_per_network":false},"categories":[85],"tags":[8777,12404,96],"class_list":["post-73706","post","type-post","status-publish","format-standard","has-post-thumbnail","hentry","category-policial","tag-fallecimiento","tag-policia-rural-mercedes","tag-policial-2","generate-columns","tablet-grid-50","mobile-grid-100","grid-parent","grid-50"],"jetpack_publicize_connections":[],"jetpack_featured_media_url":"https:\/\/www.hoymercedes.com.ar\/principal\/wp-content\/uploads\/2018\/03\/21-cosechadora.jpg","wps_subtitle":"Averiguan los causales de muerte","jetpack_sharing_enabled":true,"_links":{"self":[{"href":"https:\/\/www.hoymercedes.com.ar\/principal\/wp-json\/wp\/v2\/posts\/73706","targetHints":{"allow":["GET"]}}],"collection":[{"href":"https:\/\/www.hoymercedes.com.ar\/principal\/wp-json\/wp\/v2\/posts"}],"about":[{"href":"https:\/\/www.hoymercedes.com.ar\/principal\/wp-json\/wp\/v2\/types\/post"}],"author":[{"embeddable":true,"href":"https:\/\/www.hoymercedes.com.ar\/principal\/wp-json\/wp\/v2\/users\/1"}],"replies":[{"embeddable":true,"href":"https:\/\/www.hoymercedes.com.ar\/principal\/wp-json\/wp\/v2\/comments?post=73706"}],"version-history":[{"count":0,"href":"https:\/\/www.hoymercedes.com.ar\/principal\/wp-json\/wp\/v2\/posts\/73706\/revisions"}],"wp:featuredmedia":[{"embeddable":true,"href":"https:\/\/www.hoymercedes.com.ar\/principal\/wp-json\/wp\/v2\/media\/73707"}],"wp:attachment":[{"href":"https:\/\/www.hoymercedes.com.ar\/principal\/wp-json\/wp\/v2\/media?parent=73706"}],"wp:term":[{"taxonomy":"category","embeddable":true,"href":"https:\/\/www.hoymercedes.com.ar\/principal\/wp-json\/wp\/v2\/categories?post=73706"},{"taxonomy":"post_tag","embeddable":true,"href":"https:\/\/www.hoymercedes.com.ar\/principal\/wp-json\/wp\/v2\/tags?post=73706"}],"curies":[{"name":"wp","href":"https:\/\/api.w.org\/{rel}","templated":true}]}}