{"id":73728,"date":"2018-03-22T08:00:15","date_gmt":"2018-03-22T11:00:15","guid":{"rendered":"http:\/\/www.hoymercedes.com.ar\/principal\/?p=73728"},"modified":"2018-03-22T17:54:57","modified_gmt":"2018-03-22T20:54:57","slug":"municipio-por-medio-de-desarrollo-social-lanza-nuevo-programa-de-mejoramiento-habitacional","status":"publish","type":"post","link":"https:\/\/www.hoymercedes.com.ar\/principal\/2018\/03\/22\/municipio-por-medio-de-desarrollo-social-lanza-nuevo-programa-de-mejoramiento-habitacional\/","title":{"rendered":"Municipio por medio de Desarrollo Social lanza nuevo programa de mejoramiento habitacional"},"content":{"rendered":"<p>El Municipio de Mercedes lanz\u00f3, a trav\u00e9s de la Secretar\u00eda de Desarrollo Social, el Programa de mejoramiento habitacional. El mismo tiene el objetivo de renovar, reparar y corregir las condiciones habitacionales de los vecinos de nuestra ciudad. \u201cEl objetivo para este a\u00f1o es hacer una entrega ordenada, atendiendo las necesidades de las personas que m\u00e1s lo necesitan\u201d expres\u00f3\u00a0\u00a0 Nicol\u00e1s Zeballos, perteneciente a la Secretaria de Desarrollo Social municipal.<\/p>\n<p>E inform\u00f3 \u201ca partir del d\u00eda lunes, 19 de marzo hasta el 28 de marzo, desde la 09:00 a 13:00 horas, se podr\u00e1n inscribir aquellas personas que est\u00e9n interesados en realizar una mejora habitacional en su casa\u201d y agreg\u00f3 \u201cpusimos una serie de requisitos con el objetivo de poder llegar a aquellos casos que requieran mayor urgencia\u201d.<\/p>\n<p>Adem\u00e1s, indic\u00f3 \u201clos Presidentes de las Sociedades de Fomento fueron los que m\u00e1s informaci\u00f3n aportaron para poder realizar los cambios y optimizar el programa de mejoramiento habitacional de este a\u00f1o\u201d.<\/p>\n<p>\u201cDe marzo a junio se har\u00e1n 180 entregas, divididas en tres etapas (abril 60 entregas, mayo 60 entregas\u00a0 y junio 60 entregas). Se eligi\u00f3 esta modalidad para que las arquitectas tengan el tiempo necesario para poder seguir todos los casos y no haya equivocaciones en la construcci\u00f3n o faltantes por parte de los particulares de los materiales entregados\u201d especific\u00f3, Nicol\u00e1s Zeballos.<\/p>\n<p>La inscripci\u00f3n es r\u00e1pida, se completa un formulario y habr\u00e1 una charla informativa en la cual se detallar\u00e1n los requisitos. Adem\u00e1s, esta inscripci\u00f3n es v\u00e1lida para todo el 2018.<\/p>\n<p><strong>Requisitos: <\/strong><\/p>\n<p>-Personas con ingresos inferiores a 9.500 pesos \u2013m\u00ednimo del salario vital y m\u00f3vil vigente hasta el primero de julio-\u00a0 el mismo no es excluyente.<\/p>\n<p>-Mayores de 18 a\u00f1os.<\/p>\n<p>-Deben ser propietarios de un terreno.<\/p>\n<p>-Puede ser utilizada para continuaci\u00f3n de obra o para ampliaci\u00f3n de obra ya terminada.<\/p>\n<p>-No tiene que presentar ninguna documentaci\u00f3n (posterior evaluaci\u00f3n de arquitectos y trabajador social, se le informar\u00e1 si est\u00e1 en condiciones de recibir esta mejora, en caso positivo, ah\u00ed si deber\u00e1 presentar documentaci\u00f3n).<\/p>\n<p>Las obras tendr\u00e1n una fecha de inicio y una fecha de finalizaci\u00f3n. En caso de no cumplirse \u2013quedan exentas por cuestiones clim\u00e1ticas, inconvenientes en la entrega de materiales, etc- con el tiempo estipulado ser\u00e1 sancionada. La misma es la finalizaci\u00f3n de la ayuda otorgada.<\/p>\n<p>Las evaluaciones previas, las estar\u00e1n haciendo arquitectos y trabajadores sociales, y el seguimiento lo har\u00e1n los\/as arquitectos\/as.<\/p>\n<p>&nbsp;<\/p>\n<p>Fuente: Prensa Municipal<\/p>\n","protected":false},"excerpt":{"rendered":"<p>El Municipio de Mercedes lanz\u00f3, a trav\u00e9s de la Secretar\u00eda de Desarrollo Social, el Programa de mejoramiento habitacional. El mismo &#8230; <a title=\"Municipio por medio de Desarrollo Social lanza nuevo programa de mejoramiento habitacional\" class=\"read-more\" href=\"https:\/\/www.hoymercedes.com.ar\/principal\/2018\/03\/22\/municipio-por-medio-de-desarrollo-social-lanza-nuevo-programa-de-mejoramiento-habitacional\/\" aria-label=\"Leer m\u00e1s sobre Municipio por medio de Desarrollo Social lanza nuevo programa de mejoramiento habitacional\">Leer m\u00e1s<\/a><\/p>\n","protected":false},"author":1,"featured_media":73729,"comment_status":"closed","ping_status":"open","sticky":false,"template":"","format":"standard","meta":{"_monsterinsights_skip_tracking":false,"_monsterinsights_sitenote_active":false,"_monsterinsights_sitenote_note":"","_monsterinsights_sitenote_category":0,"jetpack_post_was_ever_published":false,"_jetpack_newsletter_access":"","_jetpack_dont_email_post_to_subs":false,"_jetpack_newsletter_tier_id":0,"_jetpack_memberships_contains_paywalled_content":false,"_jetpack_memberships_contains_paid_content":false,"footnotes":"","jetpack_publicize_message":"","jetpack_publicize_feature_enabled":true,"jetpack_social_post_already_shared":true,"jetpack_social_options":{"image_generator_settings":{"template":"highway","default_image_id":0,"font":"","enabled":false},"version":2},"_wpas_customize_per_network":false},"categories":[30],"tags":[870,10,244,12806],"class_list":["post-73728","post","type-post","status-publish","format-standard","has-post-thumbnail","hentry","category-municipio","tag-desarrollo-social","tag-mercedes","tag-municipio-2","tag-nicolas-zeballos","generate-columns","tablet-grid-50","mobile-grid-100","grid-parent","grid-50"],"jetpack_publicize_connections":[],"jetpack_featured_media_url":"https:\/\/www.hoymercedes.com.ar\/principal\/wp-content\/uploads\/2018\/03\/entrada.unzue_.jpg","wps_subtitle":"Apoyo ciudadano ","jetpack_sharing_enabled":true,"_links":{"self":[{"href":"https:\/\/www.hoymercedes.com.ar\/principal\/wp-json\/wp\/v2\/posts\/73728","targetHints":{"allow":["GET"]}}],"collection":[{"href":"https:\/\/www.hoymercedes.com.ar\/principal\/wp-json\/wp\/v2\/posts"}],"about":[{"href":"https:\/\/www.hoymercedes.com.ar\/principal\/wp-json\/wp\/v2\/types\/post"}],"author":[{"embeddable":true,"href":"https:\/\/www.hoymercedes.com.ar\/principal\/wp-json\/wp\/v2\/users\/1"}],"replies":[{"embeddable":true,"href":"https:\/\/www.hoymercedes.com.ar\/principal\/wp-json\/wp\/v2\/comments?post=73728"}],"version-history":[{"count":0,"href":"https:\/\/www.hoymercedes.com.ar\/principal\/wp-json\/wp\/v2\/posts\/73728\/revisions"}],"wp:featuredmedia":[{"embeddable":true,"href":"https:\/\/www.hoymercedes.com.ar\/principal\/wp-json\/wp\/v2\/media\/73729"}],"wp:attachment":[{"href":"https:\/\/www.hoymercedes.com.ar\/principal\/wp-json\/wp\/v2\/media?parent=73728"}],"wp:term":[{"taxonomy":"category","embeddable":true,"href":"https:\/\/www.hoymercedes.com.ar\/principal\/wp-json\/wp\/v2\/categories?post=73728"},{"taxonomy":"post_tag","embeddable":true,"href":"https:\/\/www.hoymercedes.com.ar\/principal\/wp-json\/wp\/v2\/tags?post=73728"}],"curies":[{"name":"wp","href":"https:\/\/api.w.org\/{rel}","templated":true}]}}