{"id":73749,"date":"2018-03-22T13:56:09","date_gmt":"2018-03-22T16:56:09","guid":{"rendered":"http:\/\/www.hoymercedes.com.ar\/principal\/?p=73749"},"modified":"2018-03-22T13:56:09","modified_gmt":"2018-03-22T16:56:09","slug":"convocan-a-nueva-reunion-de-vecinos-en-gowland","status":"publish","type":"post","link":"https:\/\/www.hoymercedes.com.ar\/principal\/2018\/03\/22\/convocan-a-nueva-reunion-de-vecinos-en-gowland\/","title":{"rendered":"Convocan a nueva reuni\u00f3n de vecinos en Gowland"},"content":{"rendered":"<p>En la tarde de este jueves 22 de marzo, a partir de la hora 18, los vecinos de Gowland y Agote, mantendr\u00e1n una reuni\u00f3n con el Intendente Juan Ignacio Ustarroz y referentes de distintas \u00e1reas municipales.<\/p>\n<p>Luego del encuentro que tuvieron con las autoridades comunales a finales de febrero, este jueves se llevar\u00e1 el encuentro programado y propuesto por el Municipio. En la sede de la Sociedad de Fomento de Gowland (calle 511 entre 504 y 506), el tema principal es la seguridad en la zona rural.<\/p>\n<p>El temario propuesto es el siguiente:<\/p>\n<p>\u2022 Enfoque en seguridad (donde las autoridades se referir\u00e1n al plan de seguridad para la zona)<\/p>\n<p>\u2022 Temas generales (Estar\u00e1n presentes funcionarios de distintas \u00e1reas para escuchar inquietudes y necesidades vecinales)<\/p>\n<p>\u2022 #Bot\u00f3ndeP\u00e1nico (Capacitaci\u00f3n e inscripci\u00f3n).<\/p>\n","protected":false},"excerpt":{"rendered":"<p>En la tarde de este jueves 22 de marzo, a partir de la hora 18, los vecinos de Gowland y &#8230; <a title=\"Convocan a nueva reuni\u00f3n de vecinos en Gowland\" class=\"read-more\" href=\"https:\/\/www.hoymercedes.com.ar\/principal\/2018\/03\/22\/convocan-a-nueva-reunion-de-vecinos-en-gowland\/\" aria-label=\"Leer m\u00e1s sobre Convocan a nueva reuni\u00f3n de vecinos en Gowland\">Leer m\u00e1s<\/a><\/p>\n","protected":false},"author":1,"featured_media":0,"comment_status":"closed","ping_status":"open","sticky":false,"template":"","format":"standard","meta":{"_monsterinsights_skip_tracking":false,"_monsterinsights_sitenote_active":false,"_monsterinsights_sitenote_note":"","_monsterinsights_sitenote_category":0,"jetpack_post_was_ever_published":false,"_jetpack_newsletter_access":"","_jetpack_dont_email_post_to_subs":false,"_jetpack_newsletter_tier_id":0,"_jetpack_memberships_contains_paywalled_content":false,"_jetpack_memberships_contains_paid_content":false,"footnotes":"","jetpack_publicize_message":"","jetpack_publicize_feature_enabled":true,"jetpack_social_post_already_shared":true,"jetpack_social_options":{"image_generator_settings":{"template":"highway","default_image_id":0,"font":"","enabled":false},"version":2},"_wpas_customize_per_network":false},"categories":[10615],"tags":[1981,600,875,244,802,9036],"class_list":["post-73749","post","type-post","status-publish","format-standard","hentry","category-barrios","tag-agote","tag-barrios","tag-gowland","tag-municipio-2","tag-seguridad","tag-vecinos","generate-columns","tablet-grid-50","mobile-grid-100","grid-parent","grid-50"],"jetpack_publicize_connections":[],"jetpack_featured_media_url":"","wps_subtitle":"","jetpack_sharing_enabled":true,"_links":{"self":[{"href":"https:\/\/www.hoymercedes.com.ar\/principal\/wp-json\/wp\/v2\/posts\/73749","targetHints":{"allow":["GET"]}}],"collection":[{"href":"https:\/\/www.hoymercedes.com.ar\/principal\/wp-json\/wp\/v2\/posts"}],"about":[{"href":"https:\/\/www.hoymercedes.com.ar\/principal\/wp-json\/wp\/v2\/types\/post"}],"author":[{"embeddable":true,"href":"https:\/\/www.hoymercedes.com.ar\/principal\/wp-json\/wp\/v2\/users\/1"}],"replies":[{"embeddable":true,"href":"https:\/\/www.hoymercedes.com.ar\/principal\/wp-json\/wp\/v2\/comments?post=73749"}],"version-history":[{"count":0,"href":"https:\/\/www.hoymercedes.com.ar\/principal\/wp-json\/wp\/v2\/posts\/73749\/revisions"}],"wp:attachment":[{"href":"https:\/\/www.hoymercedes.com.ar\/principal\/wp-json\/wp\/v2\/media?parent=73749"}],"wp:term":[{"taxonomy":"category","embeddable":true,"href":"https:\/\/www.hoymercedes.com.ar\/principal\/wp-json\/wp\/v2\/categories?post=73749"},{"taxonomy":"post_tag","embeddable":true,"href":"https:\/\/www.hoymercedes.com.ar\/principal\/wp-json\/wp\/v2\/tags?post=73749"}],"curies":[{"name":"wp","href":"https:\/\/api.w.org\/{rel}","templated":true}]}}