{"id":73768,"date":"2018-03-23T08:15:39","date_gmt":"2018-03-23T11:15:39","guid":{"rendered":"http:\/\/www.hoymercedes.com.ar\/principal\/?p=73768"},"modified":"2018-03-23T08:04:47","modified_gmt":"2018-03-23T11:04:47","slug":"selva-es-el-vicepresidente-de-la-comision-de-asuntos-municipales-en-diputados","status":"publish","type":"post","link":"https:\/\/www.hoymercedes.com.ar\/principal\/2018\/03\/23\/selva-es-el-vicepresidente-de-la-comision-de-asuntos-municipales-en-diputados\/","title":{"rendered":"Selva es el vicepresidente de la Comisi\u00f3n de Asuntos Municipales en Diputados"},"content":{"rendered":"<p><em><strong>El Diputado Nacional\u00a0Carlos Selva fue electo vicepresidente de la Comisi\u00f3n de Asuntos Municipales de la C\u00e1mara de Diputados en el marco de la\u00a0reuni\u00f3n constitutiva de dicha comisi\u00f3n. \u201cHay problem\u00e1ticas serias\u201d, reconoci\u00f3 el legislador. \u201cEs un orgullo poder aportar a la visibilizaci\u00f3n de las problem\u00e1ticas y realidades de los municipios\u201d, dijo el ex intendente de Mercedes.<\/strong><\/em><\/p>\n<p><img loading=\"lazy\" decoding=\"async\" data-attachment-id=\"73769\" data-permalink=\"https:\/\/www.hoymercedes.com.ar\/principal\/2018\/03\/23\/selva-es-el-vicepresidente-de-la-comision-de-asuntos-municipales-en-diputados\/23-selva-comision\/#main\" data-orig-file=\"https:\/\/www.hoymercedes.com.ar\/principal\/wp-content\/uploads\/2018\/03\/23-Selva-comision.jpg\" data-orig-size=\"750,538\" data-comments-opened=\"0\" data-image-meta=\"{&quot;aperture&quot;:&quot;0&quot;,&quot;credit&quot;:&quot;&quot;,&quot;camera&quot;:&quot;&quot;,&quot;caption&quot;:&quot;&quot;,&quot;created_timestamp&quot;:&quot;0&quot;,&quot;copyright&quot;:&quot;&quot;,&quot;focal_length&quot;:&quot;0&quot;,&quot;iso&quot;:&quot;0&quot;,&quot;shutter_speed&quot;:&quot;0&quot;,&quot;title&quot;:&quot;&quot;,&quot;orientation&quot;:&quot;0&quot;}\" data-image-title=\"23 Selva comision\" data-image-description=\"\" data-image-caption=\"\" data-large-file=\"https:\/\/www.hoymercedes.com.ar\/principal\/wp-content\/uploads\/2018\/03\/23-Selva-comision.jpg\" class=\"aligncenter size-medium wp-image-73769\" src=\"https:\/\/www.hoymercedes.com.ar\/principal\/wp-content\/uploads\/2018\/03\/23-Selva-comision-630x452.jpg\" alt=\"\" width=\"630\" height=\"452\" srcset=\"https:\/\/www.hoymercedes.com.ar\/principal\/wp-content\/uploads\/2018\/03\/23-Selva-comision-630x452.jpg 630w, https:\/\/www.hoymercedes.com.ar\/principal\/wp-content\/uploads\/2018\/03\/23-Selva-comision-150x108.jpg 150w, https:\/\/www.hoymercedes.com.ar\/principal\/wp-content\/uploads\/2018\/03\/23-Selva-comision-110x80.jpg 110w, https:\/\/www.hoymercedes.com.ar\/principal\/wp-content\/uploads\/2018\/03\/23-Selva-comision.jpg 750w\" sizes=\"auto, (max-width: 630px) 100vw, 630px\" \/><\/p>\n<p>El diputado nacional Carlos Selva fue designado, en el d\u00eda de ayer, como uno de los vicepresidentes de la Comisi\u00f3n de Asuntos Municipales de la Honorable C\u00e1mara de Diputados de la Naci\u00f3n. \u201cHabiendo sido intendente de mi querida ciudad de Mercedes 12 a\u00f1os, es un orgullo poder aportar a la visibilizaci\u00f3n de las problem\u00e1ticas y realidades de los municipios del pa\u00eds\u201d, reflexion\u00f3.<\/p>\n<p>\u201cAgradezco el acompa\u00f1amiento\u201d, dijo Selva y record\u00f3 ante sus pares que fue intendente hasta 2015. \u201cEn esta comisi\u00f3n el panorama es desde lo administrativo muy claro, el peso mas grande que nos queda es la responsabilidad de ser visibilizadores y gestores de las problem\u00e1ticas de los municipios, que tienen que ver con el desarrollo\u201d, indic\u00f3 y breg\u00f3 por la posibilidad de \u201ccombinar la funci\u00f3n de los municipios con las econom\u00edas regionales\u201d.<\/p>\n<p>\u201cHay problem\u00e1ticas serias, y la articulaci\u00f3n de estas dos cosas ser\u00e1 nuestra desaf\u00edo\u201d; dijo Selva, quien fue parte importante de la reuni\u00f3n constitutiva de la Comisi\u00f3n de Asuntos Municipales que se llev\u00f3 adelante este mi\u00e9rcoles a las 10:00 horas en la Sala 5, 348.<\/p>\n<p>En esa reuni\u00f3n la Comisi\u00f3n de Asuntos Municipales eligi\u00f3 como presidente a Eduardo Bucca (Justicialista), secundado por los vicepresidentes Soledad Carrizo (UCR) y Carlos Selva (Federal Unidos por una Nueva Argentina). Los secretarios ser\u00e1n Juan Manuel Pereyra (Concertaci\u00f3n FORJA), Hern\u00e1n Berisso (PRO) y Norma Abdala de Matarazzo (Frente C\u00edvico por Santiago).<\/p>\n<p>Fuente: web Carlos Selva<\/p>\n","protected":false},"excerpt":{"rendered":"<p>El Diputado Nacional\u00a0Carlos Selva fue electo vicepresidente de la Comisi\u00f3n de Asuntos Municipales de la C\u00e1mara de Diputados en el &#8230; <a title=\"Selva es el vicepresidente de la Comisi\u00f3n de Asuntos Municipales en Diputados\" class=\"read-more\" href=\"https:\/\/www.hoymercedes.com.ar\/principal\/2018\/03\/23\/selva-es-el-vicepresidente-de-la-comision-de-asuntos-municipales-en-diputados\/\" aria-label=\"Leer m\u00e1s sobre Selva es el vicepresidente de la Comisi\u00f3n de Asuntos Municipales en Diputados\">Leer m\u00e1s<\/a><\/p>\n","protected":false},"author":1,"featured_media":73769,"comment_status":"closed","ping_status":"open","sticky":false,"template":"","format":"standard","meta":{"_monsterinsights_skip_tracking":false,"_monsterinsights_sitenote_active":false,"_monsterinsights_sitenote_note":"","_monsterinsights_sitenote_category":0,"jetpack_post_was_ever_published":false,"_jetpack_newsletter_access":"","_jetpack_dont_email_post_to_subs":false,"_jetpack_newsletter_tier_id":0,"_jetpack_memberships_contains_paywalled_content":false,"_jetpack_memberships_contains_paid_content":false,"footnotes":"","jetpack_publicize_message":"","jetpack_publicize_feature_enabled":true,"jetpack_social_post_already_shared":true,"jetpack_social_options":{"image_generator_settings":{"template":"highway","default_image_id":0,"font":"","enabled":false},"version":2},"_wpas_customize_per_network":false},"categories":[5210],"tags":[39,12810,9654,7500,10113],"class_list":["post-73768","post","type-post","status-publish","format-standard","has-post-thumbnail","hentry","category-politica-nacional","tag-carlos-selva","tag-comision-de-asuntos-municipales","tag-congreso-nacional","tag-diputado-nacional","tag-politica-nacional","generate-columns","tablet-grid-50","mobile-grid-100","grid-parent","grid-50"],"jetpack_publicize_connections":[],"jetpack_featured_media_url":"https:\/\/www.hoymercedes.com.ar\/principal\/wp-content\/uploads\/2018\/03\/23-Selva-comision.jpg","wps_subtitle":"Electo en la reuni\u00f3n constitutiva","jetpack_sharing_enabled":true,"_links":{"self":[{"href":"https:\/\/www.hoymercedes.com.ar\/principal\/wp-json\/wp\/v2\/posts\/73768","targetHints":{"allow":["GET"]}}],"collection":[{"href":"https:\/\/www.hoymercedes.com.ar\/principal\/wp-json\/wp\/v2\/posts"}],"about":[{"href":"https:\/\/www.hoymercedes.com.ar\/principal\/wp-json\/wp\/v2\/types\/post"}],"author":[{"embeddable":true,"href":"https:\/\/www.hoymercedes.com.ar\/principal\/wp-json\/wp\/v2\/users\/1"}],"replies":[{"embeddable":true,"href":"https:\/\/www.hoymercedes.com.ar\/principal\/wp-json\/wp\/v2\/comments?post=73768"}],"version-history":[{"count":0,"href":"https:\/\/www.hoymercedes.com.ar\/principal\/wp-json\/wp\/v2\/posts\/73768\/revisions"}],"wp:featuredmedia":[{"embeddable":true,"href":"https:\/\/www.hoymercedes.com.ar\/principal\/wp-json\/wp\/v2\/media\/73769"}],"wp:attachment":[{"href":"https:\/\/www.hoymercedes.com.ar\/principal\/wp-json\/wp\/v2\/media?parent=73768"}],"wp:term":[{"taxonomy":"category","embeddable":true,"href":"https:\/\/www.hoymercedes.com.ar\/principal\/wp-json\/wp\/v2\/categories?post=73768"},{"taxonomy":"post_tag","embeddable":true,"href":"https:\/\/www.hoymercedes.com.ar\/principal\/wp-json\/wp\/v2\/tags?post=73768"}],"curies":[{"name":"wp","href":"https:\/\/api.w.org\/{rel}","templated":true}]}}