{"id":73786,"date":"2018-03-23T22:00:46","date_gmt":"2018-03-24T01:00:46","guid":{"rendered":"http:\/\/www.hoymercedes.com.ar\/principal\/?p=73786"},"modified":"2018-03-23T18:16:29","modified_gmt":"2018-03-23T21:16:29","slug":"los-radicales-distinguieron-a-diez-mujeres-por-su-labor-en-la-comunidad","status":"publish","type":"post","link":"https:\/\/www.hoymercedes.com.ar\/principal\/2018\/03\/23\/los-radicales-distinguieron-a-diez-mujeres-por-su-labor-en-la-comunidad\/","title":{"rendered":"Los radicales distinguieron a diez mujeres por su labor en la comunidad"},"content":{"rendered":"<p><em><strong>En homenaje a la primera intendenta de la ciudad y de la provincia de Buenos Aires, Catalina Carusso de Morra, la UCR Mercedes distingui\u00f3 a: Thelma Battista de Mendiola, Sol P\u00e9rez, Patricia Prenitune, Daniela Libares, Sara Serebrinsky, Gabriela y Roc\u00edo Florella, Mar\u00eda Teresa Dunleavy, Stella Bartolomeo y Estela Nascimiento.<\/strong><\/em><\/p>\n<p><img loading=\"lazy\" decoding=\"async\" data-attachment-id=\"73789\" data-permalink=\"https:\/\/www.hoymercedes.com.ar\/principal\/2018\/03\/23\/los-radicales-distinguieron-a-diez-mujeres-por-su-labor-en-la-comunidad\/23-ucr-mujeres-1\/#main\" data-orig-file=\"https:\/\/www.hoymercedes.com.ar\/principal\/wp-content\/uploads\/2018\/03\/23-UCR-Mujeres-1.jpg\" data-orig-size=\"750,500\" data-comments-opened=\"0\" data-image-meta=\"{&quot;aperture&quot;:&quot;3.5&quot;,&quot;credit&quot;:&quot;&quot;,&quot;camera&quot;:&quot;NIKON D3100&quot;,&quot;caption&quot;:&quot;&quot;,&quot;created_timestamp&quot;:&quot;1521753386&quot;,&quot;copyright&quot;:&quot;&quot;,&quot;focal_length&quot;:&quot;19&quot;,&quot;iso&quot;:&quot;2000&quot;,&quot;shutter_speed&quot;:&quot;0.016666666666667&quot;,&quot;title&quot;:&quot;&quot;,&quot;orientation&quot;:&quot;1&quot;}\" data-image-title=\"23 UCR Mujeres 1\" data-image-description=\"\" data-image-caption=\"\" data-large-file=\"https:\/\/www.hoymercedes.com.ar\/principal\/wp-content\/uploads\/2018\/03\/23-UCR-Mujeres-1.jpg\" class=\"aligncenter size-medium wp-image-73789\" src=\"https:\/\/www.hoymercedes.com.ar\/principal\/wp-content\/uploads\/2018\/03\/23-UCR-Mujeres-1-630x420.jpg\" alt=\"\" width=\"630\" height=\"420\" srcset=\"https:\/\/www.hoymercedes.com.ar\/principal\/wp-content\/uploads\/2018\/03\/23-UCR-Mujeres-1-630x420.jpg 630w, https:\/\/www.hoymercedes.com.ar\/principal\/wp-content\/uploads\/2018\/03\/23-UCR-Mujeres-1-150x100.jpg 150w, https:\/\/www.hoymercedes.com.ar\/principal\/wp-content\/uploads\/2018\/03\/23-UCR-Mujeres-1.jpg 750w\" sizes=\"auto, (max-width: 630px) 100vw, 630px\" \/><\/p>\n<p>El mes de la mujer es un mes de homenajes y reconocimientos a muchas mujeres. Por sus emprendimientos, por sus labores ante la comunidad, por sus iniciativas, por sus ideas, por sus convocatorias, por sus trabajos. Por cuarto a\u00f1o consecutivo, la comisi\u00f3n de mujeres del Comit\u00e9 local de la Uni\u00f3n C\u00edvica Radical, reconoci\u00f3 a diez mujeres de la ciudad que se destacan en la comunidad.<\/p>\n<p>Recordando a la Intendente interina de 1962, Catalina Carusso de Morra, primera en la ciudad y en la provincia de Buenos Aires, el acto se llev\u00f3 adelante en la tarde del jueves \u00faltimo en el comit\u00e9 de distrito. La Vicepresidente de la UCR Karina La Regina y la Concejal Alejandra Repetto dieron inicio al acto solicitando un minuto de silencio a la memoria de \u201cune mujer de firmes convicciones que a lo largo de su vida luch\u00f3 por sus ideales y enarbol\u00f3 la bandera de nuestro partido\u201d Leonor R\u00e9vora, militante radical fallecida d\u00edas atr\u00e1s.<\/p>\n<p>\u201cEs un orgullo para nosotros homenajear a personas tan especiales por la celebraci\u00f3n del D\u00eda Internacional de la Mujer y hacer entrega de la distinci\u00f3n que lleva el nombre de Catalina Carusso de Morra, quien fue la primera mujer Intendente de Mercedes y de la provincia. Queremos distinguir a diez mujeres. Mujeres que hacen y que dedican parte de su vida en esta tarea de armar brazo a brazo sus proyectos con diferentes destinos sociales, dejando su huella de amor y fortaleza de mujer. Cada una le pone un ingrediente especial cargado de creatividad, dedicaci\u00f3n, solidaridad, inspiraci\u00f3n y vocaci\u00f3n. Qu\u00e9 buena combinaci\u00f3n. En cada una hay virtudes, valores, y cualidades distintas. Una en com\u00fan: ser mujer. Muchas gracias a todas por su aporte fundamental que enriquece a la sociedad\u201d, expres\u00f3 Karina La Regina<\/p>\n<p>Luego, presentar\u00edan a cada una de las distinguidas con una breve rese\u00f1a de sus vidas e invit\u00e1ndolas a entregarles una medalla con la imagen de Catalina Carusso de Morra, un diploma y unas flores y para que dirijan unas palabras.<\/p>\n<p>La primera es ser convocada fue Thelma Battista de Mendiola, propietaria de lo que originalmente fue Casa Thelma fundada por su madre y hoy es franquicia de Mimo&amp;Co, ropa de beb\u00e9s y ni\u00f1os. \u201cThelma aun\u00f3 comercio, trabajo y servicio social, ya que su negocio siempre fue de puertas abiertas a toda instituci\u00f3n que a trav\u00e9s de desfiles busca recursos para un fin social\u201d, destacaron.<\/p>\n<p>Luego recibieron sus distinciones la peluquera Sol P\u00e9rez y la concejal mandato cumplido Patricia Prenitune por el proyecto \u201cMechas Solidarias\u201d. La ex legisladora impuls\u00f3 el proyecto ante el Concejo Deliberante y ante el Departamento Ejecutivo hace m\u00e1s de un a\u00f1o. En tanto, la peluquera se sum\u00f3 a la idea y todos los lunes en el Inst. Unzu\u00e9, ella, Patricia y un grupo de mujeres voluntarias arman las pelucas que prestan a personas enfermas con tratamiento de quimioterapia o alopecia.<\/p>\n<figure id=\"attachment_73792\" aria-describedby=\"caption-attachment-73792\" style=\"width: 620px\" class=\"wp-caption aligncenter\"><img loading=\"lazy\" decoding=\"async\" data-attachment-id=\"73792\" data-permalink=\"https:\/\/www.hoymercedes.com.ar\/principal\/2018\/03\/23\/los-radicales-distinguieron-a-diez-mujeres-por-su-labor-en-la-comunidad\/23-ucr-mujeres-4\/#main\" data-orig-file=\"https:\/\/www.hoymercedes.com.ar\/principal\/wp-content\/uploads\/2018\/03\/23-UCR-Mujeres-4.jpg\" data-orig-size=\"750,500\" data-comments-opened=\"0\" data-image-meta=\"{&quot;aperture&quot;:&quot;4&quot;,&quot;credit&quot;:&quot;&quot;,&quot;camera&quot;:&quot;NIKON D3100&quot;,&quot;caption&quot;:&quot;&quot;,&quot;created_timestamp&quot;:&quot;1521751406&quot;,&quot;copyright&quot;:&quot;&quot;,&quot;focal_length&quot;:&quot;28&quot;,&quot;iso&quot;:&quot;1600&quot;,&quot;shutter_speed&quot;:&quot;0.016666666666667&quot;,&quot;title&quot;:&quot;&quot;,&quot;orientation&quot;:&quot;1&quot;}\" data-image-title=\"23 UCR Mujeres 4\" data-image-description=\"\" data-image-caption=\"&lt;p&gt;El Proyecto Mechas Solidarias fue distinguido a trav\u00e9s de la distinci\u00f3n a la peluquera Sol P\u00e9rez y de la ex concejal Patricia Prenitune&lt;\/p&gt;\n\" data-large-file=\"https:\/\/www.hoymercedes.com.ar\/principal\/wp-content\/uploads\/2018\/03\/23-UCR-Mujeres-4.jpg\" class=\"size-medium wp-image-73792\" src=\"https:\/\/www.hoymercedes.com.ar\/principal\/wp-content\/uploads\/2018\/03\/23-UCR-Mujeres-4-630x420.jpg\" alt=\"\" width=\"630\" height=\"420\" srcset=\"https:\/\/www.hoymercedes.com.ar\/principal\/wp-content\/uploads\/2018\/03\/23-UCR-Mujeres-4-630x420.jpg 630w, https:\/\/www.hoymercedes.com.ar\/principal\/wp-content\/uploads\/2018\/03\/23-UCR-Mujeres-4-150x100.jpg 150w, https:\/\/www.hoymercedes.com.ar\/principal\/wp-content\/uploads\/2018\/03\/23-UCR-Mujeres-4.jpg 750w\" sizes=\"auto, (max-width: 630px) 100vw, 630px\" \/><figcaption id=\"caption-attachment-73792\" class=\"wp-caption-text\">El Proyecto Mechas Solidarias fue distinguido a trav\u00e9s de la distinci\u00f3n a la peluquera Sol P\u00e9rez y de la ex concejal Patricia Prenitune<\/figcaption><\/figure>\n<p>Emotivo fue el momento de la entrega de la distinci\u00f3n a Daniela Libares, Profesora de Educaci\u00f3n F\u00edsica y entrenadora del equipo de Atletismo Adaptado. Daniela recibi\u00f3 su distinci\u00f3n acompa\u00f1ada de algunos de sus alumnos entre ellos Romina Fern\u00e1ndez, hoy en el seleccionado nacional. Ante los presentes, Daniela cont\u00f3 c\u00f3mo sum\u00f3, y suma, a los chicos que integran el equipo de atletismo adaptado y los proyectos que tiene para que cada uno de ellos tengan la posibilidad de competir a nivel nacional y por qu\u00e9 no, internacional.<\/p>\n<p>\u201cLos chicos son parte de esto y gracias a ellos he logrado este reconocimiento. Amo mi profesi\u00f3n. La discapacidad est\u00e1 buen\u00edsima porque ellos tienen las mismas oportunidades que el resto. Est\u00e1 en uno brindarles esa oportunidad. Nos miraban como sapo de otro pozo, pero vamos a todos lados, a torneos de convencionales o a torneos exclusivos de discapacitados mentales. Y nosotros \u00edbamos, con par\u00e1lisis cerebral, amputados, down, o con la discapacidad que sea. Vamos a competir. Y ahora nos invitan para exponer nuestra experiencia en otras localidades. Estamos en el Mart\u00edn Rodr\u00edguez y los invito a todos a que vengan a trabajar y a entrenar. Mi idea es que m\u00e1s chicos se entrenen y puedan estar en la selecci\u00f3n nacional como Romi\u201d, cont\u00f3 Daniela. Para luego, Bocha Blandini leer una semblanza escrita por ella en reconocimiento a Daniela y Romina.<\/p>\n<figure id=\"attachment_73791\" aria-describedby=\"caption-attachment-73791\" style=\"width: 620px\" class=\"wp-caption aligncenter\"><img loading=\"lazy\" decoding=\"async\" data-attachment-id=\"73791\" data-permalink=\"https:\/\/www.hoymercedes.com.ar\/principal\/2018\/03\/23\/los-radicales-distinguieron-a-diez-mujeres-por-su-labor-en-la-comunidad\/23-ucr-mujeres-3\/#main\" data-orig-file=\"https:\/\/www.hoymercedes.com.ar\/principal\/wp-content\/uploads\/2018\/03\/23-UCR-Mujeres-3.jpg\" data-orig-size=\"750,500\" data-comments-opened=\"0\" data-image-meta=\"{&quot;aperture&quot;:&quot;3.5&quot;,&quot;credit&quot;:&quot;&quot;,&quot;camera&quot;:&quot;NIKON D3100&quot;,&quot;caption&quot;:&quot;&quot;,&quot;created_timestamp&quot;:&quot;1521752126&quot;,&quot;copyright&quot;:&quot;&quot;,&quot;focal_length&quot;:&quot;18&quot;,&quot;iso&quot;:&quot;800&quot;,&quot;shutter_speed&quot;:&quot;0.016666666666667&quot;,&quot;title&quot;:&quot;&quot;,&quot;orientation&quot;:&quot;1&quot;}\" data-image-title=\"23 UCR Mujeres 3\" data-image-description=\"\" data-image-caption=\"&lt;p&gt;Daniela Libares recibi\u00f3 su reconocimiento junto a sus alumnos del equipo de atletismo adaptado. &lt;\/p&gt;\n\" data-large-file=\"https:\/\/www.hoymercedes.com.ar\/principal\/wp-content\/uploads\/2018\/03\/23-UCR-Mujeres-3.jpg\" class=\"size-medium wp-image-73791\" src=\"https:\/\/www.hoymercedes.com.ar\/principal\/wp-content\/uploads\/2018\/03\/23-UCR-Mujeres-3-630x420.jpg\" alt=\"\" width=\"630\" height=\"420\" srcset=\"https:\/\/www.hoymercedes.com.ar\/principal\/wp-content\/uploads\/2018\/03\/23-UCR-Mujeres-3-630x420.jpg 630w, https:\/\/www.hoymercedes.com.ar\/principal\/wp-content\/uploads\/2018\/03\/23-UCR-Mujeres-3-150x100.jpg 150w, https:\/\/www.hoymercedes.com.ar\/principal\/wp-content\/uploads\/2018\/03\/23-UCR-Mujeres-3.jpg 750w\" sizes=\"auto, (max-width: 630px) 100vw, 630px\" \/><figcaption id=\"caption-attachment-73791\" class=\"wp-caption-text\">Daniela Libares recibi\u00f3 su reconocimiento junto a sus alumnos del equipo de atletismo adaptado.<\/figcaption><\/figure>\n<p>Seguidamente, la UCR Mercedes distinguieron a la Licenciada en Enfermer\u00eda Sara Serebrinsky, primera en la ciudad, que hoy es Jefa de Enfermer\u00eda en la cl\u00ednica Nueva Cruz Azul. Destacando su tarea en cada corso, reconoci\u00f3 la tarea de Roc\u00edo y Gabriela Florella, directoras de la comparsa \u201cLesionados por el Corcho\u201d. Aunque Roc\u00edo no estuvo presente, Gabriela record\u00f3 los primeros a\u00f1os de ella siendo mascarita en los corsos, hasta fundar Lesionados hace 27 a\u00f1os.<\/p>\n<p>Tres mujeres m\u00e1s fueron reconocidas. Mar\u00eda Teresa Dunleavy, conocida como Molly, es misionera vicentina en la Parroquia San Patricio. Asiste a familias necesitadas mensualmente con la entrega de alimentos y pa\u00f1ales con fondos que recaudan a trav\u00e9s de colectas que se realizan en las misas del tercer fin de semana de cada mes. Una de sus sobrinas habl\u00f3 en nombre de Molly. \u201cEs un orgullo y un ejemplo. Es servicio total\u201d, destac\u00f3.<\/p>\n<p>La Directora de la Escuela Primaria N\u00b0 33 de San Jacinto, Stella Bartolomeo, tambi\u00e9n fue homenajeada. Por sus once a\u00f1os a cargo de dicha escuela rural, habiendo trabajado en otras instituciones rurales previamente, Stella cont\u00f3 que ese era \u201csu lugar en el mundo\u201d. \u201cSer maestra siempre fue mi vocaci\u00f3n. En la Estancia San Jacinto viv\u00ed las mesas largas con mi familia y por eso eleg\u00ed la escuelita de ah\u00ed. Me encanta que tengan en cuenta a las escuelas rurales. Hay que luchar por esas escuelas para que no desaparezcan, que la gente vaya a trabajar al campo y que haya muchos chicos para esas escuelas\u201d, pidi\u00f3 la maestra rural.<\/p>\n<figure id=\"attachment_73790\" aria-describedby=\"caption-attachment-73790\" style=\"width: 620px\" class=\"wp-caption aligncenter\"><img loading=\"lazy\" decoding=\"async\" data-attachment-id=\"73790\" data-permalink=\"https:\/\/www.hoymercedes.com.ar\/principal\/2018\/03\/23\/los-radicales-distinguieron-a-diez-mujeres-por-su-labor-en-la-comunidad\/23-ucr-mujeres-2\/#main\" data-orig-file=\"https:\/\/www.hoymercedes.com.ar\/principal\/wp-content\/uploads\/2018\/03\/23-UCR-Mujeres-2.jpg\" data-orig-size=\"750,500\" data-comments-opened=\"0\" data-image-meta=\"{&quot;aperture&quot;:&quot;4.5&quot;,&quot;credit&quot;:&quot;&quot;,&quot;camera&quot;:&quot;NIKON D3100&quot;,&quot;caption&quot;:&quot;&quot;,&quot;created_timestamp&quot;:&quot;1521752996&quot;,&quot;copyright&quot;:&quot;&quot;,&quot;focal_length&quot;:&quot;32&quot;,&quot;iso&quot;:&quot;2200&quot;,&quot;shutter_speed&quot;:&quot;0.016666666666667&quot;,&quot;title&quot;:&quot;&quot;,&quot;orientation&quot;:&quot;1&quot;}\" data-image-title=\"23 UCR Mujeres 2\" data-image-description=\"\" data-image-caption=\"&lt;p&gt;La Directora de la Escuela de San Jacinto Stella Basrtolomeo cont\u00f3 su experiencia como maestra rural&lt;\/p&gt;\n\" data-large-file=\"https:\/\/www.hoymercedes.com.ar\/principal\/wp-content\/uploads\/2018\/03\/23-UCR-Mujeres-2.jpg\" class=\"size-medium wp-image-73790\" src=\"https:\/\/www.hoymercedes.com.ar\/principal\/wp-content\/uploads\/2018\/03\/23-UCR-Mujeres-2-630x420.jpg\" alt=\"\" width=\"630\" height=\"420\" srcset=\"https:\/\/www.hoymercedes.com.ar\/principal\/wp-content\/uploads\/2018\/03\/23-UCR-Mujeres-2-630x420.jpg 630w, https:\/\/www.hoymercedes.com.ar\/principal\/wp-content\/uploads\/2018\/03\/23-UCR-Mujeres-2-150x100.jpg 150w, https:\/\/www.hoymercedes.com.ar\/principal\/wp-content\/uploads\/2018\/03\/23-UCR-Mujeres-2.jpg 750w\" sizes=\"auto, (max-width: 630px) 100vw, 630px\" \/><figcaption id=\"caption-attachment-73790\" class=\"wp-caption-text\">La Directora de la Escuela de San Jacinto Stella Basrtolomeo cont\u00f3 su experiencia como maestra rural<\/figcaption><\/figure>\n<p>Finalmente, fue reconocida Estela Nascimiento por la creaci\u00f3n del hogar y comunidad terap\u00e9utica Mar\u00eda Elena, as\u00ed como un merendero y un roperito en el Barrio Almafuerte. Tambi\u00e9n colabor\u00f3 en la creaci\u00f3n de la Organizaci\u00f3n Cruz Azul con campa\u00f1as de donaci\u00f3n de sangre y asiste espiritualmente a fieles evangelistas en el Hospital Blas L. Dubarry.<\/p>\n<p>Por Clarisa Altieri<\/p>\n","protected":false},"excerpt":{"rendered":"<p>En homenaje a la primera intendenta de la ciudad y de la provincia de Buenos Aires, Catalina Carusso de Morra, &#8230; <a title=\"Los radicales distinguieron a diez mujeres por su labor en la comunidad\" class=\"read-more\" href=\"https:\/\/www.hoymercedes.com.ar\/principal\/2018\/03\/23\/los-radicales-distinguieron-a-diez-mujeres-por-su-labor-en-la-comunidad\/\" aria-label=\"Leer m\u00e1s sobre Los radicales distinguieron a diez mujeres por su labor en la comunidad\">Leer m\u00e1s<\/a><\/p>\n","protected":false},"author":1,"featured_media":73789,"comment_status":"closed","ping_status":"open","sticky":false,"template":"","format":"standard","meta":{"_monsterinsights_skip_tracking":false,"_monsterinsights_sitenote_active":false,"_monsterinsights_sitenote_note":"","_monsterinsights_sitenote_category":0,"jetpack_post_was_ever_published":false,"_jetpack_newsletter_access":"","_jetpack_dont_email_post_to_subs":false,"_jetpack_newsletter_tier_id":0,"_jetpack_memberships_contains_paywalled_content":false,"_jetpack_memberships_contains_paid_content":false,"footnotes":"","jetpack_publicize_message":"","jetpack_publicize_feature_enabled":true,"jetpack_social_post_already_shared":true,"jetpack_social_options":{"image_generator_settings":{"template":"highway","default_image_id":0,"font":"","enabled":false},"version":2},"_wpas_customize_per_network":false},"categories":[8],"tags":[10793,525,9956,10,5319,9372,7802,217],"class_list":["post-73786","post","type-post","status-publish","format-standard","has-post-thumbnail","hentry","category-sociedad","tag-catalina-carusso-de-morra","tag-dia-de-la-mujer","tag-distincion","tag-mercedes","tag-politica-2","tag-reconocimientos","tag-sociedad","tag-ucr-mercedes","generate-columns","tablet-grid-50","mobile-grid-100","grid-parent","grid-50"],"jetpack_publicize_connections":[],"jetpack_featured_media_url":"https:\/\/www.hoymercedes.com.ar\/principal\/wp-content\/uploads\/2018\/03\/23-UCR-Mujeres-1.jpg","wps_subtitle":"Recordando a Catalina Carusso de Morra","jetpack_sharing_enabled":true,"_links":{"self":[{"href":"https:\/\/www.hoymercedes.com.ar\/principal\/wp-json\/wp\/v2\/posts\/73786","targetHints":{"allow":["GET"]}}],"collection":[{"href":"https:\/\/www.hoymercedes.com.ar\/principal\/wp-json\/wp\/v2\/posts"}],"about":[{"href":"https:\/\/www.hoymercedes.com.ar\/principal\/wp-json\/wp\/v2\/types\/post"}],"author":[{"embeddable":true,"href":"https:\/\/www.hoymercedes.com.ar\/principal\/wp-json\/wp\/v2\/users\/1"}],"replies":[{"embeddable":true,"href":"https:\/\/www.hoymercedes.com.ar\/principal\/wp-json\/wp\/v2\/comments?post=73786"}],"version-history":[{"count":0,"href":"https:\/\/www.hoymercedes.com.ar\/principal\/wp-json\/wp\/v2\/posts\/73786\/revisions"}],"wp:featuredmedia":[{"embeddable":true,"href":"https:\/\/www.hoymercedes.com.ar\/principal\/wp-json\/wp\/v2\/media\/73789"}],"wp:attachment":[{"href":"https:\/\/www.hoymercedes.com.ar\/principal\/wp-json\/wp\/v2\/media?parent=73786"}],"wp:term":[{"taxonomy":"category","embeddable":true,"href":"https:\/\/www.hoymercedes.com.ar\/principal\/wp-json\/wp\/v2\/categories?post=73786"},{"taxonomy":"post_tag","embeddable":true,"href":"https:\/\/www.hoymercedes.com.ar\/principal\/wp-json\/wp\/v2\/tags?post=73786"}],"curies":[{"name":"wp","href":"https:\/\/api.w.org\/{rel}","templated":true}]}}