{"id":73837,"date":"2018-03-24T22:00:11","date_gmt":"2018-03-25T01:00:11","guid":{"rendered":"http:\/\/www.hoymercedes.com.ar\/principal\/?p=73837"},"modified":"2018-03-24T18:52:43","modified_gmt":"2018-03-24T21:52:43","slug":"familiares-y-amigos-de-las-victimas-de-la-dictadura-realizaron-acto-homenaje","status":"publish","type":"post","link":"https:\/\/www.hoymercedes.com.ar\/principal\/2018\/03\/24\/familiares-y-amigos-de-las-victimas-de-la-dictadura-realizaron-acto-homenaje\/","title":{"rendered":"Familiares y amigos de las v\u00edctimas de la Dictadura realizaron acto homenaje"},"content":{"rendered":"<figure id=\"attachment_73838\" aria-describedby=\"caption-attachment-73838\" style=\"width: 620px\" class=\"wp-caption aligncenter\"><img loading=\"lazy\" decoding=\"async\" data-attachment-id=\"73838\" data-permalink=\"https:\/\/www.hoymercedes.com.ar\/principal\/2018\/03\/24\/familiares-y-amigos-de-las-victimas-de-la-dictadura-realizaron-acto-homenaje\/flores-acto-24-3\/#main\" data-orig-file=\"https:\/\/www.hoymercedes.com.ar\/principal\/wp-content\/uploads\/2018\/03\/flores-acto-24.3.jpg\" data-orig-size=\"730,487\" data-comments-opened=\"0\" data-image-meta=\"{&quot;aperture&quot;:&quot;0&quot;,&quot;credit&quot;:&quot;&quot;,&quot;camera&quot;:&quot;&quot;,&quot;caption&quot;:&quot;&quot;,&quot;created_timestamp&quot;:&quot;0&quot;,&quot;copyright&quot;:&quot;&quot;,&quot;focal_length&quot;:&quot;0&quot;,&quot;iso&quot;:&quot;0&quot;,&quot;shutter_speed&quot;:&quot;0&quot;,&quot;title&quot;:&quot;&quot;,&quot;orientation&quot;:&quot;0&quot;}\" data-image-title=\"flores-acto-24.3\" data-image-description=\"\" data-image-caption=\"&lt;p&gt;Colocaci\u00f3n de ofrendas florales&lt;\/p&gt;\n\" data-large-file=\"https:\/\/www.hoymercedes.com.ar\/principal\/wp-content\/uploads\/2018\/03\/flores-acto-24.3.jpg\" class=\"size-medium wp-image-73838\" src=\"https:\/\/www.hoymercedes.com.ar\/principal\/wp-content\/uploads\/2018\/03\/flores-acto-24.3-630x420.jpg\" alt=\"\" width=\"630\" height=\"420\" srcset=\"https:\/\/www.hoymercedes.com.ar\/principal\/wp-content\/uploads\/2018\/03\/flores-acto-24.3-630x420.jpg 630w, https:\/\/www.hoymercedes.com.ar\/principal\/wp-content\/uploads\/2018\/03\/flores-acto-24.3-150x100.jpg 150w, https:\/\/www.hoymercedes.com.ar\/principal\/wp-content\/uploads\/2018\/03\/flores-acto-24.3.jpg 730w\" sizes=\"auto, (max-width: 630px) 100vw, 630px\" \/><figcaption id=\"caption-attachment-73838\" class=\"wp-caption-text\">Colocaci\u00f3n de ofrendas florales<\/figcaption><\/figure>\n<p>&nbsp;<\/p>\n<p>La Comisi\u00f3n por la Memoria de Mercedes llev\u00f3 a cabo un nuevo acto en conmemoraci\u00f3n de las v\u00edctimas del \u00faltimo Golpe C\u00edvico Militar que se vivi\u00f3 en el pa\u00eds. Fue en Plaza San Mart\u00edn frente a la placa que recuerda a los detenidos, desaparecidos y asesinados de Mercedes.<\/p>\n<p>Con la presentaci\u00f3n de su presidente, Oscar \u201cVasco\u201d Apestegu\u00eda, alrededor de las 11hs del s\u00e1bado 24 inici\u00f3 un sentido encuentro donde se ley\u00f3 el tradicional discurso que elabora la comisi\u00f3n de familiares y amigos. En cuando a los nombres de las v\u00edctimas, fue Sivia Fasce quien los convoc\u00f3 para que los asistentes dijeran el \u201cPresente!\u201d que suele expresarse en su recuerdo.<\/p>\n<p>Estuvo tambi\u00e9n presente el intendente Dr. Juan Ignacio Ustarroz, escuelas de nuestra ciudad con sus abanderados, representantes institucionales, concejales, funcionarios y se vivi\u00f3 la bendici\u00f3n del nuevo monumento realizado con las baldosas de Plaza de Mayo a instancia del Padre Bruno.<\/p>\n<p>Antes de que realizaran los discursos habituales, el magister Sergio Carini y coordinador de\u00a0 Derechos Humanos municipal narr\u00f3 que \u201cs\u00f3lo hab\u00eda 23 pa\u00f1uelos pintados, se rescataron 20 y uno de ellos lleg\u00f3 a Mercedes. Es una alegr\u00eda, un orgullo para todos contar con un poco de nuestra historia\u201d<\/p>\n<figure id=\"attachment_73839\" aria-describedby=\"caption-attachment-73839\" style=\"width: 620px\" class=\"wp-caption aligncenter\"><img loading=\"lazy\" decoding=\"async\" data-attachment-id=\"73839\" data-permalink=\"https:\/\/www.hoymercedes.com.ar\/principal\/2018\/03\/24\/familiares-y-amigos-de-las-victimas-de-la-dictadura-realizaron-acto-homenaje\/ustarroz-acto\/#main\" data-orig-file=\"https:\/\/www.hoymercedes.com.ar\/principal\/wp-content\/uploads\/2018\/03\/ustarroz-acto.jpg\" data-orig-size=\"730,487\" data-comments-opened=\"0\" data-image-meta=\"{&quot;aperture&quot;:&quot;0&quot;,&quot;credit&quot;:&quot;&quot;,&quot;camera&quot;:&quot;&quot;,&quot;caption&quot;:&quot;&quot;,&quot;created_timestamp&quot;:&quot;0&quot;,&quot;copyright&quot;:&quot;&quot;,&quot;focal_length&quot;:&quot;0&quot;,&quot;iso&quot;:&quot;0&quot;,&quot;shutter_speed&quot;:&quot;0&quot;,&quot;title&quot;:&quot;&quot;,&quot;orientation&quot;:&quot;0&quot;}\" data-image-title=\"ustarroz-acto\" data-image-description=\"\" data-image-caption=\"&lt;p&gt;Ustarroz&lt;\/p&gt;\n\" data-large-file=\"https:\/\/www.hoymercedes.com.ar\/principal\/wp-content\/uploads\/2018\/03\/ustarroz-acto.jpg\" class=\"size-medium wp-image-73839\" src=\"https:\/\/www.hoymercedes.com.ar\/principal\/wp-content\/uploads\/2018\/03\/ustarroz-acto-630x420.jpg\" alt=\"\" width=\"630\" height=\"420\" srcset=\"https:\/\/www.hoymercedes.com.ar\/principal\/wp-content\/uploads\/2018\/03\/ustarroz-acto-630x420.jpg 630w, https:\/\/www.hoymercedes.com.ar\/principal\/wp-content\/uploads\/2018\/03\/ustarroz-acto-150x100.jpg 150w, https:\/\/www.hoymercedes.com.ar\/principal\/wp-content\/uploads\/2018\/03\/ustarroz-acto.jpg 730w\" sizes=\"auto, (max-width: 630px) 100vw, 630px\" \/><figcaption id=\"caption-attachment-73839\" class=\"wp-caption-text\">Ustarroz<\/figcaption><\/figure>\n<p>A la hora de tomar la palabra, el Jefe Comunal sostuvo que \u201cSon 42 a\u00f1os del golpe c\u00edvico militar que tanto dolor le caus\u00f3 y le causa a nuestro pa\u00eds y ciudad. Golpe que gener\u00f3 la figura de desaparecido, torturado, ni\u00f1os robados, personas tiradas del cielo, que tuvo consecuencias econ\u00f3micas, sociales, culturales\u201d y que \u201csiempre debemos preguntarnos el para qu\u00e9 de la memoria. Y es para comprender lo que pas\u00f3 y porqu\u00e9, para que no pase m\u00e1s y para generar los cimientos de una sociedad m\u00e1s justa, donde esa cultura del exterminio, del totalitarismo, no est\u00e9 enquistada en ninguna de las instituciones\u201d. M\u00e1s adelante record\u00f3 que \u201choy vemos que no corren buenos tiempos para los derechos humanos, pero tambi\u00e9n que hay otro tipo de acciones y cuando hablamos de lo que pas\u00f3 siempre tenemos que tener una mirada que exceda nuestro pa\u00eds y ciudad, porque pas\u00f3 tambi\u00e9n en otros pa\u00edses de Am\u00e9rica Latina\u201d recordando el plan c\u00f3ndor, por ejemplo.<\/p>\n<p>Tambi\u00e9n sostuvo que \u201cencuentro en la vigilia de ayer esperanza, en esta misma plaza hab\u00eda muchas personas de nuestra ciudad representando distintos espacios culturales aportando lo suyo, generando una acci\u00f3n colectiva de la comunidad\u201d, destac\u00f3 y sostuvo que \u201cadhiero a la comisi\u00f3n, a sus expresiones, tambi\u00e9n mirando a los j\u00f3venes para plantearnos que debemos hacer, cuales son los caminos. Debemos ver qu\u00e9 podemos hacer juntos para articular el presente y el futuro\u201d y luego que \u201cpienso que lo central siempre es lo ideol\u00f3gico, no lo pol\u00edtico partidario, tenemos que ver que cada quien busque lo mejor de su tradici\u00f3n, porque lo tenemos y hemos tenido. Nuestro pa\u00eds se caracteriz\u00f3, no en este presente, pero se caracteriz\u00f3 por estar a la vanguardia de la defensa de los derechos humanos, all\u00e1 en el 83 con el Juicio a la Junta que sin el apoyo de Alfons\u00edn no hubiese existido y por supuesto la lucha inclaudicable de los derechos humanos y toda la pol\u00edtica de Estado impulsada &#8211; luego del Menemismo que busc\u00f3 el silenciarlos- \u00a0desplegada por N\u00e9stor y Cristina, entonces, en funci\u00f3n de todo esto uno piensa donde buscar y que podamos discutir y mejorar como sociedad\u201d entre otros conceptos como por ejemplo pensar c\u00f3mo se distribuye la riqueza, el peso de la deuda externa, porque son asuntos tambi\u00e9n de los derechos humanos sin olvidar que \u201cese pa\u00f1uelo va a servir para inspirar, para saber que tuvimos una \u00e9poca muy dura, pero se sali\u00f3 adelante, con utop\u00edas y principios\u201d.<\/p>\n<figure id=\"attachment_73840\" aria-describedby=\"caption-attachment-73840\" style=\"width: 620px\" class=\"wp-caption aligncenter\"><img loading=\"lazy\" decoding=\"async\" data-attachment-id=\"73840\" data-permalink=\"https:\/\/www.hoymercedes.com.ar\/principal\/2018\/03\/24\/familiares-y-amigos-de-las-victimas-de-la-dictadura-realizaron-acto-homenaje\/artuto-bojorge\/#main\" data-orig-file=\"https:\/\/www.hoymercedes.com.ar\/principal\/wp-content\/uploads\/2018\/03\/artuto.bojorge.jpg\" data-orig-size=\"881,588\" data-comments-opened=\"0\" data-image-meta=\"{&quot;aperture&quot;:&quot;0&quot;,&quot;credit&quot;:&quot;&quot;,&quot;camera&quot;:&quot;&quot;,&quot;caption&quot;:&quot;&quot;,&quot;created_timestamp&quot;:&quot;0&quot;,&quot;copyright&quot;:&quot;&quot;,&quot;focal_length&quot;:&quot;0&quot;,&quot;iso&quot;:&quot;0&quot;,&quot;shutter_speed&quot;:&quot;0&quot;,&quot;title&quot;:&quot;&quot;,&quot;orientation&quot;:&quot;0&quot;}\" data-image-title=\"artuto.bojorge\" data-image-description=\"\" data-image-caption=\"&lt;p&gt;Arturo Bojorge&lt;\/p&gt;\n\" data-large-file=\"https:\/\/www.hoymercedes.com.ar\/principal\/wp-content\/uploads\/2018\/03\/artuto.bojorge.jpg\" class=\"size-medium wp-image-73840\" src=\"https:\/\/www.hoymercedes.com.ar\/principal\/wp-content\/uploads\/2018\/03\/artuto.bojorge-630x420.jpg\" alt=\"\" width=\"630\" height=\"420\" srcset=\"https:\/\/www.hoymercedes.com.ar\/principal\/wp-content\/uploads\/2018\/03\/artuto.bojorge-630x420.jpg 630w, https:\/\/www.hoymercedes.com.ar\/principal\/wp-content\/uploads\/2018\/03\/artuto.bojorge-150x100.jpg 150w, https:\/\/www.hoymercedes.com.ar\/principal\/wp-content\/uploads\/2018\/03\/artuto.bojorge.jpg 881w\" sizes=\"auto, (max-width: 630px) 100vw, 630px\" \/><figcaption id=\"caption-attachment-73840\" class=\"wp-caption-text\">Arturo Bojorge<\/figcaption><\/figure>\n<p><strong>Comisi\u00f3n por la Memoria Mercedes <\/strong><\/p>\n<p>Por su parte, desde la lectura a instancias de Arturo Bojorge, la Comisi\u00f3n expres\u00f3, entre varios y s\u00f3lidos conceptos e ideas que \u201calcanzar real conciencia de la dimensi\u00f3n del da\u00f1o provocado en materia de violaciones a los Derechos Humanos, por la Dictadura, clarifica y pone en manos de las nuevas generaciones, un legado irrenunciable, \u201cel de devolverles a nuestros compa\u00f1eros Detenidos- Desaparecidos y Asesinados\u201d, v\u00edctimas del Terrorismo de Estado, el lugar<\/p>\n<p>que se merecen en la \u201chistoria de los pueblos\u201d, rescatando de ellos su rol protag\u00f3nico como militantes populares y actores pol\u00edticos de la verdadera historia, recuperando tambi\u00e9n de ellos ese compromiso desinteresado y consciente, orientado sin claudicaciones al logro de una verdadera transformaci\u00f3n econ\u00f3mica, pol\u00edtica y social.<\/p>\n<p>Hoy los recordamos y homenajeamos se\u00f1alando que en cada historia de vida se destaca en ellos un denominador com\u00fan: una concepci\u00f3n altruista de la vida, basada en la solidaridad, en la entrega y en el compromiso militante\u201d manifestaron.<\/p>\n<p>M\u00e1s adelante tambi\u00e9n sostuvieron que \u201cHay sobrados motivos para que las movilizaciones y los actos que se desarrollen este 24 de marzo sean masivos. Porque a 42 a\u00f1os del golpe genocida, nos encontramos ante un nuevo intento de amnist\u00eda para los represores condenados\u201d y que \u201csostenemos la memoria, reclamamos la verdad, luchamos contra la impunidad y exigimos justicio, castigo y condena efectiva a todos los culpables\u201d<\/p>\n<p>El acto finaliz\u00f3 con el retiro de las banderas de ceremonia de las instituciones educativas, previo a la colocaci\u00f3n de ofrendas florales al monumento donde est\u00e1 la placa con el nombre de cada v\u00edctima mercedina, colocadas por ni\u00f1os presentes, como forma de graficar que ellos son el futuro y \u201cla continuidad de una b\u00fasqueda de sociedad mejor\u201d.<\/p>\n<p>&nbsp;<\/p>\n<figure id=\"attachment_73841\" aria-describedby=\"caption-attachment-73841\" style=\"width: 620px\" class=\"wp-caption aligncenter\"><img loading=\"lazy\" decoding=\"async\" data-attachment-id=\"73841\" data-permalink=\"https:\/\/www.hoymercedes.com.ar\/principal\/2018\/03\/24\/familiares-y-amigos-de-las-victimas-de-la-dictadura-realizaron-acto-homenaje\/carini\/#main\" data-orig-file=\"https:\/\/www.hoymercedes.com.ar\/principal\/wp-content\/uploads\/2018\/03\/carini.jpg\" data-orig-size=\"730,487\" data-comments-opened=\"0\" data-image-meta=\"{&quot;aperture&quot;:&quot;0&quot;,&quot;credit&quot;:&quot;&quot;,&quot;camera&quot;:&quot;&quot;,&quot;caption&quot;:&quot;&quot;,&quot;created_timestamp&quot;:&quot;0&quot;,&quot;copyright&quot;:&quot;&quot;,&quot;focal_length&quot;:&quot;0&quot;,&quot;iso&quot;:&quot;0&quot;,&quot;shutter_speed&quot;:&quot;0&quot;,&quot;title&quot;:&quot;&quot;,&quot;orientation&quot;:&quot;0&quot;}\" data-image-title=\"carini\" data-image-description=\"\" data-image-caption=\"&lt;p&gt;Sergio Carini&lt;\/p&gt;\n\" data-large-file=\"https:\/\/www.hoymercedes.com.ar\/principal\/wp-content\/uploads\/2018\/03\/carini.jpg\" class=\"size-medium wp-image-73841\" src=\"https:\/\/www.hoymercedes.com.ar\/principal\/wp-content\/uploads\/2018\/03\/carini-630x420.jpg\" alt=\"\" width=\"630\" height=\"420\" srcset=\"https:\/\/www.hoymercedes.com.ar\/principal\/wp-content\/uploads\/2018\/03\/carini-630x420.jpg 630w, https:\/\/www.hoymercedes.com.ar\/principal\/wp-content\/uploads\/2018\/03\/carini-150x100.jpg 150w, https:\/\/www.hoymercedes.com.ar\/principal\/wp-content\/uploads\/2018\/03\/carini.jpg 730w\" sizes=\"auto, (max-width: 630px) 100vw, 630px\" \/><figcaption id=\"caption-attachment-73841\" class=\"wp-caption-text\">Sergio Carini<\/figcaption><\/figure>\n<p>&nbsp;<\/p>\n<p><span style=\"color: #808080;\">Info: DDHH Mercedes\u00a0<\/span><\/p>\n","protected":false},"excerpt":{"rendered":"<p>&nbsp; La Comisi\u00f3n por la Memoria de Mercedes llev\u00f3 a cabo un nuevo acto en conmemoraci\u00f3n de las v\u00edctimas del &#8230; <a title=\"Familiares y amigos de las v\u00edctimas de la Dictadura realizaron acto homenaje\" class=\"read-more\" href=\"https:\/\/www.hoymercedes.com.ar\/principal\/2018\/03\/24\/familiares-y-amigos-de-las-victimas-de-la-dictadura-realizaron-acto-homenaje\/\" aria-label=\"Leer m\u00e1s sobre Familiares y amigos de las v\u00edctimas de la Dictadura realizaron acto homenaje\">Leer m\u00e1s<\/a><\/p>\n","protected":false},"author":1,"featured_media":73838,"comment_status":"closed","ping_status":"open","sticky":false,"template":"","format":"standard","meta":{"_monsterinsights_skip_tracking":false,"_monsterinsights_sitenote_active":false,"_monsterinsights_sitenote_note":"","_monsterinsights_sitenote_category":0,"jetpack_post_was_ever_published":false,"_jetpack_newsletter_access":"","_jetpack_dont_email_post_to_subs":false,"_jetpack_newsletter_tier_id":0,"_jetpack_memberships_contains_paywalled_content":false,"_jetpack_memberships_contains_paid_content":false,"footnotes":"","jetpack_publicize_message":"","jetpack_publicize_feature_enabled":true,"jetpack_social_post_already_shared":true,"jetpack_social_options":{"image_generator_settings":{"template":"highway","default_image_id":0,"font":"","enabled":false},"version":2},"_wpas_customize_per_network":false},"categories":[8],"tags":[12824,6261,9884,6643,585,586,4235,3675,2614],"class_list":["post-73837","post","type-post","status-publish","format-standard","has-post-thumbnail","hentry","category-sociedad","tag-24-de-marzo-actos","tag-arturo-bojorge","tag-comision-municipal-por-la-memoria","tag-ddhh-mercedes","tag-juan-ustarroz","tag-nunca-mas","tag-sergio-carini","tag-silvia-fasce","tag-vasco-apesteguia","generate-columns","tablet-grid-50","mobile-grid-100","grid-parent","grid-50"],"jetpack_publicize_connections":[],"jetpack_featured_media_url":"https:\/\/www.hoymercedes.com.ar\/principal\/wp-content\/uploads\/2018\/03\/flores-acto-24.3.jpg","wps_subtitle":"42 a\u00f1os del Golpe","jetpack_sharing_enabled":true,"_links":{"self":[{"href":"https:\/\/www.hoymercedes.com.ar\/principal\/wp-json\/wp\/v2\/posts\/73837","targetHints":{"allow":["GET"]}}],"collection":[{"href":"https:\/\/www.hoymercedes.com.ar\/principal\/wp-json\/wp\/v2\/posts"}],"about":[{"href":"https:\/\/www.hoymercedes.com.ar\/principal\/wp-json\/wp\/v2\/types\/post"}],"author":[{"embeddable":true,"href":"https:\/\/www.hoymercedes.com.ar\/principal\/wp-json\/wp\/v2\/users\/1"}],"replies":[{"embeddable":true,"href":"https:\/\/www.hoymercedes.com.ar\/principal\/wp-json\/wp\/v2\/comments?post=73837"}],"version-history":[{"count":0,"href":"https:\/\/www.hoymercedes.com.ar\/principal\/wp-json\/wp\/v2\/posts\/73837\/revisions"}],"wp:featuredmedia":[{"embeddable":true,"href":"https:\/\/www.hoymercedes.com.ar\/principal\/wp-json\/wp\/v2\/media\/73838"}],"wp:attachment":[{"href":"https:\/\/www.hoymercedes.com.ar\/principal\/wp-json\/wp\/v2\/media?parent=73837"}],"wp:term":[{"taxonomy":"category","embeddable":true,"href":"https:\/\/www.hoymercedes.com.ar\/principal\/wp-json\/wp\/v2\/categories?post=73837"},{"taxonomy":"post_tag","embeddable":true,"href":"https:\/\/www.hoymercedes.com.ar\/principal\/wp-json\/wp\/v2\/tags?post=73837"}],"curies":[{"name":"wp","href":"https:\/\/api.w.org\/{rel}","templated":true}]}}