{"id":73843,"date":"2018-03-24T20:49:14","date_gmt":"2018-03-24T23:49:14","guid":{"rendered":"http:\/\/www.hoymercedes.com.ar\/principal\/?p=73843"},"modified":"2018-03-25T12:38:30","modified_gmt":"2018-03-25T15:38:30","slug":"victorias-de-el-fronton-estudiantes-y-ateneo-en-el-inicio-de-la-segunda-fecha","status":"publish","type":"post","link":"https:\/\/www.hoymercedes.com.ar\/principal\/2018\/03\/24\/victorias-de-el-fronton-estudiantes-y-ateneo-en-el-inicio-de-la-segunda-fecha\/","title":{"rendered":"Victorias de El Front\u00f3n, Estudiantes y Ateneo en el inicio de la segunda fecha"},"content":{"rendered":"<p>Con tres partidos en Mercedes y el restante en San Andr\u00e9s de Giles comenz\u00f3 la segunda fecha del torneo Apertura de la Liga Mercedina en la nublada jornada del s\u00e1bado. El Front\u00f3n derrot\u00f3 a Juventud 3 a 1, Estudiantes 1 a 0 a la Pe\u00f1a Diego Armando y Ateneo se qued\u00f3 con los tres puntos ante Atl\u00e9tico Marcos Paz.<\/p>\n<p>Por su parte, Comunicaciones y El Tim\u00f3n empataron 1 a 1. La fecha contin\u00faa este domingo con los partidos entre V\u00e9lez y Trocha (a puertas cerradas) a partir de las 11 de la ma\u00f1ana. Luego, ya con p\u00fablico, Palometas recibir\u00e1 a Uni\u00f3n y Col\u00f3n de Lujpan a las 15 ser\u00e1 local ante Club Mercedes. En Marcos Paz, a las 16 Pabell\u00f3n Argentino jugar\u00e1 ante Holanda y en Suipacha, Costa Brava ante Quilmes. Qued\u00f3 suspendido el encuentro entre AMEFIP &#8211; Barrio San Mart\u00edn y Defensores, ambos afectados al torneo Federaci\u00f3n Norte.<\/p>\n<table style=\"height: 385px;\" width=\"495\">\n<tbody>\n<tr>\n<td width=\"108\">Fecha 2<\/td>\n<td width=\"14\"><\/td>\n<td width=\"270\"><\/td>\n<\/tr>\n<tr>\n<td>Estudiantes<\/td>\n<td>1<\/td>\n<td>Mart\u00edn Vega<\/td>\n<\/tr>\n<tr>\n<td>LDA<\/td>\n<td>0<\/td>\n<td><\/td>\n<\/tr>\n<tr>\n<td><\/td>\n<td><\/td>\n<td><\/td>\n<\/tr>\n<tr>\n<td>Comunicaciones<\/td>\n<td>1<\/td>\n<td>Eric Brance<\/td>\n<\/tr>\n<tr>\n<td>El Tim\u00f3n<\/td>\n<td>1<\/td>\n<td>Mart\u00edn Di Blasi<\/td>\n<\/tr>\n<tr>\n<td><\/td>\n<td><\/td>\n<td><\/td>\n<\/tr>\n<tr>\n<td>Ateneo<\/td>\n<td>2<\/td>\n<td>Oscar Morales y Leonardo Chaparro<\/td>\n<\/tr>\n<tr>\n<td>Atl. Marcos Paz<\/td>\n<td>0<\/td>\n<td><\/td>\n<\/tr>\n<tr>\n<td><\/td>\n<td><\/td>\n<td><\/td>\n<\/tr>\n<tr>\n<td>El Front\u00f3n<\/td>\n<td>3<\/td>\n<td>Oscar Zapata, Garc\u00eda y Federico Grosso<\/td>\n<\/tr>\n<tr>\n<td>Juventud<\/td>\n<td>1<\/td>\n<td>Maximiliano Machado<\/td>\n<\/tr>\n<\/tbody>\n<\/table>\n<p>&nbsp;<\/p>\n<p><img loading=\"lazy\" decoding=\"async\" data-attachment-id=\"73845\" data-permalink=\"https:\/\/www.hoymercedes.com.ar\/principal\/2018\/03\/24\/victorias-de-el-fronton-estudiantes-y-ateneo-en-el-inicio-de-la-segunda-fecha\/primera-110\/#main\" data-orig-file=\"https:\/\/www.hoymercedes.com.ar\/principal\/wp-content\/uploads\/2018\/03\/Primera-1.png\" data-orig-size=\"483,573\" data-comments-opened=\"0\" data-image-meta=\"{&quot;aperture&quot;:&quot;0&quot;,&quot;credit&quot;:&quot;&quot;,&quot;camera&quot;:&quot;&quot;,&quot;caption&quot;:&quot;&quot;,&quot;created_timestamp&quot;:&quot;0&quot;,&quot;copyright&quot;:&quot;&quot;,&quot;focal_length&quot;:&quot;0&quot;,&quot;iso&quot;:&quot;0&quot;,&quot;shutter_speed&quot;:&quot;0&quot;,&quot;title&quot;:&quot;&quot;,&quot;orientation&quot;:&quot;0&quot;}\" data-image-title=\"Primera\" data-image-description=\"\" data-image-caption=\"\" data-large-file=\"https:\/\/www.hoymercedes.com.ar\/principal\/wp-content\/uploads\/2018\/03\/Primera-1.png\" class=\"aligncenter size-medium wp-image-73845\" src=\"https:\/\/www.hoymercedes.com.ar\/principal\/wp-content\/uploads\/2018\/03\/Primera-1.png\" alt=\"\" width=\"483\" height=\"573\" srcset=\"https:\/\/www.hoymercedes.com.ar\/principal\/wp-content\/uploads\/2018\/03\/Primera-1.png 483w, https:\/\/www.hoymercedes.com.ar\/principal\/wp-content\/uploads\/2018\/03\/Primera-1-126x150.png 126w\" sizes=\"auto, (max-width: 483px) 100vw, 483px\" \/><\/p>\n<p>&nbsp;<\/p>\n<p><img loading=\"lazy\" decoding=\"async\" data-attachment-id=\"73844\" data-permalink=\"https:\/\/www.hoymercedes.com.ar\/principal\/2018\/03\/24\/victorias-de-el-fronton-estudiantes-y-ateneo-en-el-inicio-de-la-segunda-fecha\/goleadores-primera-53\/#main\" data-orig-file=\"https:\/\/www.hoymercedes.com.ar\/principal\/wp-content\/uploads\/2018\/03\/Goleadores-Primera.png\" data-orig-size=\"308,343\" data-comments-opened=\"0\" data-image-meta=\"{&quot;aperture&quot;:&quot;0&quot;,&quot;credit&quot;:&quot;&quot;,&quot;camera&quot;:&quot;&quot;,&quot;caption&quot;:&quot;&quot;,&quot;created_timestamp&quot;:&quot;0&quot;,&quot;copyright&quot;:&quot;&quot;,&quot;focal_length&quot;:&quot;0&quot;,&quot;iso&quot;:&quot;0&quot;,&quot;shutter_speed&quot;:&quot;0&quot;,&quot;title&quot;:&quot;&quot;,&quot;orientation&quot;:&quot;0&quot;}\" data-image-title=\"Goleadores Primera\" data-image-description=\"\" data-image-caption=\"\" data-large-file=\"https:\/\/www.hoymercedes.com.ar\/principal\/wp-content\/uploads\/2018\/03\/Goleadores-Primera.png\" class=\"aligncenter size-full wp-image-73844\" src=\"https:\/\/www.hoymercedes.com.ar\/principal\/wp-content\/uploads\/2018\/03\/Goleadores-Primera.png\" alt=\"\" width=\"308\" height=\"343\" srcset=\"https:\/\/www.hoymercedes.com.ar\/principal\/wp-content\/uploads\/2018\/03\/Goleadores-Primera.png 308w, https:\/\/www.hoymercedes.com.ar\/principal\/wp-content\/uploads\/2018\/03\/Goleadores-Primera-135x150.png 135w\" sizes=\"auto, (max-width: 308px) 100vw, 308px\" \/><\/p>\n","protected":false},"excerpt":{"rendered":"<p>Con tres partidos en Mercedes y el restante en San Andr\u00e9s de Giles comenz\u00f3 la segunda fecha del torneo Apertura &#8230; <a title=\"Victorias de El Front\u00f3n, Estudiantes y Ateneo en el inicio de la segunda fecha\" class=\"read-more\" href=\"https:\/\/www.hoymercedes.com.ar\/principal\/2018\/03\/24\/victorias-de-el-fronton-estudiantes-y-ateneo-en-el-inicio-de-la-segunda-fecha\/\" aria-label=\"Leer m\u00e1s sobre Victorias de El Front\u00f3n, Estudiantes y Ateneo en el inicio de la segunda fecha\">Leer m\u00e1s<\/a><\/p>\n","protected":false},"author":1,"featured_media":73845,"comment_status":"closed","ping_status":"open","sticky":false,"template":"","format":"standard","meta":{"_monsterinsights_skip_tracking":false,"_monsterinsights_sitenote_active":false,"_monsterinsights_sitenote_note":"","_monsterinsights_sitenote_category":0,"jetpack_post_was_ever_published":false,"_jetpack_newsletter_access":"","_jetpack_dont_email_post_to_subs":false,"_jetpack_newsletter_tier_id":0,"_jetpack_memberships_contains_paywalled_content":false,"_jetpack_memberships_contains_paid_content":false,"footnotes":"","jetpack_publicize_message":"","jetpack_publicize_feature_enabled":true,"jetpack_social_post_already_shared":true,"jetpack_social_options":{"image_generator_settings":{"template":"highway","default_image_id":0,"font":"","enabled":false},"version":2},"_wpas_customize_per_network":false},"categories":[21],"tags":[2254,204,1812,829,1003,1901],"class_list":["post-73843","post","type-post","status-publish","format-standard","has-post-thumbnail","hentry","category-deportes","tag-ateneo","tag-deportes-2","tag-el-fronton","tag-estudiantes","tag-futbol","tag-liga-mercedina","generate-columns","tablet-grid-50","mobile-grid-100","grid-parent","grid-50"],"jetpack_publicize_connections":[],"jetpack_featured_media_url":"https:\/\/www.hoymercedes.com.ar\/principal\/wp-content\/uploads\/2018\/03\/Primera-1.png","wps_subtitle":"Liga Mercedina","jetpack_sharing_enabled":true,"_links":{"self":[{"href":"https:\/\/www.hoymercedes.com.ar\/principal\/wp-json\/wp\/v2\/posts\/73843","targetHints":{"allow":["GET"]}}],"collection":[{"href":"https:\/\/www.hoymercedes.com.ar\/principal\/wp-json\/wp\/v2\/posts"}],"about":[{"href":"https:\/\/www.hoymercedes.com.ar\/principal\/wp-json\/wp\/v2\/types\/post"}],"author":[{"embeddable":true,"href":"https:\/\/www.hoymercedes.com.ar\/principal\/wp-json\/wp\/v2\/users\/1"}],"replies":[{"embeddable":true,"href":"https:\/\/www.hoymercedes.com.ar\/principal\/wp-json\/wp\/v2\/comments?post=73843"}],"version-history":[{"count":0,"href":"https:\/\/www.hoymercedes.com.ar\/principal\/wp-json\/wp\/v2\/posts\/73843\/revisions"}],"wp:featuredmedia":[{"embeddable":true,"href":"https:\/\/www.hoymercedes.com.ar\/principal\/wp-json\/wp\/v2\/media\/73845"}],"wp:attachment":[{"href":"https:\/\/www.hoymercedes.com.ar\/principal\/wp-json\/wp\/v2\/media?parent=73843"}],"wp:term":[{"taxonomy":"category","embeddable":true,"href":"https:\/\/www.hoymercedes.com.ar\/principal\/wp-json\/wp\/v2\/categories?post=73843"},{"taxonomy":"post_tag","embeddable":true,"href":"https:\/\/www.hoymercedes.com.ar\/principal\/wp-json\/wp\/v2\/tags?post=73843"}],"curies":[{"name":"wp","href":"https:\/\/api.w.org\/{rel}","templated":true}]}}