{"id":73900,"date":"2018-03-27T08:20:31","date_gmt":"2018-03-27T11:20:31","guid":{"rendered":"http:\/\/www.hoymercedes.com.ar\/principal\/?p=73900"},"modified":"2018-03-27T08:19:20","modified_gmt":"2018-03-27T11:19:20","slug":"la-asamblea-de-mujeres-mercedinas-invita-al-cierre-de-pioneras","status":"publish","type":"post","link":"https:\/\/www.hoymercedes.com.ar\/principal\/2018\/03\/27\/la-asamblea-de-mujeres-mercedinas-invita-al-cierre-de-pioneras\/","title":{"rendered":"La Asamblea de Mujeres Mercedinas invita al cierre de \u00abPioneras\u00bb"},"content":{"rendered":"<p>Este mi\u00e9rcoles 28 de marzo, ser\u00e1 el cierre de la muestra \u00ab<a href=\"https:\/\/www.hoymercedes.com.ar\/principal\/2018\/03\/10\/pioneras-una-expo-con-mirada-de-mujer-en-el-mamm\/\" target=\"_blank\" rel=\"noopener\">Pioneras<\/a>\u00ab, inaugurada los primeros d\u00edas de marzo en el marco de los actos conmemorativos por el D\u00eda Internacional de la Mujer Trabajadora. A partir de la hora 20 de este mi\u00e9rcoles, en el Museo de Arte \u00abMunicipalidad de Mercedes\u00bb se har\u00e1 el acto de clausura de la muestra.<\/p>\n<p>La Asamblea de Mujeres Mercedinas extiende la invitaci\u00f3n al acto de cierre no s\u00f3lo de la muestra, sino tambi\u00e9n de los actos por el mes de la mujer. Al finalizar el recorrido por cada una de las pioneras reconocidas y las actuaciones de artistas mercedinas que expresan la continuidad de la lucha de las mujeres mercedinas, la Asamblea dar\u00e1 a conocer e intercambiar la experiencia del Paro Internacional de Mujeres #8M, en Mercedes.<\/p>\n","protected":false},"excerpt":{"rendered":"<p>Este mi\u00e9rcoles 28 de marzo, ser\u00e1 el cierre de la muestra \u00abPioneras\u00ab, inaugurada los primeros d\u00edas de marzo en el &#8230; <a title=\"La Asamblea de Mujeres Mercedinas invita al cierre de \u00abPioneras\u00bb\" class=\"read-more\" href=\"https:\/\/www.hoymercedes.com.ar\/principal\/2018\/03\/27\/la-asamblea-de-mujeres-mercedinas-invita-al-cierre-de-pioneras\/\" aria-label=\"Leer m\u00e1s sobre La Asamblea de Mujeres Mercedinas invita al cierre de \u00abPioneras\u00bb\">Leer m\u00e1s<\/a><\/p>\n","protected":false},"author":1,"featured_media":73938,"comment_status":"closed","ping_status":"open","sticky":false,"template":"","format":"standard","meta":{"_monsterinsights_skip_tracking":false,"_monsterinsights_sitenote_active":false,"_monsterinsights_sitenote_note":"","_monsterinsights_sitenote_category":0,"jetpack_post_was_ever_published":false,"_jetpack_newsletter_access":"","_jetpack_dont_email_post_to_subs":false,"_jetpack_newsletter_tier_id":0,"_jetpack_memberships_contains_paywalled_content":false,"_jetpack_memberships_contains_paid_content":false,"footnotes":"","jetpack_publicize_message":"","jetpack_publicize_feature_enabled":true,"jetpack_social_post_already_shared":true,"jetpack_social_options":{"image_generator_settings":{"template":"highway","default_image_id":0,"font":"","enabled":false},"version":2},"_wpas_customize_per_network":false},"categories":[8],"tags":[12569,8674,10,12830,7802],"class_list":["post-73900","post","type-post","status-publish","format-standard","has-post-thumbnail","hentry","category-sociedad","tag-asamblea-de-mujeres-mercedinas","tag-mamm","tag-mercedes","tag-pioneras","tag-sociedad","generate-columns","tablet-grid-50","mobile-grid-100","grid-parent","grid-50"],"jetpack_publicize_connections":[],"jetpack_featured_media_url":"https:\/\/www.hoymercedes.com.ar\/principal\/wp-content\/uploads\/2018\/03\/27-mujeres-mercedinas.jpg","wps_subtitle":"Muestra en el MAMM","jetpack_sharing_enabled":true,"_links":{"self":[{"href":"https:\/\/www.hoymercedes.com.ar\/principal\/wp-json\/wp\/v2\/posts\/73900","targetHints":{"allow":["GET"]}}],"collection":[{"href":"https:\/\/www.hoymercedes.com.ar\/principal\/wp-json\/wp\/v2\/posts"}],"about":[{"href":"https:\/\/www.hoymercedes.com.ar\/principal\/wp-json\/wp\/v2\/types\/post"}],"author":[{"embeddable":true,"href":"https:\/\/www.hoymercedes.com.ar\/principal\/wp-json\/wp\/v2\/users\/1"}],"replies":[{"embeddable":true,"href":"https:\/\/www.hoymercedes.com.ar\/principal\/wp-json\/wp\/v2\/comments?post=73900"}],"version-history":[{"count":0,"href":"https:\/\/www.hoymercedes.com.ar\/principal\/wp-json\/wp\/v2\/posts\/73900\/revisions"}],"wp:featuredmedia":[{"embeddable":true,"href":"https:\/\/www.hoymercedes.com.ar\/principal\/wp-json\/wp\/v2\/media\/73938"}],"wp:attachment":[{"href":"https:\/\/www.hoymercedes.com.ar\/principal\/wp-json\/wp\/v2\/media?parent=73900"}],"wp:term":[{"taxonomy":"category","embeddable":true,"href":"https:\/\/www.hoymercedes.com.ar\/principal\/wp-json\/wp\/v2\/categories?post=73900"},{"taxonomy":"post_tag","embeddable":true,"href":"https:\/\/www.hoymercedes.com.ar\/principal\/wp-json\/wp\/v2\/tags?post=73900"}],"curies":[{"name":"wp","href":"https:\/\/api.w.org\/{rel}","templated":true}]}}