{"id":73910,"date":"2018-03-27T07:31:55","date_gmt":"2018-03-27T10:31:55","guid":{"rendered":"http:\/\/www.hoymercedes.com.ar\/principal\/?p=73910"},"modified":"2018-03-26T21:47:09","modified_gmt":"2018-03-27T00:47:09","slug":"juan-pedro-gatti-titular-en-el-empate-de-colon-ante-satsaid","status":"publish","type":"post","link":"https:\/\/www.hoymercedes.com.ar\/principal\/2018\/03\/27\/juan-pedro-gatti-titular-en-el-empate-de-colon-ante-satsaid\/","title":{"rendered":"Juan Pedro Gatti, titular en el empate de Col\u00f3n ante SATSAID"},"content":{"rendered":"<p>En el segundo play off del Torneo Federal \u201cC\u201d, Deportivo Col\u00f3n jug\u00f3 este s\u00e1bado en La Reja, partido de Moreno, donde empat\u00f3 en un gol con el equipo local SATSAID, el equipo que representa al Sindicato Argentino de Televisi\u00f3n. Se jug\u00f3 en el campo deportivo del Sindicato, en una cancha de menores dimensiones, recientemente inaugurada, con un piso flojo por la lluvia del d\u00eda viernes, que la hab\u00eda dejado anegada. Fue un partido de ida y vuelta, la pelota pas\u00f3 r\u00e1pidamente de un campo a otro, tuvo ritmo, mucha din\u00e1mica, los que atacaron se encontraron con dos defensas muy firmes, que respondieron a cada intento de penetraci\u00f3n del equipo rival. El mercedino Juan Pedro Gatti fue titular, mientras que Juan Pablo Montuori, no estuvo presente.<\/p>\n<p><img loading=\"lazy\" decoding=\"async\" data-attachment-id=\"73911\" data-permalink=\"https:\/\/www.hoymercedes.com.ar\/principal\/2018\/03\/27\/juan-pedro-gatti-titular-en-el-empate-de-colon-ante-satsaid\/dscn0399\/#main\" data-orig-file=\"https:\/\/www.hoymercedes.com.ar\/principal\/wp-content\/uploads\/2018\/03\/DSCN0399.jpg\" data-orig-size=\"4320,3240\" data-comments-opened=\"0\" data-image-meta=\"{&quot;aperture&quot;:&quot;5.7&quot;,&quot;credit&quot;:&quot;&quot;,&quot;camera&quot;:&quot;COOLPIX L310&quot;,&quot;caption&quot;:&quot;&quot;,&quot;created_timestamp&quot;:&quot;1517768720&quot;,&quot;copyright&quot;:&quot;&quot;,&quot;focal_length&quot;:&quot;83.7&quot;,&quot;iso&quot;:&quot;320&quot;,&quot;shutter_speed&quot;:&quot;0.002&quot;,&quot;title&quot;:&quot;&quot;,&quot;orientation&quot;:&quot;1&quot;}\" data-image-title=\"DSCN0399\" data-image-description=\"\" data-image-caption=\"\" data-large-file=\"https:\/\/www.hoymercedes.com.ar\/principal\/wp-content\/uploads\/2018\/03\/DSCN0399-1024x768.jpg\" class=\"aligncenter size-medium wp-image-73911\" src=\"https:\/\/www.hoymercedes.com.ar\/principal\/wp-content\/uploads\/2018\/03\/DSCN0399-630x473.jpg\" alt=\"\" width=\"630\" height=\"473\" srcset=\"https:\/\/www.hoymercedes.com.ar\/principal\/wp-content\/uploads\/2018\/03\/DSCN0399-630x473.jpg 630w, https:\/\/www.hoymercedes.com.ar\/principal\/wp-content\/uploads\/2018\/03\/DSCN0399-150x113.jpg 150w, https:\/\/www.hoymercedes.com.ar\/principal\/wp-content\/uploads\/2018\/03\/DSCN0399-1024x768.jpg 1024w\" sizes=\"auto, (max-width: 630px) 100vw, 630px\" \/><\/p>\n<p><strong>SATSAID<\/strong>\u00a0(1): Nicol\u00e1s Flores, Tom\u00e1s Cueto, Jonathan Cerato, Federico Dur\u00e1n, Miguel Monay, Cristian Tavio, Juli\u00e1n Garc\u00eda, Federico Maidana, Pablo Tebes, Oscar Esquivel \u00a9, Iv\u00e1n Arbello. DT Maximiliano Blanco<\/p>\n<aside class=\"htmlinline \"><strong>Deportivo Col\u00f3n<\/strong>\u00a0(1): Cristopher De Feliche, Juan Pedro Gatti, Juan Marcelo Cirelli, Lucas Noguera \u00a9, Nicol\u00e1s Giaccone, Jos\u00e9 Ignacio Cesarini, Ger\u00f3nimo Laphitzborde, Mat\u00edas L\u00f3pez, Emiliano Abalos, Dardo Sosa, Cristopher Torres. DT Luciano Abalos<strong>Goles<\/strong>: ST 9m Miguel Monay (SATSAID); 18 minutos Nicol\u00e1s Giaccone (DC). Cambios:16m Javier Mena por L\u00f3pez (DC); 25m Jorge Mart\u00ednez Ramos por Esquivel, 29m Pedro Segurola por Tebes y 38m Federico Gile por Garc\u00eda (SATSAID); 44m Ezequiel D`Amelio por Abalos (DC). Relevos: Cristian Rodr\u00edguez y Leandro Chamorro (S); Alexis Baume y Maximiliano De R\u00f3o (DC). Amonestados: Lucas Noguera y Nicol\u00e1s Giaccone (DC). Expulsados: No hubo. Arbitro: Bruno Amiconi; Asistentes Marcelo Acosta y Mauricio Luna (Liga de 25 de Mayo).<\/p>\n<p>Cancha: Sindicato Argentino de Televisi\u00f3n, La Reja (Moreno).<\/p>\n<\/aside>\n","protected":false},"excerpt":{"rendered":"<p>En el segundo play off del Torneo Federal \u201cC\u201d, Deportivo Col\u00f3n jug\u00f3 este s\u00e1bado en La Reja, partido de Moreno, &#8230; <a title=\"Juan Pedro Gatti, titular en el empate de Col\u00f3n ante SATSAID\" class=\"read-more\" href=\"https:\/\/www.hoymercedes.com.ar\/principal\/2018\/03\/27\/juan-pedro-gatti-titular-en-el-empate-de-colon-ante-satsaid\/\" aria-label=\"Leer m\u00e1s sobre Juan Pedro Gatti, titular en el empate de Col\u00f3n ante SATSAID\">Leer m\u00e1s<\/a><\/p>\n","protected":false},"author":1,"featured_media":73911,"comment_status":"closed","ping_status":"open","sticky":false,"template":"","format":"standard","meta":{"_monsterinsights_skip_tracking":false,"_monsterinsights_sitenote_active":false,"_monsterinsights_sitenote_note":"","_monsterinsights_sitenote_category":0,"jetpack_post_was_ever_published":false,"_jetpack_newsletter_access":"","_jetpack_dont_email_post_to_subs":false,"_jetpack_newsletter_tier_id":0,"_jetpack_memberships_contains_paywalled_content":false,"_jetpack_memberships_contains_paid_content":false,"footnotes":"","jetpack_publicize_message":"","jetpack_publicize_feature_enabled":true,"jetpack_social_post_already_shared":true,"jetpack_social_options":{"image_generator_settings":{"template":"highway","default_image_id":0,"font":"","enabled":false},"version":2},"_wpas_customize_per_network":false},"categories":[21],"tags":[11752,204,8412,12551],"class_list":["post-73910","post","type-post","status-publish","format-standard","has-post-thumbnail","hentry","category-deportes","tag-colon","tag-deportes-2","tag-federal-c","tag-juan-pedro-gatti","generate-columns","tablet-grid-50","mobile-grid-100","grid-parent","grid-50"],"jetpack_publicize_connections":[],"jetpack_featured_media_url":"https:\/\/www.hoymercedes.com.ar\/principal\/wp-content\/uploads\/2018\/03\/DSCN0399.jpg","wps_subtitle":"Federal C","jetpack_sharing_enabled":true,"_links":{"self":[{"href":"https:\/\/www.hoymercedes.com.ar\/principal\/wp-json\/wp\/v2\/posts\/73910","targetHints":{"allow":["GET"]}}],"collection":[{"href":"https:\/\/www.hoymercedes.com.ar\/principal\/wp-json\/wp\/v2\/posts"}],"about":[{"href":"https:\/\/www.hoymercedes.com.ar\/principal\/wp-json\/wp\/v2\/types\/post"}],"author":[{"embeddable":true,"href":"https:\/\/www.hoymercedes.com.ar\/principal\/wp-json\/wp\/v2\/users\/1"}],"replies":[{"embeddable":true,"href":"https:\/\/www.hoymercedes.com.ar\/principal\/wp-json\/wp\/v2\/comments?post=73910"}],"version-history":[{"count":0,"href":"https:\/\/www.hoymercedes.com.ar\/principal\/wp-json\/wp\/v2\/posts\/73910\/revisions"}],"wp:featuredmedia":[{"embeddable":true,"href":"https:\/\/www.hoymercedes.com.ar\/principal\/wp-json\/wp\/v2\/media\/73911"}],"wp:attachment":[{"href":"https:\/\/www.hoymercedes.com.ar\/principal\/wp-json\/wp\/v2\/media?parent=73910"}],"wp:term":[{"taxonomy":"category","embeddable":true,"href":"https:\/\/www.hoymercedes.com.ar\/principal\/wp-json\/wp\/v2\/categories?post=73910"},{"taxonomy":"post_tag","embeddable":true,"href":"https:\/\/www.hoymercedes.com.ar\/principal\/wp-json\/wp\/v2\/tags?post=73910"}],"curies":[{"name":"wp","href":"https:\/\/api.w.org\/{rel}","templated":true}]}}