{"id":73923,"date":"2018-03-27T20:04:00","date_gmt":"2018-03-27T23:04:00","guid":{"rendered":"http:\/\/www.hoymercedes.com.ar\/principal\/?p=73923"},"modified":"2018-03-27T19:19:19","modified_gmt":"2018-03-27T22:19:19","slug":"dura-patada-de-minadevino-en-los-andes-vs-brown-de-adrogue-video","status":"publish","type":"post","link":"https:\/\/www.hoymercedes.com.ar\/principal\/2018\/03\/27\/dura-patada-de-minadevino-en-los-andes-vs-brown-de-adrogue-video\/","title":{"rendered":"Dura patada de Minadevino en Los Andes Vs. Brown de Adrogu\u00e9 (Video)"},"content":{"rendered":"<p>El partido entre Los Andes y Brown de Adrogu\u00e9 por la fecha 20 de la B Nacional estuvo detenido once minutos por un fuerte enfrentamiento entres facciones de la barrabrava local.<\/p>\n<p><img loading=\"lazy\" decoding=\"async\" data-attachment-id=\"73925\" data-permalink=\"https:\/\/www.hoymercedes.com.ar\/principal\/2018\/03\/27\/dura-patada-de-minadevino-en-los-andes-vs-brown-de-adrogue-video\/captura-de-pantalla-2018-03-26-21-08-43-2\/#main\" data-orig-file=\"https:\/\/www.hoymercedes.com.ar\/principal\/wp-content\/uploads\/2018\/03\/Captura-de-pantalla-2018-03-26-21.08.43-1.png\" data-orig-size=\"1013,511\" data-comments-opened=\"0\" data-image-meta=\"{&quot;aperture&quot;:&quot;0&quot;,&quot;credit&quot;:&quot;&quot;,&quot;camera&quot;:&quot;&quot;,&quot;caption&quot;:&quot;&quot;,&quot;created_timestamp&quot;:&quot;0&quot;,&quot;copyright&quot;:&quot;&quot;,&quot;focal_length&quot;:&quot;0&quot;,&quot;iso&quot;:&quot;0&quot;,&quot;shutter_speed&quot;:&quot;0&quot;,&quot;title&quot;:&quot;&quot;,&quot;orientation&quot;:&quot;0&quot;}\" data-image-title=\"Captura de pantalla 2018-03-26 21.08.43\" data-image-description=\"\" data-image-caption=\"\" data-large-file=\"https:\/\/www.hoymercedes.com.ar\/principal\/wp-content\/uploads\/2018\/03\/Captura-de-pantalla-2018-03-26-21.08.43-1.png\" class=\"aligncenter size-medium wp-image-73925\" src=\"https:\/\/www.hoymercedes.com.ar\/principal\/wp-content\/uploads\/2018\/03\/Captura-de-pantalla-2018-03-26-21.08.43-1-630x318.png\" alt=\"\" width=\"630\" height=\"318\" srcset=\"https:\/\/www.hoymercedes.com.ar\/principal\/wp-content\/uploads\/2018\/03\/Captura-de-pantalla-2018-03-26-21.08.43-1-630x318.png 630w, https:\/\/www.hoymercedes.com.ar\/principal\/wp-content\/uploads\/2018\/03\/Captura-de-pantalla-2018-03-26-21.08.43-1-150x76.png 150w, https:\/\/www.hoymercedes.com.ar\/principal\/wp-content\/uploads\/2018\/03\/Captura-de-pantalla-2018-03-26-21.08.43-1.png 1013w\" sizes=\"auto, (max-width: 630px) 100vw, 630px\" \/><\/p>\n<p>&nbsp;<\/p>\n<p>Cuando se reanudaron las acciones continu\u00f3 la violencia, pero dentro de la cancha. En el primer avance del Milrayitas tras la interrupci\u00f3n del juego la pelota qued\u00f3 dividida en la puerta del \u00e1rea visitante y ah\u00ed se produjo un choque tremendo.<\/p>\n<p>Mart\u00edn Minadevino mediocampista de Brown de Adrogu\u00e9, en su intento por rechazar la pelota, sali\u00f3 del \u00e1rea con envi\u00f3n y levant\u00f3 la pierna hasta impactar en el rostro de Gustavo Turraca.<\/p>\n<p>El mediocampista del equipo de Lomas hab\u00eda ido en busca del bal\u00f3n dividido sin imaginar que se encontrar\u00eda en el camino con el planchazo criminal de su rival.<\/p>\n<p>Fue una patada voladora impresionante que gener\u00f3 la decisi\u00f3n inmediata del \u00e1rbitro Bruno Bocca quien expuls\u00f3 a Minadevino.<\/p>\n<p>Algunos compa\u00f1eros de Brown de Adrogu\u00e9 le protestaron al juez pero al ver el rostro de Turraca y las repeticiones de la acci\u00f3n no quedaban dudas de que la roja era m\u00e1s que merecida para una de las patadas m\u00e1s violentas del a\u00f1o.<\/p>\n<p><span class=\"embed-youtube\" style=\"text-align:center; display: block;\"><iframe loading=\"lazy\" class=\"youtube-player\" width=\"1200\" height=\"675\" src=\"https:\/\/www.youtube.com\/embed\/iM8XYePnxY0?version=3&#038;rel=1&#038;showsearch=0&#038;showinfo=1&#038;iv_load_policy=1&#038;fs=1&#038;hl=es-ES&#038;autohide=2&#038;wmode=transparent\" allowfullscreen=\"true\" style=\"border:0;\" sandbox=\"allow-scripts allow-same-origin allow-popups allow-presentation allow-popups-to-escape-sandbox\"><\/iframe><\/span><\/p>\n","protected":false},"excerpt":{"rendered":"<p>El partido entre Los Andes y Brown de Adrogu\u00e9 por la fecha 20 de la B Nacional estuvo detenido once &#8230; <a title=\"Dura patada de Minadevino en Los Andes Vs. Brown de Adrogu\u00e9 (Video)\" class=\"read-more\" href=\"https:\/\/www.hoymercedes.com.ar\/principal\/2018\/03\/27\/dura-patada-de-minadevino-en-los-andes-vs-brown-de-adrogue-video\/\" aria-label=\"Leer m\u00e1s sobre Dura patada de Minadevino en Los Andes Vs. Brown de Adrogu\u00e9 (Video)\">Leer m\u00e1s<\/a><\/p>\n","protected":false},"author":1,"featured_media":73925,"comment_status":"closed","ping_status":"open","sticky":false,"template":"","format":"standard","meta":{"_monsterinsights_skip_tracking":false,"_monsterinsights_sitenote_active":false,"_monsterinsights_sitenote_note":"","_monsterinsights_sitenote_category":0,"jetpack_post_was_ever_published":false,"_jetpack_newsletter_access":"","_jetpack_dont_email_post_to_subs":false,"_jetpack_newsletter_tier_id":0,"_jetpack_memberships_contains_paywalled_content":false,"_jetpack_memberships_contains_paid_content":false,"footnotes":"","jetpack_publicize_message":"","jetpack_publicize_feature_enabled":true,"jetpack_social_post_already_shared":true,"jetpack_social_options":{"image_generator_settings":{"template":"highway","default_image_id":0,"font":"","enabled":false},"version":2},"_wpas_customize_per_network":false},"categories":[21],"tags":[11817,204,1003,12828,10649,9770],"class_list":["post-73923","post","type-post","status-publish","format-standard","has-post-thumbnail","hentry","category-deportes","tag-brown-de-adrogue","tag-deportes-2","tag-futbol","tag-los-andres","tag-martin-minadevino","tag-video","generate-columns","tablet-grid-50","mobile-grid-100","grid-parent","grid-50"],"jetpack_publicize_connections":[],"jetpack_featured_media_url":"https:\/\/www.hoymercedes.com.ar\/principal\/wp-content\/uploads\/2018\/03\/Captura-de-pantalla-2018-03-26-21.08.43-1.png","wps_subtitle":"La Legi\u00f3n","jetpack_sharing_enabled":true,"_links":{"self":[{"href":"https:\/\/www.hoymercedes.com.ar\/principal\/wp-json\/wp\/v2\/posts\/73923","targetHints":{"allow":["GET"]}}],"collection":[{"href":"https:\/\/www.hoymercedes.com.ar\/principal\/wp-json\/wp\/v2\/posts"}],"about":[{"href":"https:\/\/www.hoymercedes.com.ar\/principal\/wp-json\/wp\/v2\/types\/post"}],"author":[{"embeddable":true,"href":"https:\/\/www.hoymercedes.com.ar\/principal\/wp-json\/wp\/v2\/users\/1"}],"replies":[{"embeddable":true,"href":"https:\/\/www.hoymercedes.com.ar\/principal\/wp-json\/wp\/v2\/comments?post=73923"}],"version-history":[{"count":0,"href":"https:\/\/www.hoymercedes.com.ar\/principal\/wp-json\/wp\/v2\/posts\/73923\/revisions"}],"wp:featuredmedia":[{"embeddable":true,"href":"https:\/\/www.hoymercedes.com.ar\/principal\/wp-json\/wp\/v2\/media\/73925"}],"wp:attachment":[{"href":"https:\/\/www.hoymercedes.com.ar\/principal\/wp-json\/wp\/v2\/media?parent=73923"}],"wp:term":[{"taxonomy":"category","embeddable":true,"href":"https:\/\/www.hoymercedes.com.ar\/principal\/wp-json\/wp\/v2\/categories?post=73923"},{"taxonomy":"post_tag","embeddable":true,"href":"https:\/\/www.hoymercedes.com.ar\/principal\/wp-json\/wp\/v2\/tags?post=73923"}],"curies":[{"name":"wp","href":"https:\/\/api.w.org\/{rel}","templated":true}]}}