{"id":73958,"date":"2018-03-27T18:00:54","date_gmt":"2018-03-27T21:00:54","guid":{"rendered":"http:\/\/www.hoymercedes.com.ar\/principal\/?p=73958"},"modified":"2018-03-27T17:44:28","modified_gmt":"2018-03-27T20:44:28","slug":"policia-federal-secuestra-droga-en-general-rodriguez","status":"publish","type":"post","link":"https:\/\/www.hoymercedes.com.ar\/principal\/2018\/03\/27\/policia-federal-secuestra-droga-en-general-rodriguez\/","title":{"rendered":"Polic\u00eda Federal secuestra droga en General Rodr\u00edguez"},"content":{"rendered":"<p>El personal de la Delegaci\u00f3n Mercedes de la Polic\u00eda Federal Argentina investigaba la presunta Infracci\u00f3n a la Ley 23.737 en Localidad de General Rodr\u00edguez. Hasta all\u00ed se fueron para realizar un allanamiento en la tarde del \u00faltimo s\u00e1bado. El resultado fue el secuestro de 1,2 kg de marihuana y m\u00e1s de 40 dosis de coca\u00edna, adem\u00e1s de dinero en efectivo y elementos para fraccionar y comercializar la droga.<\/p>\n<p>Con\u00a0intervenci\u00f3n del Juzgado de Garant\u00edas N\u00b0 3 a cargo de la Dra. Ardohain, (Unidad Funcional de Instrucci\u00f3n N\u00b0 10 del Depto. Judicial Moreno \u2013 General Rodr\u00edguez), la brigada de Mercedes se dirigi\u00f3 a finca ubicada en calle Baradero entre Canad\u00e1 y Peru del Barrio Almirante Brown de General Rodr\u00edguez. El lugar era investigado por sospechas de venta de sustancias estupefacientes.<\/p>\n<p>\u00abComenz\u00f3 la discreta investigaci\u00f3n para darle a la citada judicatura elementos probatorios que hicieran posible el correspondiente requerimiento fiscal para el allanamiento de la vivienda, y el decomiso de la sustancia il\u00edcita\u00bb, expresa el informe de la Polic\u00eda Federal de Mercedes.<\/p>\n<p>\u00abEl d\u00eda s\u00e1bado 24 de marzo de 2018, en horas de la tarde, personal de la Delegaci\u00f3n Mercedes de la Polic\u00eda Federal Allan\u00f3 el domicilio citado logrando individualizar a una persona, de sexo masculino, mayor de edad, quien practicaba la comercializaci\u00f3n de material estupefaciente y al\u00a0 secuestro de \u00a0importantes envoltorios fraccionados para su comercializaci\u00f3n, los que \u00a0alcanzaban\u00a0 1 kilo 200 gramos de Marihuana, \u00a0y m\u00e1s de\u00a0 40 dosis de coca\u00edna, dinero en efectivo y elementos de cortes para la comercializaci\u00f3n\u00bb, agregaron desde la dependencia policial enfatizando en la infracci\u00f3n Ley 23.737.<\/p>\n<figure id=\"attachment_73960\" aria-describedby=\"caption-attachment-73960\" style=\"width: 474px\" class=\"wp-caption aligncenter\"><img loading=\"lazy\" decoding=\"async\" data-attachment-id=\"73960\" data-permalink=\"https:\/\/www.hoymercedes.com.ar\/principal\/2018\/03\/27\/policia-federal-secuestra-droga-en-general-rodriguez\/27-policia-federal-2\/#main\" data-orig-file=\"https:\/\/www.hoymercedes.com.ar\/principal\/wp-content\/uploads\/2018\/03\/27-policia-federal-2.jpg\" data-orig-size=\"720,923\" data-comments-opened=\"0\" data-image-meta=\"{&quot;aperture&quot;:&quot;0&quot;,&quot;credit&quot;:&quot;&quot;,&quot;camera&quot;:&quot;&quot;,&quot;caption&quot;:&quot;&quot;,&quot;created_timestamp&quot;:&quot;0&quot;,&quot;copyright&quot;:&quot;&quot;,&quot;focal_length&quot;:&quot;0&quot;,&quot;iso&quot;:&quot;0&quot;,&quot;shutter_speed&quot;:&quot;0&quot;,&quot;title&quot;:&quot;&quot;,&quot;orientation&quot;:&quot;0&quot;}\" data-image-title=\"27 policia federal 2\" data-image-description=\"\" data-image-caption=\"\" data-large-file=\"https:\/\/www.hoymercedes.com.ar\/principal\/wp-content\/uploads\/2018\/03\/27-policia-federal-2.jpg\" class=\"wp-image-73960 size-medium\" src=\"https:\/\/www.hoymercedes.com.ar\/principal\/wp-content\/uploads\/2018\/03\/27-policia-federal-2-484x620.jpg\" alt=\"\" width=\"484\" height=\"620\" srcset=\"https:\/\/www.hoymercedes.com.ar\/principal\/wp-content\/uploads\/2018\/03\/27-policia-federal-2-484x620.jpg 484w, https:\/\/www.hoymercedes.com.ar\/principal\/wp-content\/uploads\/2018\/03\/27-policia-federal-2-117x150.jpg 117w, https:\/\/www.hoymercedes.com.ar\/principal\/wp-content\/uploads\/2018\/03\/27-policia-federal-2.jpg 720w\" sizes=\"auto, (max-width: 484px) 100vw, 484px\" \/><figcaption id=\"caption-attachment-73960\" class=\"wp-caption-text\">Polic\u00eda Federal de Mercedes secuestr\u00f3 marihuana y coca\u00edna en Gral. Rodr\u00edguez (Foto: Polic\u00eda Federal)<\/figcaption><\/figure>\n<p>&nbsp;<\/p>\n","protected":false},"excerpt":{"rendered":"<p>El personal de la Delegaci\u00f3n Mercedes de la Polic\u00eda Federal Argentina investigaba la presunta Infracci\u00f3n a la Ley 23.737 en &#8230; <a title=\"Polic\u00eda Federal secuestra droga en General Rodr\u00edguez\" class=\"read-more\" href=\"https:\/\/www.hoymercedes.com.ar\/principal\/2018\/03\/27\/policia-federal-secuestra-droga-en-general-rodriguez\/\" aria-label=\"Leer m\u00e1s sobre Polic\u00eda Federal secuestra droga en General Rodr\u00edguez\">Leer m\u00e1s<\/a><\/p>\n","protected":false},"author":1,"featured_media":73959,"comment_status":"closed","ping_status":"open","sticky":false,"template":"","format":"standard","meta":{"_monsterinsights_skip_tracking":false,"_monsterinsights_sitenote_active":false,"_monsterinsights_sitenote_note":"","_monsterinsights_sitenote_category":0,"jetpack_post_was_ever_published":false,"_jetpack_newsletter_access":"","_jetpack_dont_email_post_to_subs":false,"_jetpack_newsletter_tier_id":0,"_jetpack_memberships_contains_paywalled_content":false,"_jetpack_memberships_contains_paid_content":false,"footnotes":"","jetpack_publicize_message":"","jetpack_publicize_feature_enabled":true,"jetpack_social_post_already_shared":true,"jetpack_social_options":{"image_generator_settings":{"template":"highway","default_image_id":0,"font":"","enabled":false},"version":2},"_wpas_customize_per_network":false},"categories":[85],"tags":[27,12837,10,6549,12836],"class_list":["post-73958","post","type-post","status-publish","format-standard","has-post-thumbnail","hentry","category-policial","tag-drogas","tag-gral-rodiguez","tag-mercedes","tag-policia-federal","tag-secuestro","generate-columns","tablet-grid-50","mobile-grid-100","grid-parent","grid-50"],"jetpack_publicize_connections":[],"jetpack_featured_media_url":"https:\/\/www.hoymercedes.com.ar\/principal\/wp-content\/uploads\/2018\/03\/27-policia-federal-1.jpg","wps_subtitle":"Allanamientos","jetpack_sharing_enabled":true,"_links":{"self":[{"href":"https:\/\/www.hoymercedes.com.ar\/principal\/wp-json\/wp\/v2\/posts\/73958","targetHints":{"allow":["GET"]}}],"collection":[{"href":"https:\/\/www.hoymercedes.com.ar\/principal\/wp-json\/wp\/v2\/posts"}],"about":[{"href":"https:\/\/www.hoymercedes.com.ar\/principal\/wp-json\/wp\/v2\/types\/post"}],"author":[{"embeddable":true,"href":"https:\/\/www.hoymercedes.com.ar\/principal\/wp-json\/wp\/v2\/users\/1"}],"replies":[{"embeddable":true,"href":"https:\/\/www.hoymercedes.com.ar\/principal\/wp-json\/wp\/v2\/comments?post=73958"}],"version-history":[{"count":0,"href":"https:\/\/www.hoymercedes.com.ar\/principal\/wp-json\/wp\/v2\/posts\/73958\/revisions"}],"wp:featuredmedia":[{"embeddable":true,"href":"https:\/\/www.hoymercedes.com.ar\/principal\/wp-json\/wp\/v2\/media\/73959"}],"wp:attachment":[{"href":"https:\/\/www.hoymercedes.com.ar\/principal\/wp-json\/wp\/v2\/media?parent=73958"}],"wp:term":[{"taxonomy":"category","embeddable":true,"href":"https:\/\/www.hoymercedes.com.ar\/principal\/wp-json\/wp\/v2\/categories?post=73958"},{"taxonomy":"post_tag","embeddable":true,"href":"https:\/\/www.hoymercedes.com.ar\/principal\/wp-json\/wp\/v2\/tags?post=73958"}],"curies":[{"name":"wp","href":"https:\/\/api.w.org\/{rel}","templated":true}]}}