{"id":74009,"date":"2018-03-29T10:25:44","date_gmt":"2018-03-29T13:25:44","guid":{"rendered":"http:\/\/www.hoymercedes.com.ar\/principal\/?p=74009"},"modified":"2018-03-29T09:33:52","modified_gmt":"2018-03-29T12:33:52","slug":"arte-urbano-desde-la-mirada-de-paula-figoli","status":"publish","type":"post","link":"https:\/\/www.hoymercedes.com.ar\/principal\/2018\/03\/29\/arte-urbano-desde-la-mirada-de-paula-figoli\/","title":{"rendered":"Arte urbano desde la mirada de Paula Figoli"},"content":{"rendered":"<p>Paula F\u00edgoli propone mirar el arte urbano y sus variados mensajes. Junto a ella, colaboran Javier del Olmo, Ver\u00f3nica\u00a0Vi\u00f1as, Juan Cuello y Florencia Lagos\u00a0como artistas invitados. La muestra se inaugura el\u00a0s\u00e1bado 7 de abril, a la hora 20 en el Museo de Arte \u00abMunicipalidad de Mercedes\u00bb.<\/p>\n<p>Paula F\u00edgoli es artista pl\u00e1stica y desde hace un tiempo trabaja como docente en distintos lugares p\u00fablicos y privados. Aunque, quiz\u00e1s, el espacio donde m\u00e1s a gusto se sienta sea su propio taller. All\u00ed le propone a sus alumnos el desarrollo de una imagen personal a trav\u00e9s de la pintura \u201cdesde una visi\u00f3n amplia y contempor\u00e1nea\u201d, dice. Nada f\u00e1cil, es verdad. Pero su propuesta convoca a un desaf\u00edo que requiere de esfuerzo, curiosidad, experimentaci\u00f3n. Ensayo y error para conseguir el \u00e9xito.<\/p>\n<p>En 2006 la Escuela de Arte de la vecina localidad de Luj\u00e1n la vio egresarse y desde ese momento no dej\u00f3 de preguntarse qu\u00e9 y para qu\u00e9. Esto, sin dudas, la llev\u00f3 a conectarse de tal manera con el arte que ha encontrado en su nuevo proyecto una b\u00fasqueda constante de preguntas y respuestas acerca de la sociedad que la rodea, de la que es parte y con la cual convive.<\/p>\n<p>RE(in)SISTENCIA URBANAS es una exploraci\u00f3n profunda y reveladora. \u201cEs la construcci\u00f3n de un nuevo mensaje que surge de la superposici\u00f3n e insistencia de lenguajes\u201d, expresa la artista nacida en Castelar. \u201cMe interesa ver a la calle como un soporte en permanente transformaci\u00f3n. Vengo trabajando con esta idea en mis pinturas: paredes escritas, carteles pegados y arrancados\u201d, dice.<\/p>\n<p>Para esta propuesta ha convocado a los artistas Javier del Olmo (arquitecto y artista visual) y Ver\u00f3nica Vi\u00f1as (Licenciada en Econom\u00eda y Artista por vocaci\u00f3n), quienes tambi\u00e9n vienen desarrollando tareas art\u00edsticas en torno a lo urbano y a sus \u201ccapas\u201d:\u00a0\u00a0en el primer caso, intervenciones con la imagen de Julio L\u00f3pez y la resignificaci\u00f3n del verbo \u201cdesaparecer\u201d sobre su persona y trabajos en fotograf\u00edas impresas en gran formato con distintos materiales, en el segundo. Es por eso que, desde diferentes disciplinas, la calle y sus componentes se unir\u00e1n a trav\u00e9s del arte, sumando\u00a0\u00a0enfoques de un mismo tema para multiplicar las lecturas.<\/p>\n<p>Adem\u00e1s, se sumar\u00e1 una obra de\u00a0Reynaldo G\u00f3mez, artista ya fallecido, oriundo de San Antonio de Areco, que es patrimonio del municipio de San Andr\u00e9s de Giles y se contar\u00e1 con la participaci\u00f3n de Juan Cuello y Florencia Lagos, quienes realizar\u00e1n en conjunto una obra especialmente para esta muestra, que dialogar\u00e1 con la de Reynaldo G\u00f3mez.<\/p>\n<p>Esta experiencia llegar\u00e1 a nuestra ciudad luego de haber sido presentada en 2017 en el Complejo Museogr\u00e1fico y Cultural de San Andr\u00e9s de Giles y unos meses m\u00e1s tarde en el Club Recreativo Carmen de Areco.<\/p>\n<p>La tercera experiencia ser\u00e1 en Mercedes y la fecha ya est\u00e1 confirmada: s\u00e1bado 7 de abril, a las 20 hs.<\/p>\n<p>&nbsp;<\/p>\n<p>Fuente: MAMM<\/p>\n<p><img loading=\"lazy\" decoding=\"async\" data-attachment-id=\"74035\" data-permalink=\"https:\/\/www.hoymercedes.com.ar\/principal\/2018\/03\/29\/arte-urbano-desde-la-mirada-de-paula-figoli\/30-mamm-resistencia\/#main\" data-orig-file=\"https:\/\/www.hoymercedes.com.ar\/principal\/wp-content\/uploads\/2018\/03\/30-MAMM-resistencia.jpg\" data-orig-size=\"530,750\" data-comments-opened=\"0\" data-image-meta=\"{&quot;aperture&quot;:&quot;0&quot;,&quot;credit&quot;:&quot;&quot;,&quot;camera&quot;:&quot;&quot;,&quot;caption&quot;:&quot;&quot;,&quot;created_timestamp&quot;:&quot;1521808657&quot;,&quot;copyright&quot;:&quot;&quot;,&quot;focal_length&quot;:&quot;0&quot;,&quot;iso&quot;:&quot;0&quot;,&quot;shutter_speed&quot;:&quot;0&quot;,&quot;title&quot;:&quot;&quot;,&quot;orientation&quot;:&quot;1&quot;}\" data-image-title=\"30 MAMM resistencia\" data-image-description=\"\" data-image-caption=\"\" data-large-file=\"https:\/\/www.hoymercedes.com.ar\/principal\/wp-content\/uploads\/2018\/03\/30-MAMM-resistencia.jpg\" class=\"aligncenter size-medium wp-image-74035\" src=\"https:\/\/www.hoymercedes.com.ar\/principal\/wp-content\/uploads\/2018\/03\/30-MAMM-resistencia-438x620.jpg\" alt=\"\" width=\"438\" height=\"620\" srcset=\"https:\/\/www.hoymercedes.com.ar\/principal\/wp-content\/uploads\/2018\/03\/30-MAMM-resistencia-438x620.jpg 438w, https:\/\/www.hoymercedes.com.ar\/principal\/wp-content\/uploads\/2018\/03\/30-MAMM-resistencia-106x150.jpg 106w, https:\/\/www.hoymercedes.com.ar\/principal\/wp-content\/uploads\/2018\/03\/30-MAMM-resistencia.jpg 530w\" sizes=\"auto, (max-width: 438px) 100vw, 438px\" \/><\/p>\n","protected":false},"excerpt":{"rendered":"<p>Paula F\u00edgoli propone mirar el arte urbano y sus variados mensajes. Junto a ella, colaboran Javier del Olmo, Ver\u00f3nica\u00a0Vi\u00f1as, Juan &#8230; <a title=\"Arte urbano desde la mirada de Paula Figoli\" class=\"read-more\" href=\"https:\/\/www.hoymercedes.com.ar\/principal\/2018\/03\/29\/arte-urbano-desde-la-mirada-de-paula-figoli\/\" aria-label=\"Leer m\u00e1s sobre Arte urbano desde la mirada de Paula Figoli\">Leer m\u00e1s<\/a><\/p>\n","protected":false},"author":1,"featured_media":74034,"comment_status":"closed","ping_status":"open","sticky":false,"template":"","format":"standard","meta":{"_monsterinsights_skip_tracking":false,"_monsterinsights_sitenote_active":false,"_monsterinsights_sitenote_note":"","_monsterinsights_sitenote_category":0,"jetpack_post_was_ever_published":false,"_jetpack_newsletter_access":"","_jetpack_dont_email_post_to_subs":false,"_jetpack_newsletter_tier_id":0,"_jetpack_memberships_contains_paywalled_content":false,"_jetpack_memberships_contains_paid_content":false,"footnotes":"","jetpack_publicize_message":"","jetpack_publicize_feature_enabled":true,"jetpack_social_post_already_shared":true,"jetpack_social_options":{"image_generator_settings":{"template":"highway","default_image_id":0,"font":"","enabled":false},"version":2},"_wpas_customize_per_network":false},"categories":[104],"tags":[12844,7805,8674,10869],"class_list":["post-74009","post","type-post","status-publish","format-standard","has-post-thumbnail","hentry","category-cultura","tag-arte-urbano","tag-cultura","tag-mamm","tag-museo-de-arte","generate-columns","tablet-grid-50","mobile-grid-100","grid-parent","grid-50"],"jetpack_publicize_connections":[],"jetpack_featured_media_url":"https:\/\/www.hoymercedes.com.ar\/principal\/wp-content\/uploads\/2018\/03\/30-MAMM-Re-inSistencia.jpg","wps_subtitle":"Re(in)sistencias Urbanas","jetpack_sharing_enabled":true,"_links":{"self":[{"href":"https:\/\/www.hoymercedes.com.ar\/principal\/wp-json\/wp\/v2\/posts\/74009","targetHints":{"allow":["GET"]}}],"collection":[{"href":"https:\/\/www.hoymercedes.com.ar\/principal\/wp-json\/wp\/v2\/posts"}],"about":[{"href":"https:\/\/www.hoymercedes.com.ar\/principal\/wp-json\/wp\/v2\/types\/post"}],"author":[{"embeddable":true,"href":"https:\/\/www.hoymercedes.com.ar\/principal\/wp-json\/wp\/v2\/users\/1"}],"replies":[{"embeddable":true,"href":"https:\/\/www.hoymercedes.com.ar\/principal\/wp-json\/wp\/v2\/comments?post=74009"}],"version-history":[{"count":0,"href":"https:\/\/www.hoymercedes.com.ar\/principal\/wp-json\/wp\/v2\/posts\/74009\/revisions"}],"wp:featuredmedia":[{"embeddable":true,"href":"https:\/\/www.hoymercedes.com.ar\/principal\/wp-json\/wp\/v2\/media\/74034"}],"wp:attachment":[{"href":"https:\/\/www.hoymercedes.com.ar\/principal\/wp-json\/wp\/v2\/media?parent=74009"}],"wp:term":[{"taxonomy":"category","embeddable":true,"href":"https:\/\/www.hoymercedes.com.ar\/principal\/wp-json\/wp\/v2\/categories?post=74009"},{"taxonomy":"post_tag","embeddable":true,"href":"https:\/\/www.hoymercedes.com.ar\/principal\/wp-json\/wp\/v2\/tags?post=74009"}],"curies":[{"name":"wp","href":"https:\/\/api.w.org\/{rel}","templated":true}]}}