{"id":74037,"date":"2018-04-09T09:10:27","date_gmt":"2018-04-09T12:10:27","guid":{"rendered":"http:\/\/www.hoymercedes.com.ar\/principal\/?p=74037"},"modified":"2018-04-09T08:50:44","modified_gmt":"2018-04-09T11:50:44","slug":"camilo-guinot-brindara-charla-sobre-convivir-con-las-realidades-de-arte","status":"publish","type":"post","link":"https:\/\/www.hoymercedes.com.ar\/principal\/2018\/04\/09\/camilo-guinot-brindara-charla-sobre-convivir-con-las-realidades-de-arte\/","title":{"rendered":"Camilo Guinot brindar\u00e1 charla sobre \u00abconvivir con las realidades de arte\u00bb"},"content":{"rendered":"<p>Camilo Guinot conversar\u00e1 con el p\u00fablico en torno al proyecto que desarroll\u00f3 durante su flamante residencia en el Espacio de Arte Contempor\u00e1neo de Montevideo. Compartir\u00e1 los conocimientos adquiridos y buscar\u00e1 aportar nuevas ideas a quienes se acerquen. Dirigido a p\u00fablico general, artistas y estudiantes de arte, la charla ser\u00e1 el 14 de abril, 19 horas, en el MAMM con entrada libre y gratuita.<\/p>\n<p>El artista mercedino Camilo Guinot, realiz\u00f3 un minucioso y destacado trabajo a partir de una beca del programa Becar Cultura que pertenece al Ministerio de Cultura de la Naci\u00f3n y que consiste en facilitar a artistas de distintas disciplinas los medios necesarios para llevar adelante un intercambio cultural en un pa\u00eds determinado.<\/p>\n<p>En ese contexto se realiz\u00f3 el viaje. Fue entre los meses de febrero y marzo en Montevideo, Uruguay, en el Espacio de Arte Contempor\u00e1neo, un sitio de exhibici\u00f3n y difusi\u00f3n del arte que lleva diez a\u00f1os de actividad y que cuenta, adem\u00e1s, con una casa para aquellos artistas residentes que van a presentar sus ideas.<\/p>\n<p>As\u00ed, Guinot trabaj\u00f3 con una propuesta que ronda el viejo proyecto del puente lum\u00ednico que\u00a0 se iba a hacer realidad a partir de los faros instalados en los edificios del Palacio Salvo en Montevideo y el Palacio Barolo construidos por el arquitecto Palanti durante las primeras d\u00e9cadas del siglo XX. La particularidad de estos imponentes dise\u00f1os arquitect\u00f3nicos es que resultan casi id\u00e9nticos por las caracter\u00edsticas de sus c\u00fapulas.<\/p>\n<p>La historia cuenta que originalmente se iba a establecer en la cresta de cada uno de ellos unos faros cuya finalidad era construir, a partir de su ubicaci\u00f3n, ese tan ambicioso puente que uniera con un haz de luz ambos pa\u00edses atravesando el R\u00edo de la Plata. No se sabe ciertamente si alguna vez el proyecto en su totalidad de concret\u00f3. Hay quienes aseguran que en Buenos Aires los faros fueron instalados y encendidos, pero en Montevideo no s\u00f3lo no ocurri\u00f3 esto, sino que adem\u00e1s, desaparecieron.<\/p>\n<p>Y aqu\u00ed, la trama: la frustraci\u00f3n frente a un proyecto modernista y sus vaivenes de adaptaci\u00f3n. Eso es sobre lo que Guinot quiere reflexionar. Por eso el nombre:\u00a0Geograf\u00eda y simetr\u00eda (ensayo abierto sobre plan y fuga).\u00a0La idea de proyectar. La idea de proyecto. De proyectar un proyecto. De unir con luz una idea que sale a la luz y \u00a0toparse sobre la marcha con los inconvenientes y modificar el trabajo a partir de la frustraci\u00f3n. No s\u00f3lo en la idea de Palanti, sino en cualquier proceso art\u00edstico-creativo. Entonces, lo que el mercedino busca es preguntarse: \u00bfC\u00f3mo nace un proyecto art\u00edstico?\u00bfC\u00f3mo se desarrolla una obra? \u00bfC\u00f3mo se convive con ese naufragio indeseable pero muchas veces necesario? \u00bfC\u00f3mo se trabaja con el plan que se tiene y por qu\u00e9 surge la fuga, es decir, el ajuste para convertir lo que se quiere en lo que se puede, justamente por los recursos con los que se cuenta? \u00bfC\u00f3mo atravesar esa dificultad transform\u00e1ndola en un registro positivo y propicio para desarrollar la obra?<\/p>\n<p>Para esta oportunidad, el artista pl\u00e1stico explicar\u00e1 c\u00f3mo fue gest\u00e1ndose el proyecto y c\u00f3mo se fue diversificando. Adem\u00e1s, exhibir\u00e1 material con el que trabaj\u00f3 en su estad\u00eda en Montevideo: Fotos, maquetas, apuntes. La idea tiene como objetivo primordial compartir su experiencia y aportar nuevos datos a los artistas que se muestren interesados a partir de su vivencia y, desde luego, al p\u00fablico en general.<\/p>\n<p>Esta\u00a0actividad, impulsada por el Programa BECAR CULTURA del Ministerio de Cultura de la Naci\u00f3n, se desarrollar\u00e1 en el Museo de Arte de la Municipalidad de Mercedes el pr\u00f3ximo s\u00e1bado 14 de abril a las 19hs con entrada libre y gratu<\/p>\n<p>Fuente: MAMM<\/p>\n","protected":false},"excerpt":{"rendered":"<p>Camilo Guinot conversar\u00e1 con el p\u00fablico en torno al proyecto que desarroll\u00f3 durante su flamante residencia en el Espacio de &#8230; <a title=\"Camilo Guinot brindar\u00e1 charla sobre \u00abconvivir con las realidades de arte\u00bb\" class=\"read-more\" href=\"https:\/\/www.hoymercedes.com.ar\/principal\/2018\/04\/09\/camilo-guinot-brindara-charla-sobre-convivir-con-las-realidades-de-arte\/\" aria-label=\"Leer m\u00e1s sobre Camilo Guinot brindar\u00e1 charla sobre \u00abconvivir con las realidades de arte\u00bb\">Leer m\u00e1s<\/a><\/p>\n","protected":false},"author":1,"featured_media":74038,"comment_status":"closed","ping_status":"open","sticky":false,"template":"","format":"standard","meta":{"_monsterinsights_skip_tracking":false,"_monsterinsights_sitenote_active":false,"_monsterinsights_sitenote_note":"","_monsterinsights_sitenote_category":0,"jetpack_post_was_ever_published":false,"_jetpack_newsletter_access":"","_jetpack_dont_email_post_to_subs":false,"_jetpack_newsletter_tier_id":0,"_jetpack_memberships_contains_paywalled_content":false,"_jetpack_memberships_contains_paid_content":false,"footnotes":"","jetpack_publicize_message":"","jetpack_publicize_feature_enabled":true,"jetpack_social_post_already_shared":true,"jetpack_social_options":{"image_generator_settings":{"template":"highway","default_image_id":0,"font":"","enabled":false},"version":2},"_wpas_customize_per_network":false},"categories":[104],"tags":[12845,12152,7805,8674,10],"class_list":["post-74037","post","type-post","status-publish","format-standard","has-post-thumbnail","hentry","category-cultura","tag-becar-cultura","tag-camilo-guinot","tag-cultura","tag-mamm","tag-mercedes","generate-columns","tablet-grid-50","mobile-grid-100","grid-parent","grid-50"],"jetpack_publicize_connections":[],"jetpack_featured_media_url":"https:\/\/www.hoymercedes.com.ar\/principal\/wp-content\/uploads\/2018\/03\/09-MAMM-guinot.jpg","wps_subtitle":"Disertaci\u00f3n en el MAMM","jetpack_sharing_enabled":true,"_links":{"self":[{"href":"https:\/\/www.hoymercedes.com.ar\/principal\/wp-json\/wp\/v2\/posts\/74037","targetHints":{"allow":["GET"]}}],"collection":[{"href":"https:\/\/www.hoymercedes.com.ar\/principal\/wp-json\/wp\/v2\/posts"}],"about":[{"href":"https:\/\/www.hoymercedes.com.ar\/principal\/wp-json\/wp\/v2\/types\/post"}],"author":[{"embeddable":true,"href":"https:\/\/www.hoymercedes.com.ar\/principal\/wp-json\/wp\/v2\/users\/1"}],"replies":[{"embeddable":true,"href":"https:\/\/www.hoymercedes.com.ar\/principal\/wp-json\/wp\/v2\/comments?post=74037"}],"version-history":[{"count":0,"href":"https:\/\/www.hoymercedes.com.ar\/principal\/wp-json\/wp\/v2\/posts\/74037\/revisions"}],"wp:featuredmedia":[{"embeddable":true,"href":"https:\/\/www.hoymercedes.com.ar\/principal\/wp-json\/wp\/v2\/media\/74038"}],"wp:attachment":[{"href":"https:\/\/www.hoymercedes.com.ar\/principal\/wp-json\/wp\/v2\/media?parent=74037"}],"wp:term":[{"taxonomy":"category","embeddable":true,"href":"https:\/\/www.hoymercedes.com.ar\/principal\/wp-json\/wp\/v2\/categories?post=74037"},{"taxonomy":"post_tag","embeddable":true,"href":"https:\/\/www.hoymercedes.com.ar\/principal\/wp-json\/wp\/v2\/tags?post=74037"}],"curies":[{"name":"wp","href":"https:\/\/api.w.org\/{rel}","templated":true}]}}