{"id":74040,"date":"2018-04-02T09:47:08","date_gmt":"2018-04-02T12:47:08","guid":{"rendered":"http:\/\/www.hoymercedes.com.ar\/principal\/?p=74040"},"modified":"2018-03-30T16:32:15","modified_gmt":"2018-03-30T19:32:15","slug":"inauguran-muestra-fotografica-que-recuerda-a-un-ex-combatiente-de-malvinas","status":"publish","type":"post","link":"https:\/\/www.hoymercedes.com.ar\/principal\/2018\/04\/02\/inauguran-muestra-fotografica-que-recuerda-a-un-ex-combatiente-de-malvinas\/","title":{"rendered":"Inauguran muestra fotogr\u00e1fica que recuerda a un ex combatiente de Malvinas"},"content":{"rendered":"<p><em><strong>El 13 de abril se inaugurar\u00e1 la muestra \u201c2 de abril\u201d del reportero gr\u00e1fico Diego Paruelo. Es un seguimiento fotogr\u00e1fico de los \u00faltimos a\u00f1os de vida de Sergio Gasco, ex combatiente de la guerra de Malvinas. El olvido y la falta de contenci\u00f3n reflejados en 15 obras imperdibles.<\/strong><\/em><\/p>\n<p>Est\u00e1 claro que lo que sucedi\u00f3 despu\u00e9s no tuvo el trato adecuado. Porque una vez finalizada la guerra, sabido es que a los pibes los entraron por la puerta de atr\u00e1s, la m\u00e1s chiquita, la inmerecida. Que la contenci\u00f3n nunca fue el fuerte de aquel gobierno, tampoco es novedad. Y tampoco que con los a\u00f1os, muchos ex combatientes comenzaron a sentir el impacto de las esquirlas, ya no de una bomba, sino, de su propio pueblo.<\/p>\n<p>Este tambi\u00e9n fue el caso de Sergio Gasco, aquel que se apostara en el temible Monte Longdon para defender la bandera con s\u00f3lo 20 a\u00f1os y una conscripci\u00f3n ya cumplida.<\/p>\n<p>Un fusil mojado, la misi\u00f3n en el horizonte y el fr\u00edo penetrando sus dedos hasta el \u00faltimo d\u00eda.<\/p>\n<p>El tiempo lo encontr\u00f3 desocupado, con un f\u00edsico derruido y una psiquis a\u00fan peor. As\u00ed pasaron los \u00faltimos momentos del soldado que, en el olvido de un pueblo derrotado, cont\u00f3 con los d\u00edas de una semana la ayuda recibida. Desde la p\u00e9rdida auditiva hasta el padecimiento de s\u00edndrome de stress post-traum\u00e1tico que desemboca en la muerte en abril de 2003.<\/p>\n<p>Diego Paruelo es reportero gr\u00e1fico y llegar\u00e1 a Mercedes para presentar\u00a0\u201c2 de abril\u201d, la muestra en la que retrata a Gasco durante sus \u00faltimos tres a\u00f1os de vida. \u201cSu muerte no es ajena a la de los 455 ex combatientes que se suicidaron desde 1982 hasta nuestros d\u00edas, cifra que supera ampliamente a la de los soldados muertos en combate\u201d, cuenta el artista. \u201cDice Borges que en la vida de un hombre pueden estar contenidas la vida de todos los hombres\u201d, concluye.<\/p>\n<p>Actualmente, Paruelo se desempe\u00f1a en el Diario Tiempo Argentino y es colaborador en el Diario El Pa\u00eds (Espa\u00f1a) y en la agencia AFV. Tambi\u00e9n ha trabajado para\u00a0el Diario La Capital de Rosario y ha prestado sus servicios en Revista Veintitr\u00e9s, Crisis y Revista Rolling Stone, adem\u00e1s de los Diarios P\u00e1gina\/12, Cr\u00edtica de la Argentina y diversas revistas de Editorial Atl\u00e1ntida.<\/p>\n<p>\u201cEn la vida y el destino de Sergio Gasco se condensa el de buena parte de sus compa\u00f1eros ex combatientes que fueron enviado a la guerra con gloria, recibidos con indiferencia y abandonados en el olvido. Esta muestra habla de todos ellos, pero en verdad de todos nosotros, los argentinos\u201d, refleja Diego Paruelo, que presentar\u00e1 su muestra en el Museo de Arte de la Municipalidad de Mercedes el pr\u00f3ximo viernes 13 de abril a las 20.30, con entrada libre, p\u00fablica y gratuita.<\/p>\n<p>Fuente: MAMM<\/p>\n<p><img loading=\"lazy\" decoding=\"async\" data-attachment-id=\"74042\" data-permalink=\"https:\/\/www.hoymercedes.com.ar\/principal\/2018\/04\/02\/inauguran-muestra-fotografica-que-recuerda-a-un-ex-combatiente-de-malvinas\/02-mamm-fotografia1\/#main\" data-orig-file=\"https:\/\/www.hoymercedes.com.ar\/principal\/wp-content\/uploads\/2018\/03\/02-Mamm-fotograf\u00eda1.jpg\" data-orig-size=\"750,530\" data-comments-opened=\"0\" data-image-meta=\"{&quot;aperture&quot;:&quot;0&quot;,&quot;credit&quot;:&quot;&quot;,&quot;camera&quot;:&quot;&quot;,&quot;caption&quot;:&quot;&quot;,&quot;created_timestamp&quot;:&quot;1522228606&quot;,&quot;copyright&quot;:&quot;&quot;,&quot;focal_length&quot;:&quot;0&quot;,&quot;iso&quot;:&quot;0&quot;,&quot;shutter_speed&quot;:&quot;0&quot;,&quot;title&quot;:&quot;&quot;,&quot;orientation&quot;:&quot;1&quot;}\" data-image-title=\"02 Mamm fotograf\u00eda1\" data-image-description=\"\" data-image-caption=\"\" data-large-file=\"https:\/\/www.hoymercedes.com.ar\/principal\/wp-content\/uploads\/2018\/03\/02-Mamm-fotograf\u00eda1.jpg\" class=\"aligncenter size-medium wp-image-74042\" src=\"https:\/\/www.hoymercedes.com.ar\/principal\/wp-content\/uploads\/2018\/03\/02-Mamm-fotograf\u00eda1-630x445.jpg\" alt=\"\" width=\"630\" height=\"445\" srcset=\"https:\/\/www.hoymercedes.com.ar\/principal\/wp-content\/uploads\/2018\/03\/02-Mamm-fotograf\u00eda1-630x445.jpg 630w, https:\/\/www.hoymercedes.com.ar\/principal\/wp-content\/uploads\/2018\/03\/02-Mamm-fotograf\u00eda1-150x106.jpg 150w, https:\/\/www.hoymercedes.com.ar\/principal\/wp-content\/uploads\/2018\/03\/02-Mamm-fotograf\u00eda1.jpg 750w\" sizes=\"auto, (max-width: 630px) 100vw, 630px\" \/><\/p>\n<p>&nbsp;<\/p>\n","protected":false},"excerpt":{"rendered":"<p>El 13 de abril se inaugurar\u00e1 la muestra \u201c2 de abril\u201d del reportero gr\u00e1fico Diego Paruelo. Es un seguimiento fotogr\u00e1fico &#8230; <a title=\"Inauguran muestra fotogr\u00e1fica que recuerda a un ex combatiente de Malvinas\" class=\"read-more\" href=\"https:\/\/www.hoymercedes.com.ar\/principal\/2018\/04\/02\/inauguran-muestra-fotografica-que-recuerda-a-un-ex-combatiente-de-malvinas\/\" aria-label=\"Leer m\u00e1s sobre Inauguran muestra fotogr\u00e1fica que recuerda a un ex combatiente de Malvinas\">Leer m\u00e1s<\/a><\/p>\n","protected":false},"author":1,"featured_media":74041,"comment_status":"closed","ping_status":"open","sticky":false,"template":"","format":"standard","meta":{"_monsterinsights_skip_tracking":false,"_monsterinsights_sitenote_active":false,"_monsterinsights_sitenote_note":"","_monsterinsights_sitenote_category":0,"jetpack_post_was_ever_published":false,"_jetpack_newsletter_access":"","_jetpack_dont_email_post_to_subs":false,"_jetpack_newsletter_tier_id":0,"_jetpack_memberships_contains_paywalled_content":false,"_jetpack_memberships_contains_paid_content":false,"footnotes":"","jetpack_publicize_message":"","jetpack_publicize_feature_enabled":true,"jetpack_social_post_already_shared":true,"jetpack_social_options":{"image_generator_settings":{"template":"highway","default_image_id":0,"font":"","enabled":false},"version":2},"_wpas_customize_per_network":false},"categories":[104],"tags":[7805,1034,8674,10,756],"class_list":["post-74040","post","type-post","status-publish","format-standard","has-post-thumbnail","hentry","category-cultura","tag-cultura","tag-fotografia","tag-mamm","tag-mercedes","tag-veteranos-de-malvinas","generate-columns","tablet-grid-50","mobile-grid-100","grid-parent","grid-50"],"jetpack_publicize_connections":[],"jetpack_featured_media_url":"https:\/\/www.hoymercedes.com.ar\/principal\/wp-content\/uploads\/2018\/03\/02-Mamm-fotograf\u00eda.jpg","wps_subtitle":"El 13 de abril, 20:30 horas. ","jetpack_sharing_enabled":true,"_links":{"self":[{"href":"https:\/\/www.hoymercedes.com.ar\/principal\/wp-json\/wp\/v2\/posts\/74040","targetHints":{"allow":["GET"]}}],"collection":[{"href":"https:\/\/www.hoymercedes.com.ar\/principal\/wp-json\/wp\/v2\/posts"}],"about":[{"href":"https:\/\/www.hoymercedes.com.ar\/principal\/wp-json\/wp\/v2\/types\/post"}],"author":[{"embeddable":true,"href":"https:\/\/www.hoymercedes.com.ar\/principal\/wp-json\/wp\/v2\/users\/1"}],"replies":[{"embeddable":true,"href":"https:\/\/www.hoymercedes.com.ar\/principal\/wp-json\/wp\/v2\/comments?post=74040"}],"version-history":[{"count":0,"href":"https:\/\/www.hoymercedes.com.ar\/principal\/wp-json\/wp\/v2\/posts\/74040\/revisions"}],"wp:featuredmedia":[{"embeddable":true,"href":"https:\/\/www.hoymercedes.com.ar\/principal\/wp-json\/wp\/v2\/media\/74041"}],"wp:attachment":[{"href":"https:\/\/www.hoymercedes.com.ar\/principal\/wp-json\/wp\/v2\/media?parent=74040"}],"wp:term":[{"taxonomy":"category","embeddable":true,"href":"https:\/\/www.hoymercedes.com.ar\/principal\/wp-json\/wp\/v2\/categories?post=74040"},{"taxonomy":"post_tag","embeddable":true,"href":"https:\/\/www.hoymercedes.com.ar\/principal\/wp-json\/wp\/v2\/tags?post=74040"}],"curies":[{"name":"wp","href":"https:\/\/api.w.org\/{rel}","templated":true}]}}