{"id":74067,"date":"2018-03-29T22:08:12","date_gmt":"2018-03-30T01:08:12","guid":{"rendered":"http:\/\/www.hoymercedes.com.ar\/principal\/?p=74067"},"modified":"2018-03-29T22:08:12","modified_gmt":"2018-03-30T01:08:12","slug":"a-la-altura-de-suipacha-nuevo-siniestro-vial-en-la-ruta-5","status":"publish","type":"post","link":"https:\/\/www.hoymercedes.com.ar\/principal\/2018\/03\/29\/a-la-altura-de-suipacha-nuevo-siniestro-vial-en-la-ruta-5\/","title":{"rendered":"A la altura de Suipacha: Nuevo siniestro vial en la ruta 5"},"content":{"rendered":"<p>Aproximadamente a las 9 de la ma\u00f1ana de hoy jueves 29 de marzo de 2018, se produjo un siniestro a la altura del km 134 de la Ruta Nacional N\u00b0 5, en jurisdicci\u00f3n del partido de Suipacha.<\/p>\n<p><img loading=\"lazy\" decoding=\"async\" data-attachment-id=\"74068\" data-permalink=\"https:\/\/www.hoymercedes.com.ar\/principal\/2018\/03\/29\/a-la-altura-de-suipacha-nuevo-siniestro-vial-en-la-ruta-5\/29-ruta-5-suipacha\/#main\" data-orig-file=\"https:\/\/www.hoymercedes.com.ar\/principal\/wp-content\/uploads\/2018\/03\/29-ruta-5-suipacha.jpg\" data-orig-size=\"800,534\" data-comments-opened=\"0\" data-image-meta=\"{&quot;aperture&quot;:&quot;0&quot;,&quot;credit&quot;:&quot;&quot;,&quot;camera&quot;:&quot;&quot;,&quot;caption&quot;:&quot;&quot;,&quot;created_timestamp&quot;:&quot;0&quot;,&quot;copyright&quot;:&quot;&quot;,&quot;focal_length&quot;:&quot;0&quot;,&quot;iso&quot;:&quot;0&quot;,&quot;shutter_speed&quot;:&quot;0&quot;,&quot;title&quot;:&quot;&quot;,&quot;orientation&quot;:&quot;0&quot;}\" data-image-title=\"29 ruta 5 suipacha\" data-image-description=\"\" data-image-caption=\"\" data-large-file=\"https:\/\/www.hoymercedes.com.ar\/principal\/wp-content\/uploads\/2018\/03\/29-ruta-5-suipacha.jpg\" class=\"aligncenter size-medium wp-image-74068\" src=\"https:\/\/www.hoymercedes.com.ar\/principal\/wp-content\/uploads\/2018\/03\/29-ruta-5-suipacha-630x421.jpg\" alt=\"\" width=\"630\" height=\"421\" srcset=\"https:\/\/www.hoymercedes.com.ar\/principal\/wp-content\/uploads\/2018\/03\/29-ruta-5-suipacha-630x421.jpg 630w, https:\/\/www.hoymercedes.com.ar\/principal\/wp-content\/uploads\/2018\/03\/29-ruta-5-suipacha-150x100.jpg 150w, https:\/\/www.hoymercedes.com.ar\/principal\/wp-content\/uploads\/2018\/03\/29-ruta-5-suipacha.jpg 800w\" sizes=\"auto, (max-width: 630px) 100vw, 630px\" \/><\/p>\n<p>El siniestro se produjo cuando un autom\u00f3vil Peugeot 207, color gris, dominio IFW-018, conducido por Alex Alzamendi, domiciliado en Chivilcoy, que circulaba por Ruta Nacional N\u00b0 5, en sentido Chivilcoy hacia Suipacha, fue embestido desde atr\u00e1s por un autom\u00f3vil Chevrolet Agile, color negro, dominio KAJ-390, conducido por Martire Acosta, quien viajaba acompa\u00f1ado por su esposa Maria Eugenia Suarez, ambos domiciliados en la ciudad de Allen , Provincia de R\u00edo Negro.<\/p>\n<p>El siniestro se habr\u00eda producido cuando un veh\u00edculo que circulaba delante del Peugeot 207, habr\u00eda disminuido la velocidad bruscamente provocando que los veh\u00edculos que circulaban detr\u00e1s frenaran sobre la ruta, siendo ah\u00ed cuando el conductor del Chevrolet Agile, no alcanza a frenar a tiempo chocando desde atr\u00e1s al Peugeot, que luego de ser embestido en su parte trasera sale despedido hacia la mano contraria finalizando en la zona de pr\u00e9stamo, en tanto el Chevrolet Agile, se detiene en la banquina de su mano de circulaci\u00f3n.<\/p>\n<p>A pesar de la de violencia del impacto solo fue trasladada al Hospital la acompa\u00f1ante del Chevrolet Agile, con una leve dolencia provocada por el cintur\u00f3n de seguridad, quien luego de los controles de rigor fue dada de alta a los pocos minutos, el resto de los involucrados resultaron ilesos. Asimismo tambi\u00e9n a los pocos minutos cuando los veh\u00edculos se deten\u00edan en el lugar por el siniestro se produjo tambi\u00e9n un roce menor entre un Citroen C4 y un Chevrolet Tracker.<\/p>\n<p>El tr\u00e1nsito de la ruta 5 estuvo brevemente interrumpido mientras se realizaban la pericias, destac\u00e1ndose el alto caudal de veh\u00edculos que transitaban por la misma por el comienzo del fin de semana largo, llegando a registrarse a ese horario un promedio de 35 veh\u00edculos por minuto en la mano de circulaci\u00f3n Suipacha hacia Chivilcoy.<\/p>\n<p>&nbsp;<\/p>\n<p>Fuente: Jorge Lasala (Suipacha)<\/p>\n","protected":false},"excerpt":{"rendered":"<p>Aproximadamente a las 9 de la ma\u00f1ana de hoy jueves 29 de marzo de 2018, se produjo un siniestro a &#8230; <a title=\"A la altura de Suipacha: Nuevo siniestro vial en la ruta 5\" class=\"read-more\" href=\"https:\/\/www.hoymercedes.com.ar\/principal\/2018\/03\/29\/a-la-altura-de-suipacha-nuevo-siniestro-vial-en-la-ruta-5\/\" aria-label=\"Leer m\u00e1s sobre A la altura de Suipacha: Nuevo siniestro vial en la ruta 5\">Leer m\u00e1s<\/a><\/p>\n","protected":false},"author":1,"featured_media":74068,"comment_status":"closed","ping_status":"open","sticky":false,"template":"","format":"standard","meta":{"_monsterinsights_skip_tracking":false,"_monsterinsights_sitenote_active":false,"_monsterinsights_sitenote_note":"","_monsterinsights_sitenote_category":0,"jetpack_post_was_ever_published":false,"_jetpack_newsletter_access":"","_jetpack_dont_email_post_to_subs":false,"_jetpack_newsletter_tier_id":0,"_jetpack_memberships_contains_paywalled_content":false,"_jetpack_memberships_contains_paid_content":false,"footnotes":"","jetpack_publicize_message":"","jetpack_publicize_feature_enabled":true,"jetpack_social_post_already_shared":true,"jetpack_social_options":{"image_generator_settings":{"template":"highway","default_image_id":0,"font":"","enabled":false},"version":2},"_wpas_customize_per_network":false},"categories":[85],"tags":[62,96,538,10395,559],"class_list":["post-74067","post","type-post","status-publish","format-standard","has-post-thumbnail","hentry","category-policial","tag-chivilcoy","tag-policial-2","tag-ruta-5","tag-siniestro-vial","tag-suipacha","generate-columns","tablet-grid-50","mobile-grid-100","grid-parent","grid-50"],"jetpack_publicize_connections":[],"jetpack_featured_media_url":"https:\/\/www.hoymercedes.com.ar\/principal\/wp-content\/uploads\/2018\/03\/29-ruta-5-suipacha.jpg","wps_subtitle":"En la ma\u00f1ana de este jueves","jetpack_sharing_enabled":true,"_links":{"self":[{"href":"https:\/\/www.hoymercedes.com.ar\/principal\/wp-json\/wp\/v2\/posts\/74067","targetHints":{"allow":["GET"]}}],"collection":[{"href":"https:\/\/www.hoymercedes.com.ar\/principal\/wp-json\/wp\/v2\/posts"}],"about":[{"href":"https:\/\/www.hoymercedes.com.ar\/principal\/wp-json\/wp\/v2\/types\/post"}],"author":[{"embeddable":true,"href":"https:\/\/www.hoymercedes.com.ar\/principal\/wp-json\/wp\/v2\/users\/1"}],"replies":[{"embeddable":true,"href":"https:\/\/www.hoymercedes.com.ar\/principal\/wp-json\/wp\/v2\/comments?post=74067"}],"version-history":[{"count":0,"href":"https:\/\/www.hoymercedes.com.ar\/principal\/wp-json\/wp\/v2\/posts\/74067\/revisions"}],"wp:featuredmedia":[{"embeddable":true,"href":"https:\/\/www.hoymercedes.com.ar\/principal\/wp-json\/wp\/v2\/media\/74068"}],"wp:attachment":[{"href":"https:\/\/www.hoymercedes.com.ar\/principal\/wp-json\/wp\/v2\/media?parent=74067"}],"wp:term":[{"taxonomy":"category","embeddable":true,"href":"https:\/\/www.hoymercedes.com.ar\/principal\/wp-json\/wp\/v2\/categories?post=74067"},{"taxonomy":"post_tag","embeddable":true,"href":"https:\/\/www.hoymercedes.com.ar\/principal\/wp-json\/wp\/v2\/tags?post=74067"}],"curies":[{"name":"wp","href":"https:\/\/api.w.org\/{rel}","templated":true}]}}