{"id":74128,"date":"2018-03-30T20:12:04","date_gmt":"2018-03-30T23:12:04","guid":{"rendered":"http:\/\/www.hoymercedes.com.ar\/principal\/?p=74128"},"modified":"2018-03-30T20:12:04","modified_gmt":"2018-03-30T23:12:04","slug":"agustina-dafne-era-una-flor-era-un-sol-esta-con-quienes-la-amamos","status":"publish","type":"post","link":"https:\/\/www.hoymercedes.com.ar\/principal\/2018\/03\/30\/agustina-dafne-era-una-flor-era-un-sol-esta-con-quienes-la-amamos\/","title":{"rendered":"\u201cAgustina Dafne era una flor, era un sol. Est\u00e1 con quienes la amamos\u201d"},"content":{"rendered":"<p>Una nueva se\u00f1al de precauci\u00f3n con una Estrella Amarilla se descubri\u00f3 este viernes 30 de marzo. Con el nombre de Agustina Dafne Garc\u00eda Olgu\u00edn, el d\u00eda que ella hubiese cumplido 25 a\u00f1os, su familia descubri\u00f3 la estrella y coloc\u00f3 una planta en el boulevar de avenida 40 y 29, frente al lugar donde su estrella la recuerda.<\/p>\n<figure id=\"attachment_74114\" aria-describedby=\"caption-attachment-74114\" style=\"width: 620px\" class=\"wp-caption aligncenter\"><img loading=\"lazy\" decoding=\"async\" data-attachment-id=\"74114\" data-permalink=\"https:\/\/www.hoymercedes.com.ar\/principal\/2018\/03\/30\/agustina-dafne-era-una-flor-era-un-sol-esta-con-quienes-la-amamos\/30-estrella-agus-garcia-olguin-2\/#main\" data-orig-file=\"https:\/\/www.hoymercedes.com.ar\/principal\/wp-content\/uploads\/2018\/03\/30-estrella-Agus-garcia-olguin-2.jpg\" data-orig-size=\"750,500\" data-comments-opened=\"0\" data-image-meta=\"{&quot;aperture&quot;:&quot;6.3&quot;,&quot;credit&quot;:&quot;&quot;,&quot;camera&quot;:&quot;NIKON D3100&quot;,&quot;caption&quot;:&quot;&quot;,&quot;created_timestamp&quot;:&quot;1522405909&quot;,&quot;copyright&quot;:&quot;&quot;,&quot;focal_length&quot;:&quot;22&quot;,&quot;iso&quot;:&quot;100&quot;,&quot;shutter_speed&quot;:&quot;0.00625&quot;,&quot;title&quot;:&quot;&quot;,&quot;orientation&quot;:&quot;1&quot;}\" data-image-title=\"30 estrella Agus garcia olguin 2\" data-image-description=\"\" data-image-caption=\"&lt;p&gt;La familia completa descubri\u00f3 la se\u00f1al vertical&lt;\/p&gt;\n\" data-large-file=\"https:\/\/www.hoymercedes.com.ar\/principal\/wp-content\/uploads\/2018\/03\/30-estrella-Agus-garcia-olguin-2.jpg\" class=\"size-medium wp-image-74114\" src=\"https:\/\/www.hoymercedes.com.ar\/principal\/wp-content\/uploads\/2018\/03\/30-estrella-Agus-garcia-olguin-2-630x420.jpg\" alt=\"\" width=\"630\" height=\"420\" srcset=\"https:\/\/www.hoymercedes.com.ar\/principal\/wp-content\/uploads\/2018\/03\/30-estrella-Agus-garcia-olguin-2-630x420.jpg 630w, https:\/\/www.hoymercedes.com.ar\/principal\/wp-content\/uploads\/2018\/03\/30-estrella-Agus-garcia-olguin-2-150x100.jpg 150w, https:\/\/www.hoymercedes.com.ar\/principal\/wp-content\/uploads\/2018\/03\/30-estrella-Agus-garcia-olguin-2.jpg 750w\" sizes=\"auto, (max-width: 630px) 100vw, 630px\" \/><figcaption id=\"caption-attachment-74114\" class=\"wp-caption-text\">La familia completa descubri\u00f3 la se\u00f1al vertical<\/figcaption><\/figure>\n<p>Promediando la ma\u00f1ana de este viernes, los padres de Agustina Dafne, Dante Garc\u00eda y Rosana Olgu\u00edn, encabezaron el acto que record\u00f3 a la joven que el 4 de agosto de 2017 fue v\u00edctima de un siniestro vial en la intersecci\u00f3n de las avenidas 40 y 29. Acompa\u00f1\u00e1ndolos, las familias que integran el Grupo Estrellas Amarillas entregaban folletos con el fin de concientizar a los mercedinos en materia de seguridad vial.<\/p>\n<p>Junto a la peque\u00f1a ni\u00f1a de Agustina, Alaia Paz, la familia a pleno descubri\u00f3 la se\u00f1al vertical con la estrella amarilla que recuerda a la joven que este 30 de marzo hubiese cumplido 25 a\u00f1os. Rosana habl\u00f3 en nombre de la familia. \u201cLes agradezco a todos por habernos acompa\u00f1ado. Mi hija no se fue nunca. Mi hija est\u00e1 con nosotros, con quienes la amamos. Va a estar por el resto de mi vida. Voy a luchar para que su hija crezca como ella. Agustina Dafne era una flor, era un sol. Lo \u00fanico que les pido, ahora que me acompa\u00f1an, \u00a0quiero gritar que Agustina Dafne Garc\u00eda Olgu\u00edn siempre est\u00e1 presente, ahora y siempre\u201d, grit\u00f3 su madre con la uni\u00f3n de las voces de los presentes.<\/p>\n<figure id=\"attachment_74116\" aria-describedby=\"caption-attachment-74116\" style=\"width: 620px\" class=\"wp-caption aligncenter\"><img loading=\"lazy\" decoding=\"async\" data-attachment-id=\"74116\" data-permalink=\"https:\/\/www.hoymercedes.com.ar\/principal\/2018\/03\/30\/agustina-dafne-era-una-flor-era-un-sol-esta-con-quienes-la-amamos\/30-estrella-agus-garcia-olguin-4\/#main\" data-orig-file=\"https:\/\/www.hoymercedes.com.ar\/principal\/wp-content\/uploads\/2018\/03\/30-estrella-Agus-garcia-olguin-4.jpg\" data-orig-size=\"750,500\" data-comments-opened=\"0\" data-image-meta=\"{&quot;aperture&quot;:&quot;6.3&quot;,&quot;credit&quot;:&quot;&quot;,&quot;camera&quot;:&quot;NIKON D3100&quot;,&quot;caption&quot;:&quot;&quot;,&quot;created_timestamp&quot;:&quot;1522405997&quot;,&quot;copyright&quot;:&quot;&quot;,&quot;focal_length&quot;:&quot;18&quot;,&quot;iso&quot;:&quot;100&quot;,&quot;shutter_speed&quot;:&quot;0.00625&quot;,&quot;title&quot;:&quot;&quot;,&quot;orientation&quot;:&quot;1&quot;}\" data-image-title=\"30 estrella Agus garcia olguin 4\" data-image-description=\"\" data-image-caption=\"&lt;p&gt;Rosana Olgu\u00edn agradeci\u00f3 el acompa\u00f1amiento a todos los presentes&lt;\/p&gt;\n\" data-large-file=\"https:\/\/www.hoymercedes.com.ar\/principal\/wp-content\/uploads\/2018\/03\/30-estrella-Agus-garcia-olguin-4.jpg\" class=\"size-medium wp-image-74116\" src=\"https:\/\/www.hoymercedes.com.ar\/principal\/wp-content\/uploads\/2018\/03\/30-estrella-Agus-garcia-olguin-4-630x420.jpg\" alt=\"\" width=\"630\" height=\"420\" srcset=\"https:\/\/www.hoymercedes.com.ar\/principal\/wp-content\/uploads\/2018\/03\/30-estrella-Agus-garcia-olguin-4-630x420.jpg 630w, https:\/\/www.hoymercedes.com.ar\/principal\/wp-content\/uploads\/2018\/03\/30-estrella-Agus-garcia-olguin-4-150x100.jpg 150w, https:\/\/www.hoymercedes.com.ar\/principal\/wp-content\/uploads\/2018\/03\/30-estrella-Agus-garcia-olguin-4.jpg 750w\" sizes=\"auto, (max-width: 630px) 100vw, 630px\" \/><figcaption id=\"caption-attachment-74116\" class=\"wp-caption-text\">Rosana Olgu\u00edn agradeci\u00f3 el acompa\u00f1amiento a todos los presentes<\/figcaption><\/figure>\n<p>Luego de sus palabras, los padres de Agustina acompa\u00f1ados de sus familiares y amigos colocaron una planta en el boulevar de la avenida 40 en nombre de la joven v\u00edctima de siniestro vial.<\/p>\n<p>En nombre del Grupo Estrellas Amarillas Mercedes, Ana Torres agradeci\u00f3 el acompa\u00f1amiento a la familia de Agustina Garc\u00eda Olgu\u00edn y pidi\u00f3 a todos los presentes que difundan y concienticen a sus vecinos y amigos sobre el cumplimiento de las leyes de tr\u00e1nsito. \u201cQueremos que los folletos que entregamos se repiquen, que nos acompa\u00f1en, que se cuiden, que amen la vida, porque es lo m\u00e1s importante que tenemos\u201d, expres\u00f3 Ana.<\/p>\n<figure id=\"attachment_74115\" aria-describedby=\"caption-attachment-74115\" style=\"width: 620px\" class=\"wp-caption aligncenter\"><img loading=\"lazy\" decoding=\"async\" data-attachment-id=\"74115\" data-permalink=\"https:\/\/www.hoymercedes.com.ar\/principal\/2018\/03\/30\/agustina-dafne-era-una-flor-era-un-sol-esta-con-quienes-la-amamos\/30-estrella-agus-garcia-olguin-3\/#main\" data-orig-file=\"https:\/\/www.hoymercedes.com.ar\/principal\/wp-content\/uploads\/2018\/03\/30-estrella-Agus-garcia-olguin-3.jpg\" data-orig-size=\"750,500\" data-comments-opened=\"0\" data-image-meta=\"{&quot;aperture&quot;:&quot;8&quot;,&quot;credit&quot;:&quot;&quot;,&quot;camera&quot;:&quot;NIKON D3100&quot;,&quot;caption&quot;:&quot;&quot;,&quot;created_timestamp&quot;:&quot;1522406168&quot;,&quot;copyright&quot;:&quot;&quot;,&quot;focal_length&quot;:&quot;20&quot;,&quot;iso&quot;:&quot;100&quot;,&quot;shutter_speed&quot;:&quot;0.004&quot;,&quot;title&quot;:&quot;&quot;,&quot;orientation&quot;:&quot;1&quot;}\" data-image-title=\"30 estrella Agus garcia olguin 3\" data-image-description=\"\" data-image-caption=\"&lt;p&gt;Una planta en nombre de la joven de 24 a\u00f1os fallecida tras un siniestro vial se coloc\u00f3.&lt;\/p&gt;\n\" data-large-file=\"https:\/\/www.hoymercedes.com.ar\/principal\/wp-content\/uploads\/2018\/03\/30-estrella-Agus-garcia-olguin-3.jpg\" class=\"size-medium wp-image-74115\" src=\"https:\/\/www.hoymercedes.com.ar\/principal\/wp-content\/uploads\/2018\/03\/30-estrella-Agus-garcia-olguin-3-630x420.jpg\" alt=\"\" width=\"630\" height=\"420\" srcset=\"https:\/\/www.hoymercedes.com.ar\/principal\/wp-content\/uploads\/2018\/03\/30-estrella-Agus-garcia-olguin-3-630x420.jpg 630w, https:\/\/www.hoymercedes.com.ar\/principal\/wp-content\/uploads\/2018\/03\/30-estrella-Agus-garcia-olguin-3-150x100.jpg 150w, https:\/\/www.hoymercedes.com.ar\/principal\/wp-content\/uploads\/2018\/03\/30-estrella-Agus-garcia-olguin-3.jpg 750w\" sizes=\"auto, (max-width: 630px) 100vw, 630px\" \/><figcaption id=\"caption-attachment-74115\" class=\"wp-caption-text\">Una planta en nombre de la joven de 24 a\u00f1os fallecida tras un siniestro vial se coloc\u00f3.<\/figcaption><\/figure>\n<p>\u201cDesde nuestro lugar ponemos nuestro granito de arena. Pero de todos depende esto. No solo del grupo o del Estado. Tiene que entrar en la cabeza de cada uno que cuando vayamos por la calle, nos debemos cuidar. Ir por las sendas peatonales, usar casco, usar el cintur\u00f3n de seguridad, no pasar sem\u00e1foros en rojo. Amen la vida. Acomp\u00e1\u00f1ennos en cada acto\u201d, agreg\u00f3.<\/p>\n<p>Del acto estuvieron presentes los funcionarios municipales de las \u00e1reas de Gobierno y Tr\u00e1nsito, entre ellos Mat\u00edas Dematei, Clara Zunino y Nancy Okos.<\/p>\n<figure id=\"attachment_74113\" aria-describedby=\"caption-attachment-74113\" style=\"width: 620px\" class=\"wp-caption aligncenter\"><img loading=\"lazy\" decoding=\"async\" data-attachment-id=\"74113\" data-permalink=\"https:\/\/www.hoymercedes.com.ar\/principal\/2018\/03\/30\/agustina-dafne-era-una-flor-era-un-sol-esta-con-quienes-la-amamos\/30-estrella-agus-garcia-olguin-1\/#main\" data-orig-file=\"https:\/\/www.hoymercedes.com.ar\/principal\/wp-content\/uploads\/2018\/03\/30-estrella-Agus-garcia-olguin-1.jpg\" data-orig-size=\"750,500\" data-comments-opened=\"0\" data-image-meta=\"{&quot;aperture&quot;:&quot;5.6&quot;,&quot;credit&quot;:&quot;&quot;,&quot;camera&quot;:&quot;NIKON D3100&quot;,&quot;caption&quot;:&quot;&quot;,&quot;created_timestamp&quot;:&quot;1522406619&quot;,&quot;copyright&quot;:&quot;&quot;,&quot;focal_length&quot;:&quot;22&quot;,&quot;iso&quot;:&quot;100&quot;,&quot;shutter_speed&quot;:&quot;0.008&quot;,&quot;title&quot;:&quot;&quot;,&quot;orientation&quot;:&quot;1&quot;}\" data-image-title=\"30 estrella Agus garcia olguin 1\" data-image-description=\"\" data-image-caption=\"&lt;p&gt;Los padres e hija de Agustina la recordaron con una estrella amarilla con su nombre&lt;\/p&gt;\n\" data-large-file=\"https:\/\/www.hoymercedes.com.ar\/principal\/wp-content\/uploads\/2018\/03\/30-estrella-Agus-garcia-olguin-1.jpg\" class=\"size-medium wp-image-74113\" src=\"https:\/\/www.hoymercedes.com.ar\/principal\/wp-content\/uploads\/2018\/03\/30-estrella-Agus-garcia-olguin-1-630x420.jpg\" alt=\"\" width=\"630\" height=\"420\" srcset=\"https:\/\/www.hoymercedes.com.ar\/principal\/wp-content\/uploads\/2018\/03\/30-estrella-Agus-garcia-olguin-1-630x420.jpg 630w, https:\/\/www.hoymercedes.com.ar\/principal\/wp-content\/uploads\/2018\/03\/30-estrella-Agus-garcia-olguin-1-150x100.jpg 150w, https:\/\/www.hoymercedes.com.ar\/principal\/wp-content\/uploads\/2018\/03\/30-estrella-Agus-garcia-olguin-1.jpg 750w\" sizes=\"auto, (max-width: 630px) 100vw, 630px\" \/><figcaption id=\"caption-attachment-74113\" class=\"wp-caption-text\">Los padres e hija de Agustina la recordaron con una estrella amarilla con su nombre<\/figcaption><\/figure>\n","protected":false},"excerpt":{"rendered":"<p>Una nueva se\u00f1al de precauci\u00f3n con una Estrella Amarilla se descubri\u00f3 este viernes 30 de marzo. Con el nombre de &#8230; <a title=\"\u201cAgustina Dafne era una flor, era un sol. Est\u00e1 con quienes la amamos\u201d\" class=\"read-more\" href=\"https:\/\/www.hoymercedes.com.ar\/principal\/2018\/03\/30\/agustina-dafne-era-una-flor-era-un-sol-esta-con-quienes-la-amamos\/\" aria-label=\"Leer m\u00e1s sobre \u201cAgustina Dafne era una flor, era un sol. Est\u00e1 con quienes la amamos\u201d\">Leer m\u00e1s<\/a><\/p>\n","protected":false},"author":1,"featured_media":74113,"comment_status":"closed","ping_status":"open","sticky":false,"template":"","format":"standard","meta":{"_monsterinsights_skip_tracking":false,"_monsterinsights_sitenote_active":false,"_monsterinsights_sitenote_note":"","_monsterinsights_sitenote_category":0,"jetpack_post_was_ever_published":false,"_jetpack_newsletter_access":"","_jetpack_dont_email_post_to_subs":false,"_jetpack_newsletter_tier_id":0,"_jetpack_memberships_contains_paywalled_content":false,"_jetpack_memberships_contains_paid_content":false,"footnotes":"","jetpack_publicize_message":"","jetpack_publicize_feature_enabled":true,"jetpack_social_post_already_shared":true,"jetpack_social_options":{"image_generator_settings":{"template":"highway","default_image_id":0,"font":"","enabled":false},"version":2},"_wpas_customize_per_network":false},"categories":[8],"tags":[12859,10,626,10395,7802],"class_list":["post-74128","post","type-post","status-publish","format-standard","has-post-thumbnail","hentry","category-sociedad","tag-grupo-estrellas-amarillas","tag-mercedes","tag-seguridad-vial","tag-siniestro-vial","tag-sociedad","generate-columns","tablet-grid-50","mobile-grid-100","grid-parent","grid-50"],"jetpack_publicize_connections":[],"jetpack_featured_media_url":"https:\/\/www.hoymercedes.com.ar\/principal\/wp-content\/uploads\/2018\/03\/30-estrella-Agus-garcia-olguin-1.jpg","wps_subtitle":"Estrella Amarilla para Agustina Garc\u00eda Olguin","jetpack_sharing_enabled":true,"_links":{"self":[{"href":"https:\/\/www.hoymercedes.com.ar\/principal\/wp-json\/wp\/v2\/posts\/74128","targetHints":{"allow":["GET"]}}],"collection":[{"href":"https:\/\/www.hoymercedes.com.ar\/principal\/wp-json\/wp\/v2\/posts"}],"about":[{"href":"https:\/\/www.hoymercedes.com.ar\/principal\/wp-json\/wp\/v2\/types\/post"}],"author":[{"embeddable":true,"href":"https:\/\/www.hoymercedes.com.ar\/principal\/wp-json\/wp\/v2\/users\/1"}],"replies":[{"embeddable":true,"href":"https:\/\/www.hoymercedes.com.ar\/principal\/wp-json\/wp\/v2\/comments?post=74128"}],"version-history":[{"count":0,"href":"https:\/\/www.hoymercedes.com.ar\/principal\/wp-json\/wp\/v2\/posts\/74128\/revisions"}],"wp:featuredmedia":[{"embeddable":true,"href":"https:\/\/www.hoymercedes.com.ar\/principal\/wp-json\/wp\/v2\/media\/74113"}],"wp:attachment":[{"href":"https:\/\/www.hoymercedes.com.ar\/principal\/wp-json\/wp\/v2\/media?parent=74128"}],"wp:term":[{"taxonomy":"category","embeddable":true,"href":"https:\/\/www.hoymercedes.com.ar\/principal\/wp-json\/wp\/v2\/categories?post=74128"},{"taxonomy":"post_tag","embeddable":true,"href":"https:\/\/www.hoymercedes.com.ar\/principal\/wp-json\/wp\/v2\/tags?post=74128"}],"curies":[{"name":"wp","href":"https:\/\/api.w.org\/{rel}","templated":true}]}}