{"id":74133,"date":"2018-03-31T13:30:29","date_gmt":"2018-03-31T16:30:29","guid":{"rendered":"http:\/\/www.hoymercedes.com.ar\/principal\/?p=74133"},"modified":"2018-03-31T16:15:19","modified_gmt":"2018-03-31T19:15:19","slug":"gran-asistencia-en-las-primeras-noches-de-camino-de-los-bodegones","status":"publish","type":"post","link":"https:\/\/www.hoymercedes.com.ar\/principal\/2018\/03\/31\/gran-asistencia-en-las-primeras-noches-de-camino-de-los-bodegones\/","title":{"rendered":"Gran asistencia en las primeras noches de \u00abCamino de los Bodegones\u00bb"},"content":{"rendered":"<figure id=\"attachment_74134\" aria-describedby=\"caption-attachment-74134\" style=\"width: 620px\" class=\"wp-caption aligncenter\"><img loading=\"lazy\" decoding=\"async\" data-attachment-id=\"74134\" data-permalink=\"https:\/\/www.hoymercedes.com.ar\/principal\/2018\/03\/31\/gran-asistencia-en-las-primeras-noches-de-camino-de-los-bodegones\/bodegones-ravellodsc_0866\/#main\" data-orig-file=\"https:\/\/www.hoymercedes.com.ar\/principal\/wp-content\/uploads\/2018\/03\/bodegones-ravelloDSC_0866.jpg\" data-orig-size=\"730,485\" data-comments-opened=\"0\" data-image-meta=\"{&quot;aperture&quot;:&quot;4.5&quot;,&quot;credit&quot;:&quot;&quot;,&quot;camera&quot;:&quot;NIKON D3200&quot;,&quot;caption&quot;:&quot;&quot;,&quot;created_timestamp&quot;:&quot;1522449643&quot;,&quot;copyright&quot;:&quot;&quot;,&quot;focal_length&quot;:&quot;32&quot;,&quot;iso&quot;:&quot;3200&quot;,&quot;shutter_speed&quot;:&quot;0.05&quot;,&quot;title&quot;:&quot;&quot;,&quot;orientation&quot;:&quot;0&quot;}\" data-image-title=\"bodegones-ravelloDSC_0866\" data-image-description=\"\" data-image-caption=\"&lt;p&gt;Tano Ver\u00f3n &lt;\/p&gt;\n\" data-large-file=\"https:\/\/www.hoymercedes.com.ar\/principal\/wp-content\/uploads\/2018\/03\/bodegones-ravelloDSC_0866.jpg\" class=\"size-medium wp-image-74134\" src=\"https:\/\/www.hoymercedes.com.ar\/principal\/wp-content\/uploads\/2018\/03\/bodegones-ravelloDSC_0866-630x419.jpg\" alt=\"\" width=\"630\" height=\"419\" srcset=\"https:\/\/www.hoymercedes.com.ar\/principal\/wp-content\/uploads\/2018\/03\/bodegones-ravelloDSC_0866-630x419.jpg 630w, https:\/\/www.hoymercedes.com.ar\/principal\/wp-content\/uploads\/2018\/03\/bodegones-ravelloDSC_0866-150x100.jpg 150w, https:\/\/www.hoymercedes.com.ar\/principal\/wp-content\/uploads\/2018\/03\/bodegones-ravelloDSC_0866.jpg 730w\" sizes=\"auto, (max-width: 630px) 100vw, 630px\" \/><figcaption id=\"caption-attachment-74134\" class=\"wp-caption-text\">Tano Ver\u00f3n<\/figcaption><\/figure>\n<p>El fin de semana largo permiti\u00f3 una vez m\u00e1s el encuentro de los meredinos. La propuesta de la Municipalidad de Mercedes gener\u00f3 nuevamente una gran convocatoria. Camino de los Bodegones convoc\u00f3 a cientos de vecinos en cada una de las noches de m\u00fasica y arte. L\u00e1zaro, Ravello, Bistr\u00f3 y Uh\u00b4Meda fueron en esta ocasi\u00f3n los escenarios.<\/p>\n<p>Cada velada invit\u00f3 a los mercedinos a ser parte. La actividad de la Direcci\u00f3n de Turismo busc\u00f3 que en el fin de semana largo el comercio mercedino tenga un apoyo por parte de la Municipalidad para crear trabajo y acci\u00f3n local. Adem\u00e1s de convocar a m\u00fasicos y artistas que pudieran mostrar todo su talento.<\/p>\n<p><span class=\"embed-youtube\" style=\"text-align:center; display: block;\"><iframe loading=\"lazy\" class=\"youtube-player\" width=\"1200\" height=\"675\" src=\"https:\/\/www.youtube.com\/embed\/qwO1Jh5BFyU?version=3&#038;rel=1&#038;showsearch=0&#038;showinfo=1&#038;iv_load_policy=1&#038;fs=1&#038;hl=es-ES&#038;autohide=2&#038;wmode=transparent\" allowfullscreen=\"true\" style=\"border:0;\" sandbox=\"allow-scripts allow-same-origin allow-popups allow-presentation allow-popups-to-escape-sandbox\"><\/iframe><\/span><\/p>\n<p>Este jueves 29 de marzo la propuesta fue en el bar \u201cL\u00e1zaro\u201d de calle 17 y 32 donde se pudo disfrutar desde las 20.30hs a Rodrigo Far\u00edas, que es muralista, y tambi\u00e9n a \u201cMamadora\u201d que hizo cumbia, candombe, reggae y folk.<\/p>\n<p>El viernes 30 continu\u00f3 la propuesta en \u201cRavello\u201d desde las 18.30hs con el arte del Tano Ver\u00f3n y la m\u00fasica a cargo de \u201cCambodia Ok\u201d que realiz\u00f3 soft rock. La invitaci\u00f3n fue en Acceso Sur y 144.<\/p>\n<figure id=\"attachment_74135\" aria-describedby=\"caption-attachment-74135\" style=\"width: 620px\" class=\"wp-caption aligncenter\"><img loading=\"lazy\" decoding=\"async\" data-attachment-id=\"74135\" data-permalink=\"https:\/\/www.hoymercedes.com.ar\/principal\/2018\/03\/31\/gran-asistencia-en-las-primeras-noches-de-camino-de-los-bodegones\/bodegones-ravellodsc_0858\/#main\" data-orig-file=\"https:\/\/www.hoymercedes.com.ar\/principal\/wp-content\/uploads\/2018\/03\/bodegones-ravelloDSC_0858.jpg\" data-orig-size=\"730,485\" data-comments-opened=\"0\" data-image-meta=\"{&quot;aperture&quot;:&quot;3.5&quot;,&quot;credit&quot;:&quot;&quot;,&quot;camera&quot;:&quot;NIKON D3200&quot;,&quot;caption&quot;:&quot;&quot;,&quot;created_timestamp&quot;:&quot;1522448258&quot;,&quot;copyright&quot;:&quot;&quot;,&quot;focal_length&quot;:&quot;18&quot;,&quot;iso&quot;:&quot;3200&quot;,&quot;shutter_speed&quot;:&quot;0.016666666666667&quot;,&quot;title&quot;:&quot;&quot;,&quot;orientation&quot;:&quot;0&quot;}\" data-image-title=\"bodegones-ravelloDSC_0858\" data-image-description=\"\" data-image-caption=\"&lt;p&gt;Asistencia en Ravello&lt;\/p&gt;\n\" data-large-file=\"https:\/\/www.hoymercedes.com.ar\/principal\/wp-content\/uploads\/2018\/03\/bodegones-ravelloDSC_0858.jpg\" class=\"size-medium wp-image-74135\" src=\"https:\/\/www.hoymercedes.com.ar\/principal\/wp-content\/uploads\/2018\/03\/bodegones-ravelloDSC_0858-630x419.jpg\" alt=\"\" width=\"630\" height=\"419\" srcset=\"https:\/\/www.hoymercedes.com.ar\/principal\/wp-content\/uploads\/2018\/03\/bodegones-ravelloDSC_0858-630x419.jpg 630w, https:\/\/www.hoymercedes.com.ar\/principal\/wp-content\/uploads\/2018\/03\/bodegones-ravelloDSC_0858-150x100.jpg 150w, https:\/\/www.hoymercedes.com.ar\/principal\/wp-content\/uploads\/2018\/03\/bodegones-ravelloDSC_0858.jpg 730w\" sizes=\"auto, (max-width: 630px) 100vw, 630px\" \/><figcaption id=\"caption-attachment-74135\" class=\"wp-caption-text\">Asistencia en Ravello<\/figcaption><\/figure>\n<p>El s\u00e1bado desde las 20.30hs la cita es en \u201cBistr\u00f3\u201d de calle 26 y 31 con Juan Santana pintando en vivo y el show musical a instancias de Genaro Cabuccio y Nicol\u00e1s Pavone haciendo covers de blus y luego un homenaje al rock nacional con Franz Banfield junto a Tincho Amen\u00e1bar.<\/p>\n<p>Por \u00faltimo, en Uh\u00b4Meda, ser\u00e1 el domingo, en ex ruta 5 y 178 desde las 17.00hs Kitty Cristian Pellegrino haciendo su intervenci\u00f3n desde el arte. En mismo sentido se contar\u00e1 con la presencia de @Yacarebaby en vivo desde la faceta art\u00edstica mientras que la m\u00fasica llegar\u00e1 desde\u00a0 la propuesta de Tren Misterioso (Rock a Billy 50).<\/p>\n<p>&nbsp;<\/p>\n<figure id=\"attachment_74136\" aria-describedby=\"caption-attachment-74136\" style=\"width: 620px\" class=\"wp-caption aligncenter\"><img loading=\"lazy\" decoding=\"async\" data-attachment-id=\"74136\" data-permalink=\"https:\/\/www.hoymercedes.com.ar\/principal\/2018\/03\/31\/gran-asistencia-en-las-primeras-noches-de-camino-de-los-bodegones\/bodegones-ravellodsc_0908\/#main\" data-orig-file=\"https:\/\/www.hoymercedes.com.ar\/principal\/wp-content\/uploads\/2018\/03\/bodegones-ravelloDSC_0908.jpg\" data-orig-size=\"730,485\" data-comments-opened=\"0\" data-image-meta=\"{&quot;aperture&quot;:&quot;3.5&quot;,&quot;credit&quot;:&quot;&quot;,&quot;camera&quot;:&quot;NIKON D3200&quot;,&quot;caption&quot;:&quot;&quot;,&quot;created_timestamp&quot;:&quot;1522454546&quot;,&quot;copyright&quot;:&quot;&quot;,&quot;focal_length&quot;:&quot;18&quot;,&quot;iso&quot;:&quot;1800&quot;,&quot;shutter_speed&quot;:&quot;0.016666666666667&quot;,&quot;title&quot;:&quot;&quot;,&quot;orientation&quot;:&quot;0&quot;}\" data-image-title=\"bodegones-ravelloDSC_0908\" data-image-description=\"\" data-image-caption=\"&lt;p&gt;Cambodia Ok en vivo&lt;\/p&gt;\n\" data-large-file=\"https:\/\/www.hoymercedes.com.ar\/principal\/wp-content\/uploads\/2018\/03\/bodegones-ravelloDSC_0908.jpg\" class=\"size-medium wp-image-74136\" src=\"https:\/\/www.hoymercedes.com.ar\/principal\/wp-content\/uploads\/2018\/03\/bodegones-ravelloDSC_0908-630x419.jpg\" alt=\"\" width=\"630\" height=\"419\" srcset=\"https:\/\/www.hoymercedes.com.ar\/principal\/wp-content\/uploads\/2018\/03\/bodegones-ravelloDSC_0908-630x419.jpg 630w, https:\/\/www.hoymercedes.com.ar\/principal\/wp-content\/uploads\/2018\/03\/bodegones-ravelloDSC_0908-150x100.jpg 150w, https:\/\/www.hoymercedes.com.ar\/principal\/wp-content\/uploads\/2018\/03\/bodegones-ravelloDSC_0908.jpg 730w\" sizes=\"auto, (max-width: 630px) 100vw, 630px\" \/><figcaption id=\"caption-attachment-74136\" class=\"wp-caption-text\">Cambodia Ok en vivo<\/figcaption><\/figure>\n<figure id=\"attachment_74137\" aria-describedby=\"caption-attachment-74137\" style=\"width: 620px\" class=\"wp-caption aligncenter\"><img loading=\"lazy\" decoding=\"async\" data-attachment-id=\"74137\" data-permalink=\"https:\/\/www.hoymercedes.com.ar\/principal\/2018\/03\/31\/gran-asistencia-en-las-primeras-noches-de-camino-de-los-bodegones\/bodegones-ravellodsc_0864\/#main\" data-orig-file=\"https:\/\/www.hoymercedes.com.ar\/principal\/wp-content\/uploads\/2018\/03\/bodegones-ravelloDSC_0864.jpg\" data-orig-size=\"730,485\" data-comments-opened=\"0\" data-image-meta=\"{&quot;aperture&quot;:&quot;3.5&quot;,&quot;credit&quot;:&quot;&quot;,&quot;camera&quot;:&quot;NIKON D3200&quot;,&quot;caption&quot;:&quot;&quot;,&quot;created_timestamp&quot;:&quot;1522449636&quot;,&quot;copyright&quot;:&quot;&quot;,&quot;focal_length&quot;:&quot;18&quot;,&quot;iso&quot;:&quot;3200&quot;,&quot;shutter_speed&quot;:&quot;0.05&quot;,&quot;title&quot;:&quot;&quot;,&quot;orientation&quot;:&quot;0&quot;}\" data-image-title=\"bodegones-ravelloDSC_0864\" data-image-description=\"\" data-image-caption=\"\" data-large-file=\"https:\/\/www.hoymercedes.com.ar\/principal\/wp-content\/uploads\/2018\/03\/bodegones-ravelloDSC_0864.jpg\" class=\"wp-image-74137 size-medium\" src=\"https:\/\/www.hoymercedes.com.ar\/principal\/wp-content\/uploads\/2018\/03\/bodegones-ravelloDSC_0864-630x419.jpg\" alt=\"\" width=\"630\" height=\"419\" srcset=\"https:\/\/www.hoymercedes.com.ar\/principal\/wp-content\/uploads\/2018\/03\/bodegones-ravelloDSC_0864-630x419.jpg 630w, https:\/\/www.hoymercedes.com.ar\/principal\/wp-content\/uploads\/2018\/03\/bodegones-ravelloDSC_0864-150x100.jpg 150w, https:\/\/www.hoymercedes.com.ar\/principal\/wp-content\/uploads\/2018\/03\/bodegones-ravelloDSC_0864.jpg 730w\" sizes=\"auto, (max-width: 630px) 100vw, 630px\" \/><figcaption id=\"caption-attachment-74137\" class=\"wp-caption-text\">Tano Ver\u00f3n<\/figcaption><\/figure>\n<figure id=\"attachment_74138\" aria-describedby=\"caption-attachment-74138\" style=\"width: 620px\" class=\"wp-caption aligncenter\"><img loading=\"lazy\" decoding=\"async\" data-attachment-id=\"74138\" data-permalink=\"https:\/\/www.hoymercedes.com.ar\/principal\/2018\/03\/31\/gran-asistencia-en-las-primeras-noches-de-camino-de-los-bodegones\/bodegones-ravellodsc_0901\/#main\" data-orig-file=\"https:\/\/www.hoymercedes.com.ar\/principal\/wp-content\/uploads\/2018\/03\/bodegones-ravelloDSC_0901.jpg\" data-orig-size=\"730,485\" data-comments-opened=\"0\" data-image-meta=\"{&quot;aperture&quot;:&quot;3.5&quot;,&quot;credit&quot;:&quot;&quot;,&quot;camera&quot;:&quot;NIKON D3200&quot;,&quot;caption&quot;:&quot;&quot;,&quot;created_timestamp&quot;:&quot;1522454288&quot;,&quot;copyright&quot;:&quot;&quot;,&quot;focal_length&quot;:&quot;18&quot;,&quot;iso&quot;:&quot;1100&quot;,&quot;shutter_speed&quot;:&quot;0.016666666666667&quot;,&quot;title&quot;:&quot;&quot;,&quot;orientation&quot;:&quot;0&quot;}\" data-image-title=\"bodegones-ravelloDSC_0901\" data-image-description=\"\" data-image-caption=\"&lt;p&gt;Manuel Risso, Director de Turismo&lt;\/p&gt;\n\" data-large-file=\"https:\/\/www.hoymercedes.com.ar\/principal\/wp-content\/uploads\/2018\/03\/bodegones-ravelloDSC_0901.jpg\" class=\"size-medium wp-image-74138\" src=\"https:\/\/www.hoymercedes.com.ar\/principal\/wp-content\/uploads\/2018\/03\/bodegones-ravelloDSC_0901-630x419.jpg\" alt=\"\" width=\"630\" height=\"419\" srcset=\"https:\/\/www.hoymercedes.com.ar\/principal\/wp-content\/uploads\/2018\/03\/bodegones-ravelloDSC_0901-630x419.jpg 630w, https:\/\/www.hoymercedes.com.ar\/principal\/wp-content\/uploads\/2018\/03\/bodegones-ravelloDSC_0901-150x100.jpg 150w, https:\/\/www.hoymercedes.com.ar\/principal\/wp-content\/uploads\/2018\/03\/bodegones-ravelloDSC_0901.jpg 730w\" sizes=\"auto, (max-width: 630px) 100vw, 630px\" \/><figcaption id=\"caption-attachment-74138\" class=\"wp-caption-text\">Manuel Risso, Director de Turismo<\/figcaption><\/figure>\n<figure id=\"attachment_74139\" aria-describedby=\"caption-attachment-74139\" style=\"width: 620px\" class=\"wp-caption aligncenter\"><img loading=\"lazy\" decoding=\"async\" data-attachment-id=\"74139\" data-permalink=\"https:\/\/www.hoymercedes.com.ar\/principal\/2018\/03\/31\/gran-asistencia-en-las-primeras-noches-de-camino-de-los-bodegones\/bodegones-ravellodsc_0887\/#main\" data-orig-file=\"https:\/\/www.hoymercedes.com.ar\/principal\/wp-content\/uploads\/2018\/03\/bodegones-ravelloDSC_0887.jpg\" data-orig-size=\"730,485\" data-comments-opened=\"0\" data-image-meta=\"{&quot;aperture&quot;:&quot;3.5&quot;,&quot;credit&quot;:&quot;&quot;,&quot;camera&quot;:&quot;NIKON D3200&quot;,&quot;caption&quot;:&quot;&quot;,&quot;created_timestamp&quot;:&quot;1522450672&quot;,&quot;copyright&quot;:&quot;&quot;,&quot;focal_length&quot;:&quot;18&quot;,&quot;iso&quot;:&quot;1400&quot;,&quot;shutter_speed&quot;:&quot;0.016666666666667&quot;,&quot;title&quot;:&quot;&quot;,&quot;orientation&quot;:&quot;0&quot;}\" data-image-title=\"bodegones-ravelloDSC_0887\" data-image-description=\"\" data-image-caption=\"&lt;p&gt;Cambodia Ok &lt;\/p&gt;\n\" data-large-file=\"https:\/\/www.hoymercedes.com.ar\/principal\/wp-content\/uploads\/2018\/03\/bodegones-ravelloDSC_0887.jpg\" class=\"size-medium wp-image-74139\" src=\"https:\/\/www.hoymercedes.com.ar\/principal\/wp-content\/uploads\/2018\/03\/bodegones-ravelloDSC_0887-630x419.jpg\" alt=\"\" width=\"630\" height=\"419\" srcset=\"https:\/\/www.hoymercedes.com.ar\/principal\/wp-content\/uploads\/2018\/03\/bodegones-ravelloDSC_0887-630x419.jpg 630w, https:\/\/www.hoymercedes.com.ar\/principal\/wp-content\/uploads\/2018\/03\/bodegones-ravelloDSC_0887-150x100.jpg 150w, https:\/\/www.hoymercedes.com.ar\/principal\/wp-content\/uploads\/2018\/03\/bodegones-ravelloDSC_0887.jpg 730w\" sizes=\"auto, (max-width: 630px) 100vw, 630px\" \/><figcaption id=\"caption-attachment-74139\" class=\"wp-caption-text\">Cambodia Ok<\/figcaption><\/figure>\n","protected":false},"excerpt":{"rendered":"<p>El fin de semana largo permiti\u00f3 una vez m\u00e1s el encuentro de los meredinos. La propuesta de la Municipalidad de &#8230; <a title=\"Gran asistencia en las primeras noches de \u00abCamino de los Bodegones\u00bb\" class=\"read-more\" href=\"https:\/\/www.hoymercedes.com.ar\/principal\/2018\/03\/31\/gran-asistencia-en-las-primeras-noches-de-camino-de-los-bodegones\/\" aria-label=\"Leer m\u00e1s sobre Gran asistencia en las primeras noches de \u00abCamino de los Bodegones\u00bb\">Leer m\u00e1s<\/a><\/p>\n","protected":false},"author":1,"featured_media":74135,"comment_status":"closed","ping_status":"open","sticky":false,"template":"","format":"standard","meta":{"_monsterinsights_skip_tracking":false,"_monsterinsights_sitenote_active":false,"_monsterinsights_sitenote_note":"","_monsterinsights_sitenote_category":0,"jetpack_post_was_ever_published":false,"_jetpack_newsletter_access":"","_jetpack_dont_email_post_to_subs":false,"_jetpack_newsletter_tier_id":0,"_jetpack_memberships_contains_paywalled_content":false,"_jetpack_memberships_contains_paid_content":false,"footnotes":"","jetpack_publicize_message":"","jetpack_publicize_feature_enabled":true,"jetpack_social_post_already_shared":true,"jetpack_social_options":{"image_generator_settings":{"template":"highway","default_image_id":0,"font":"","enabled":false},"version":2},"_wpas_customize_per_network":false},"categories":[104,30],"tags":[12860,12164,12165,9175,424],"class_list":["post-74133","post","type-post","status-publish","format-standard","has-post-thumbnail","hentry","category-cultura","category-municipio","tag-cambodia-ok","tag-camino-de-los-bodegones","tag-manuel-risso","tag-tano-veron","tag-ustarroz","generate-columns","tablet-grid-50","mobile-grid-100","grid-parent","grid-50"],"jetpack_publicize_connections":[],"jetpack_featured_media_url":"https:\/\/www.hoymercedes.com.ar\/principal\/wp-content\/uploads\/2018\/03\/bodegones-ravelloDSC_0858.jpg","wps_subtitle":"Y la fiesta contin\u00faa\u2026","jetpack_sharing_enabled":true,"_links":{"self":[{"href":"https:\/\/www.hoymercedes.com.ar\/principal\/wp-json\/wp\/v2\/posts\/74133","targetHints":{"allow":["GET"]}}],"collection":[{"href":"https:\/\/www.hoymercedes.com.ar\/principal\/wp-json\/wp\/v2\/posts"}],"about":[{"href":"https:\/\/www.hoymercedes.com.ar\/principal\/wp-json\/wp\/v2\/types\/post"}],"author":[{"embeddable":true,"href":"https:\/\/www.hoymercedes.com.ar\/principal\/wp-json\/wp\/v2\/users\/1"}],"replies":[{"embeddable":true,"href":"https:\/\/www.hoymercedes.com.ar\/principal\/wp-json\/wp\/v2\/comments?post=74133"}],"version-history":[{"count":0,"href":"https:\/\/www.hoymercedes.com.ar\/principal\/wp-json\/wp\/v2\/posts\/74133\/revisions"}],"wp:featuredmedia":[{"embeddable":true,"href":"https:\/\/www.hoymercedes.com.ar\/principal\/wp-json\/wp\/v2\/media\/74135"}],"wp:attachment":[{"href":"https:\/\/www.hoymercedes.com.ar\/principal\/wp-json\/wp\/v2\/media?parent=74133"}],"wp:term":[{"taxonomy":"category","embeddable":true,"href":"https:\/\/www.hoymercedes.com.ar\/principal\/wp-json\/wp\/v2\/categories?post=74133"},{"taxonomy":"post_tag","embeddable":true,"href":"https:\/\/www.hoymercedes.com.ar\/principal\/wp-json\/wp\/v2\/tags?post=74133"}],"curies":[{"name":"wp","href":"https:\/\/api.w.org\/{rel}","templated":true}]}}