{"id":74179,"date":"2018-04-01T12:46:30","date_gmt":"2018-04-01T15:46:30","guid":{"rendered":"http:\/\/www.hoymercedes.com.ar\/principal\/?p=74179"},"modified":"2018-04-02T09:13:57","modified_gmt":"2018-04-02T12:13:57","slug":"defensores-gano-pero-no-le-alcanzo-para-seguir-en-camino","status":"publish","type":"post","link":"https:\/\/www.hoymercedes.com.ar\/principal\/2018\/04\/01\/defensores-gano-pero-no-le-alcanzo-para-seguir-en-camino\/","title":{"rendered":"Defensores gan\u00f3, pero no le alcanz\u00f3 para seguir en camino"},"content":{"rendered":"<p>Chacabuco siempre es un reducto dif\u00edcil para los equipos de la ciudad de Mercedes, al punto que no se registraban triunfos en esa localidad desde hac\u00eda al menos una d\u00e9cada. Defensores logr\u00f3 cortar esa mala racha que ni siquiera la Selecci\u00f3n Sub 17 de Mercedes hab\u00eda podido sortear y venci\u00f3 2 a 1 a River Plate, pero no le alcanz\u00f3 para seguir con vida en el Federaci\u00f3n Norte, ya que el global fue 3 a 2 para el elenco Millonario.<\/p>\n<figure id=\"attachment_74180\" aria-describedby=\"caption-attachment-74180\" style=\"width: 620px\" class=\"wp-caption aligncenter\"><img loading=\"lazy\" decoding=\"async\" data-attachment-id=\"74180\" data-permalink=\"https:\/\/www.hoymercedes.com.ar\/principal\/2018\/04\/01\/defensores-gano-pero-no-le-alcanzo-para-seguir-en-camino\/river-1-defensores-2\/#main\" data-orig-file=\"https:\/\/www.hoymercedes.com.ar\/principal\/wp-content\/uploads\/2018\/04\/River-1-Defensores-2.png\" data-orig-size=\"1133,439\" data-comments-opened=\"0\" data-image-meta=\"{&quot;aperture&quot;:&quot;0&quot;,&quot;credit&quot;:&quot;&quot;,&quot;camera&quot;:&quot;&quot;,&quot;caption&quot;:&quot;&quot;,&quot;created_timestamp&quot;:&quot;0&quot;,&quot;copyright&quot;:&quot;&quot;,&quot;focal_length&quot;:&quot;0&quot;,&quot;iso&quot;:&quot;0&quot;,&quot;shutter_speed&quot;:&quot;0&quot;,&quot;title&quot;:&quot;&quot;,&quot;orientation&quot;:&quot;0&quot;}\" data-image-title=\"River 1 Defensores 2\" data-image-description=\"\" data-image-caption=\"&lt;p&gt;Foto: Ciudad Deportiva Chacabuco&lt;\/p&gt;\n\" data-large-file=\"https:\/\/www.hoymercedes.com.ar\/principal\/wp-content\/uploads\/2018\/04\/River-1-Defensores-2-1024x397.png\" class=\"size-medium wp-image-74180\" src=\"https:\/\/www.hoymercedes.com.ar\/principal\/wp-content\/uploads\/2018\/04\/River-1-Defensores-2-630x244.png\" alt=\"\" width=\"630\" height=\"244\" srcset=\"https:\/\/www.hoymercedes.com.ar\/principal\/wp-content\/uploads\/2018\/04\/River-1-Defensores-2-630x244.png 630w, https:\/\/www.hoymercedes.com.ar\/principal\/wp-content\/uploads\/2018\/04\/River-1-Defensores-2-150x58.png 150w, https:\/\/www.hoymercedes.com.ar\/principal\/wp-content\/uploads\/2018\/04\/River-1-Defensores-2-1024x397.png 1024w, https:\/\/www.hoymercedes.com.ar\/principal\/wp-content\/uploads\/2018\/04\/River-1-Defensores-2.png 1133w\" sizes=\"auto, (max-width: 630px) 100vw, 630px\" \/><figcaption id=\"caption-attachment-74180\" class=\"wp-caption-text\">Foto: Ciudad Deportiva Chacabuco<\/figcaption><\/figure>\n<p>Fue un mal encuentro para el elenco rojiblanco que no pudo ser superior que el mercedino pese a llegar a jugar con dos m\u00e1s durante gran parte del segundo tiempo y con tres sobre el final. Acu\u00f1a tuvo un gran partido, con dos goles de penal, generando importantes situaciones de juego y asoci\u00e1ndose con Luis Romero. El delantero tuvo un remate en el travesa\u00f1o en el inicio del juego y sobre el cuarto de hora, tuvo la chance de volver a convertir de cabeza.<\/p>\n<p>Luego lleg\u00f3 la respuesta de River, con un remate al travesa\u00f1o a los 16 y a los 32 lleg\u00f3 el primer gol del partido, luego de que Romero realice un contragolpe llevando la pelota de arco a arco. Lucas Marchese lo volte\u00f3 en el \u00e1rea y el penal fue cobrado por Acu\u00f1a.<\/p>\n<p>Con ese tanto, Defensores quedaba a un gol de los penales, pero en el segundo tiempo qued\u00f3 diezmado por las expulsiones de Olveira a los 9 por doble amarilla y Ferrero a los 20 y a partir de ah\u00ed, la superioridad num\u00e9rica empez\u00f3 a jugar a favor del local que lleg\u00f3 al empate a los 28 cuando entre Deantoni, Naya y Salinas realizaron una buena combinaci\u00f3n de ataque para empatar el juego.<\/p>\n<p>Con esto, los mercedinos ten\u00edan que hacer dos goles para clasificar\u00a0hasta que un nuevo penal sobre Acu\u00f1a cuando restaban tres minutos para el final despert\u00f3 los fantasmas de una posible eliminaci\u00f3n cuando el delantero puso el 2 a 1 desde los doce pasos. Sin embargo, no pudo lograr la haza\u00f1a en su primera participaci\u00f3n en el Federaci\u00f3n Norte.<\/p>\n<p>A partir de ahora, el cuerpo t\u00e9cnico de Maxi Scorini seguir\u00e1 sus pasos de lleno en Costa Brava junto a algunos de los jugadores que defendieron la casaca de Defensores en el Federaci\u00f3n y otros seguir\u00e1n su camino en el equipo mercedino que estar\u00e1 comandado por Silvio Ag\u00fcero.<\/p>\n<p><strong>River Plate (Chacabuco) 1:\u00a0<\/strong>Leonel Fern\u00e1ndez, Brian Bisso, Bruno Almeyra, Agust\u00edn Marchesse, Juan Llanos, Deantoni, Alejo Falgari, Juan Tes\u00f3n, Mart\u00edn Sal\u00ednas y Agust\u00edn Naya.\u00a0<strong>DT:<\/strong>\u00a0Leo Rodr\u00edguez.<br \/>\n<strong>Defensores Juniors\u00a0 2:<\/strong>\u00a0 Sebasti\u00e1n Ram\u00edrez, Mauro Pintos, Lucas\u00a0 Robito, Gabriela Rejala, Emanuel Cantero, Juli\u00e1n Olveira, Barrios, Barejau, Acu\u00f1a, Luis Romero y Gabriel Ferrero.\u00a0<strong>DT:<\/strong>\u00a0Maximiliano Scorini.<br \/>\n<strong>Goles en el PT:<\/strong>\u00a0A los 32\u2019 Dar\u00edo Acu\u00f1a para Defensores de penal.<br \/>\n<strong>Goles en el ST:<\/strong>\u00a0A los 28\u2019 Mart\u00edn Sal\u00ednas\u00a0 para River y a los 42\u2019 Dar\u00edo Acu\u00f1a para Defensores.<\/p>\n<p><strong>Expulsados en el ST:<\/strong>\u00a0A los 9\u2019 Juli\u00e1n Olivera, 20\u2019 Gabriel Ferrero\u00a0 y 46\u2019 Marcos Pinto en Defensores.<\/p>\n<p><strong>Arbitro:<\/strong>\u00a0N\u00e9stor Luna (Salto).<\/p>\n","protected":false},"excerpt":{"rendered":"<p>Chacabuco siempre es un reducto dif\u00edcil para los equipos de la ciudad de Mercedes, al punto que no se registraban &#8230; <a title=\"Defensores gan\u00f3, pero no le alcanz\u00f3 para seguir en camino\" class=\"read-more\" href=\"https:\/\/www.hoymercedes.com.ar\/principal\/2018\/04\/01\/defensores-gano-pero-no-le-alcanzo-para-seguir-en-camino\/\" aria-label=\"Leer m\u00e1s sobre Defensores gan\u00f3, pero no le alcanz\u00f3 para seguir en camino\">Leer m\u00e1s<\/a><\/p>\n","protected":false},"author":1,"featured_media":74180,"comment_status":"closed","ping_status":"open","sticky":false,"template":"","format":"standard","meta":{"_monsterinsights_skip_tracking":false,"_monsterinsights_sitenote_active":false,"_monsterinsights_sitenote_note":"","_monsterinsights_sitenote_category":0,"jetpack_post_was_ever_published":false,"_jetpack_newsletter_access":"","_jetpack_dont_email_post_to_subs":false,"_jetpack_newsletter_tier_id":0,"_jetpack_memberships_contains_paywalled_content":false,"_jetpack_memberships_contains_paid_content":false,"footnotes":"","jetpack_publicize_message":"","jetpack_publicize_feature_enabled":true,"jetpack_social_post_already_shared":true,"jetpack_social_options":{"image_generator_settings":{"template":"highway","default_image_id":0,"font":"","enabled":false},"version":2},"_wpas_customize_per_network":false},"categories":[21],"tags":[10892,204,8426,1003],"class_list":["post-74179","post","type-post","status-publish","format-standard","has-post-thumbnail","hentry","category-deportes","tag-defensores","tag-deportes-2","tag-federacion-norte","tag-futbol","generate-columns","tablet-grid-50","mobile-grid-100","grid-parent","grid-50"],"jetpack_publicize_connections":[],"jetpack_featured_media_url":"https:\/\/www.hoymercedes.com.ar\/principal\/wp-content\/uploads\/2018\/04\/River-1-Defensores-2.png","wps_subtitle":"Federaci\u00f3n Norte","jetpack_sharing_enabled":true,"_links":{"self":[{"href":"https:\/\/www.hoymercedes.com.ar\/principal\/wp-json\/wp\/v2\/posts\/74179","targetHints":{"allow":["GET"]}}],"collection":[{"href":"https:\/\/www.hoymercedes.com.ar\/principal\/wp-json\/wp\/v2\/posts"}],"about":[{"href":"https:\/\/www.hoymercedes.com.ar\/principal\/wp-json\/wp\/v2\/types\/post"}],"author":[{"embeddable":true,"href":"https:\/\/www.hoymercedes.com.ar\/principal\/wp-json\/wp\/v2\/users\/1"}],"replies":[{"embeddable":true,"href":"https:\/\/www.hoymercedes.com.ar\/principal\/wp-json\/wp\/v2\/comments?post=74179"}],"version-history":[{"count":0,"href":"https:\/\/www.hoymercedes.com.ar\/principal\/wp-json\/wp\/v2\/posts\/74179\/revisions"}],"wp:featuredmedia":[{"embeddable":true,"href":"https:\/\/www.hoymercedes.com.ar\/principal\/wp-json\/wp\/v2\/media\/74180"}],"wp:attachment":[{"href":"https:\/\/www.hoymercedes.com.ar\/principal\/wp-json\/wp\/v2\/media?parent=74179"}],"wp:term":[{"taxonomy":"category","embeddable":true,"href":"https:\/\/www.hoymercedes.com.ar\/principal\/wp-json\/wp\/v2\/categories?post=74179"},{"taxonomy":"post_tag","embeddable":true,"href":"https:\/\/www.hoymercedes.com.ar\/principal\/wp-json\/wp\/v2\/tags?post=74179"}],"curies":[{"name":"wp","href":"https:\/\/api.w.org\/{rel}","templated":true}]}}