{"id":74206,"date":"2018-04-02T19:45:47","date_gmt":"2018-04-02T22:45:47","guid":{"rendered":"http:\/\/www.hoymercedes.com.ar\/principal\/?p=74206"},"modified":"2018-04-03T09:11:47","modified_gmt":"2018-04-03T12:11:47","slug":"municipio-avanza-con-la-puesta-en-marcha-de-caminos-escolares-seguros","status":"publish","type":"post","link":"https:\/\/www.hoymercedes.com.ar\/principal\/2018\/04\/02\/municipio-avanza-con-la-puesta-en-marcha-de-caminos-escolares-seguros\/","title":{"rendered":"Municipio avanza con la puesta en marcha de \u00abCaminos Escolares Seguros\u00bb"},"content":{"rendered":"<figure id=\"attachment_74207\" aria-describedby=\"caption-attachment-74207\" style=\"width: 620px\" class=\"wp-caption aligncenter\"><img loading=\"lazy\" decoding=\"async\" data-attachment-id=\"74207\" data-permalink=\"https:\/\/www.hoymercedes.com.ar\/principal\/2018\/04\/02\/municipio-avanza-con-la-puesta-en-marcha-de-caminos-escolares-seguros\/caminos-seguros-semafoto\/#main\" data-orig-file=\"https:\/\/www.hoymercedes.com.ar\/principal\/wp-content\/uploads\/2018\/04\/caminos-seguros-semafoto.jpg\" data-orig-size=\"960,720\" data-comments-opened=\"0\" data-image-meta=\"{&quot;aperture&quot;:&quot;0&quot;,&quot;credit&quot;:&quot;&quot;,&quot;camera&quot;:&quot;&quot;,&quot;caption&quot;:&quot;&quot;,&quot;created_timestamp&quot;:&quot;0&quot;,&quot;copyright&quot;:&quot;&quot;,&quot;focal_length&quot;:&quot;0&quot;,&quot;iso&quot;:&quot;0&quot;,&quot;shutter_speed&quot;:&quot;0&quot;,&quot;title&quot;:&quot;&quot;,&quot;orientation&quot;:&quot;0&quot;}\" data-image-title=\"caminos-seguros-semafoto\" data-image-description=\"\" data-image-caption=\"&lt;p&gt;Cambio de sem\u00e1foros y colocaci\u00f3n de c\u00e1maras &lt;\/p&gt;\n\" data-large-file=\"https:\/\/www.hoymercedes.com.ar\/principal\/wp-content\/uploads\/2018\/04\/caminos-seguros-semafoto.jpg\" class=\"size-medium wp-image-74207\" src=\"https:\/\/www.hoymercedes.com.ar\/principal\/wp-content\/uploads\/2018\/04\/caminos-seguros-semafoto-630x473.jpg\" alt=\"\" width=\"630\" height=\"473\" srcset=\"https:\/\/www.hoymercedes.com.ar\/principal\/wp-content\/uploads\/2018\/04\/caminos-seguros-semafoto-630x473.jpg 630w, https:\/\/www.hoymercedes.com.ar\/principal\/wp-content\/uploads\/2018\/04\/caminos-seguros-semafoto-150x113.jpg 150w, https:\/\/www.hoymercedes.com.ar\/principal\/wp-content\/uploads\/2018\/04\/caminos-seguros-semafoto.jpg 960w\" sizes=\"auto, (max-width: 630px) 100vw, 630px\" \/><figcaption id=\"caption-attachment-74207\" class=\"wp-caption-text\">Cambio de sem\u00e1foros y colocaci\u00f3n de c\u00e1maras<\/figcaption><\/figure>\n<p style=\"font-weight: 400;\">Desde hace varias semanas se puede observar en algunas arterias de la ciudad un cartel indicador de \u201cCamino escolar seguro\u201d. La iniciativa forma parte de un plan integral de Seguridad Vial que ha puesto en marcha el municipio que incluye la modernizaci\u00f3n del sistema de sem\u00e1foros de la ciudad, la se\u00f1al\u00e9tica y cursos.<\/p>\n<p style=\"font-weight: 400;\">El programa \u201cCaminos Escolares Seguros\u201d comenz\u00f3 a implementarse semanas atr\u00e1s y\u00a0\u00a0\u201cse trata de actuar en el espacio p\u00fablico, para crear espacios seguros para los estudiantes, con c\u00e1maras, presencia policial, se\u00f1al\u00e9tica, pintura y demarcaci\u00f3n vial, educaci\u00f3n y fomento del respeto a las normas, buscando cada d\u00eda los j\u00f3venes tomen mayor autonom\u00eda, pero sabiendo que el municipio, las instituciones y las familias pueden juntos crear una ciudad m\u00e1s segura para todos\u201d, seg\u00fan precis\u00f3 la sub secretaria de seguridad Clara Zunino. \u201cYa hemos colocado c\u00e1maras, realizado encuentros, para que este inicio de clases que se dio sea el mejor posible, pero seguimos trabajando, es algo a largo plazo, con mucha presencia en el presente\u201d, explic\u00f3.<\/p>\n<p style=\"font-weight: 400;\">\u00abEl proyecto est\u00e1 pensado desde la Seguridad Vial y la Seguridad Ciudadana y en trabajarlo en forma conjunta, teniendo en cuenta el uso de las c\u00e1maras de seguridad y la presencia de la Polic\u00eda en cada uno de los establecimientos sobre todo en los horarios de ingreso y egreso de los estudiantes\u00bb detall\u00f3 la funcionaria.<\/p>\n<p style=\"font-weight: 400;\"><strong>Proyecto integral<\/strong><\/p>\n<p style=\"font-weight: 400;\">\u201cTenemos un plan integral, que moderniza la ciudad, pero que tambi\u00e9n trabaja desde m\u00faltiples intervenciones\u201d, sostuvo al respecto el intendente Juan Ustarroz quien destac\u00f3 que en la 30 y 17 se cambiaron los sem\u00e1foros. Y es que varios artefactos de la ciudad adem\u00e1s de ser trasladados a led est\u00e1n siendo equipados por equipos de segunderos, que marcan el tiempo que debe esperarse para el cambio, pero que adem\u00e1s es un comprobado elemento para la seguridad vial. Otra novedad que habr\u00e1 colocaci\u00f3n de sem\u00e1foros para peat\u00f3n.<\/p>\n<p style=\"font-weight: 400;\">\u201cEs uno de los temas centrales que hemos asumido es poder mejorar toda la infraestructura en seguridad vial y teniendo un recurso humano tan calificado como lo tenemos en la Municipalidad es posible\u201d, sostuvo el intendente quien destac\u00f3 que el propio personal municipal trabaja \u201cen el montaje y realizaci\u00f3n de los segunderos, las mejoras en los sem\u00e1foros, actuando desde los talleres comunales. Incluso en algunos est\u00e1n ya funcionando por medio de la paneles solares y estamos as\u00ed brindando mayor seguridad\u201d, cont\u00f3 destacando la labor de los empleados del \u00e1rea.<\/p>\n<p style=\"font-weight: 400;\">La modernizaci\u00f3n de los sem\u00e1foros no es, destacan desde la Comuna, una medida aislada, sino que va en parte de un plan local de seguridad vial, que incluye educaci\u00f3n vial, concientizaci\u00f3n, infraestructura vial, control y fiscalizaci\u00f3n, entre otras medidas. Seg\u00fan precisaron ya se secuestraron 500 motoveh\u00edculos y se est\u00e1 trabajando fuertemente en la eliminaci\u00f3n de las picadas que tantas veces han denunciado vecinos de la ciudad. \u201cSabemos que falta mucho, pero creemos que vamos por el buen camino para lograr disminuir la siniestralidad en nuestra ciudad y ordenar el tr\u00e1nsito\u201d, concluy\u00f3 el jefe comunal.<\/p>\n","protected":false},"excerpt":{"rendered":"<p>Desde hace varias semanas se puede observar en algunas arterias de la ciudad un cartel indicador de \u201cCamino escolar seguro\u201d. &#8230; <a title=\"Municipio avanza con la puesta en marcha de \u00abCaminos Escolares Seguros\u00bb\" class=\"read-more\" href=\"https:\/\/www.hoymercedes.com.ar\/principal\/2018\/04\/02\/municipio-avanza-con-la-puesta-en-marcha-de-caminos-escolares-seguros\/\" aria-label=\"Leer m\u00e1s sobre Municipio avanza con la puesta en marcha de \u00abCaminos Escolares Seguros\u00bb\">Leer m\u00e1s<\/a><\/p>\n","protected":false},"author":1,"featured_media":74207,"comment_status":"closed","ping_status":"open","sticky":false,"template":"","format":"standard","meta":{"_monsterinsights_skip_tracking":false,"_monsterinsights_sitenote_active":false,"_monsterinsights_sitenote_note":"","_monsterinsights_sitenote_category":0,"jetpack_post_was_ever_published":false,"_jetpack_newsletter_access":"","_jetpack_dont_email_post_to_subs":false,"_jetpack_newsletter_tier_id":0,"_jetpack_memberships_contains_paywalled_content":false,"_jetpack_memberships_contains_paid_content":false,"footnotes":"","jetpack_publicize_message":"","jetpack_publicize_feature_enabled":true,"jetpack_social_post_already_shared":true,"jetpack_social_options":{"image_generator_settings":{"template":"highway","default_image_id":0,"font":"","enabled":false},"version":2},"_wpas_customize_per_network":false},"categories":[30],"tags":[11264,47,10,244,802,5907],"class_list":["post-74206","post","type-post","status-publish","format-standard","has-post-thumbnail","hentry","category-municipio","tag-caminos-escolares-seguros","tag-educacion-2","tag-mercedes","tag-municipio-2","tag-seguridad","tag-transito","generate-columns","tablet-grid-50","mobile-grid-100","grid-parent","grid-50"],"jetpack_publicize_connections":[],"jetpack_featured_media_url":"https:\/\/www.hoymercedes.com.ar\/principal\/wp-content\/uploads\/2018\/04\/caminos-seguros-semafoto.jpg","wps_subtitle":"C\u00e1maras y Sem\u00e1foros","jetpack_sharing_enabled":true,"_links":{"self":[{"href":"https:\/\/www.hoymercedes.com.ar\/principal\/wp-json\/wp\/v2\/posts\/74206","targetHints":{"allow":["GET"]}}],"collection":[{"href":"https:\/\/www.hoymercedes.com.ar\/principal\/wp-json\/wp\/v2\/posts"}],"about":[{"href":"https:\/\/www.hoymercedes.com.ar\/principal\/wp-json\/wp\/v2\/types\/post"}],"author":[{"embeddable":true,"href":"https:\/\/www.hoymercedes.com.ar\/principal\/wp-json\/wp\/v2\/users\/1"}],"replies":[{"embeddable":true,"href":"https:\/\/www.hoymercedes.com.ar\/principal\/wp-json\/wp\/v2\/comments?post=74206"}],"version-history":[{"count":0,"href":"https:\/\/www.hoymercedes.com.ar\/principal\/wp-json\/wp\/v2\/posts\/74206\/revisions"}],"wp:featuredmedia":[{"embeddable":true,"href":"https:\/\/www.hoymercedes.com.ar\/principal\/wp-json\/wp\/v2\/media\/74207"}],"wp:attachment":[{"href":"https:\/\/www.hoymercedes.com.ar\/principal\/wp-json\/wp\/v2\/media?parent=74206"}],"wp:term":[{"taxonomy":"category","embeddable":true,"href":"https:\/\/www.hoymercedes.com.ar\/principal\/wp-json\/wp\/v2\/categories?post=74206"},{"taxonomy":"post_tag","embeddable":true,"href":"https:\/\/www.hoymercedes.com.ar\/principal\/wp-json\/wp\/v2\/tags?post=74206"}],"curies":[{"name":"wp","href":"https:\/\/api.w.org\/{rel}","templated":true}]}}