{"id":74237,"date":"2018-04-03T16:25:50","date_gmt":"2018-04-03T19:25:50","guid":{"rendered":"http:\/\/www.hoymercedes.com.ar\/principal\/?p=74237"},"modified":"2018-04-03T15:17:52","modified_gmt":"2018-04-03T18:17:52","slug":"jornada-de-capacitacion-sanitaria-en-el-hospital-dubarry","status":"publish","type":"post","link":"https:\/\/www.hoymercedes.com.ar\/principal\/2018\/04\/03\/jornada-de-capacitacion-sanitaria-en-el-hospital-dubarry\/","title":{"rendered":"Jornada de capacitaci\u00f3n sanitaria en el Hospital Dubarry"},"content":{"rendered":"<p>Anticip\u00e1ndose al d\u00eda Mundial de la Salud que se celebra el 7 de abril, este jueves 5, el Hospital Blas L. Dubarry llevar\u00e1 adelante una jornada de capacitaci\u00f3n para profesionales de la salud. A partir de la hora 9:30, en el nosocomio de calle 12 ser\u00e1 la jornada \u00abSalud en el siglo XXI\u00bb. En este marco, a la hora 11, se har\u00e1 una recorrida por\u00a0la nueva Sala de Atenci\u00f3n a Pacientes con Enfermedades Cr\u00f3nicas\u00a0(SAPEC) de calle 10 y 37.<\/p>\n<p>El evento del jueves 5 de abril, ser\u00e1\u00a0para conmemorar la\u00a0fundaci\u00f3n de la organizaci\u00f3n mundial de la salud en 1948.\u00a0Cada a\u00f1o se elige para esta fecha un tema que pone de relieve un \u00e1rea\u00a0de inter\u00e9s prioritario para la OMS. En esta oportunidad el tema es:\u00a0\u201cSalud en\u00a0el siglo XXI: las enfermedades cr\u00f3nicas no transmisibles\u00bb<\/p>\n<p>A las 915 comenzar\u00e1n con las acreditaciones y un desayuno de bienvenida. Luego se brindar\u00e1n las charlas de capacitaci\u00f3n sobre Enfermedades Cr\u00f3nicas No Transmisibles (E.C.N.T.). En un primer t\u00e9rmino, las l\u00edneas estrat\u00e9gicas del Ministerio de Salud de la Prov. \u00a0de Bs.As. a cargo del Director Provincial,\u00a0Dr. Flavio Dombrowski.<\/p>\n<p>Luego la tem\u00e1tica se concentrar\u00e1 en la ciudad y en la Sala de Atenci\u00f3n\u00a0a Personas con Enfermedades Cr\u00f3nicas (SAPEC) como modalidad de abordaje. La exposici\u00f3n estar\u00e1 a cargo de las doctoras\u00a0Mariana Ceriotto (sub directora del Dubarry) y Marina Geracitano, \u00e9sta \u00faltima Coordinadora de SAPEC- Hospital \u201cBlas L. Dubarry\u201d.<\/p>\n<p>Se destaca dentro del mismo la actividad para la comunidad a realizarse\u00a0en la nueva Sala de Atenci\u00f3n a Pacientes con Enfermedades Cr\u00f3nicas\u00a0(SAPEC) NO transmisibles, a la hora 11 Calle 10 y 37. All\u00ed habr\u00e1 actividades abiertas a la comunidad sobre \u00abAlimentaci\u00f3n saludable\u00bb y \u00abSalud en movimiento\u00bb<\/p>\n<p>&nbsp;<\/p>\n","protected":false},"excerpt":{"rendered":"<p>Anticip\u00e1ndose al d\u00eda Mundial de la Salud que se celebra el 7 de abril, este jueves 5, el Hospital Blas &#8230; <a title=\"Jornada de capacitaci\u00f3n sanitaria en el Hospital Dubarry\" class=\"read-more\" href=\"https:\/\/www.hoymercedes.com.ar\/principal\/2018\/04\/03\/jornada-de-capacitacion-sanitaria-en-el-hospital-dubarry\/\" aria-label=\"Leer m\u00e1s sobre Jornada de capacitaci\u00f3n sanitaria en el Hospital Dubarry\">Leer m\u00e1s<\/a><\/p>\n","protected":false},"author":1,"featured_media":61190,"comment_status":"closed","ping_status":"open","sticky":false,"template":"","format":"standard","meta":{"_monsterinsights_skip_tracking":false,"_monsterinsights_sitenote_active":false,"_monsterinsights_sitenote_note":"","_monsterinsights_sitenote_category":0,"jetpack_post_was_ever_published":false,"_jetpack_newsletter_access":"","_jetpack_dont_email_post_to_subs":false,"_jetpack_newsletter_tier_id":0,"_jetpack_memberships_contains_paywalled_content":false,"_jetpack_memberships_contains_paid_content":false,"footnotes":"","jetpack_publicize_message":"","jetpack_publicize_feature_enabled":true,"jetpack_social_post_already_shared":true,"jetpack_social_options":{"image_generator_settings":{"template":"highway","default_image_id":0,"font":"","enabled":false},"version":2},"_wpas_customize_per_network":false},"categories":[9791],"tags":[7154,624,10,134],"class_list":["post-74237","post","type-post","status-publish","format-standard","has-post-thumbnail","hentry","category-salud","tag-dia-mundial-de-la-salud","tag-hospital-blas-l-dubarry","tag-mercedes","tag-salud","generate-columns","tablet-grid-50","mobile-grid-100","grid-parent","grid-50"],"jetpack_publicize_connections":[],"jetpack_featured_media_url":"https:\/\/www.hoymercedes.com.ar\/principal\/wp-content\/uploads\/2017\/03\/30-hospital.jpg","wps_subtitle":"Anticipando el d\u00eda de la salud","jetpack_sharing_enabled":true,"_links":{"self":[{"href":"https:\/\/www.hoymercedes.com.ar\/principal\/wp-json\/wp\/v2\/posts\/74237","targetHints":{"allow":["GET"]}}],"collection":[{"href":"https:\/\/www.hoymercedes.com.ar\/principal\/wp-json\/wp\/v2\/posts"}],"about":[{"href":"https:\/\/www.hoymercedes.com.ar\/principal\/wp-json\/wp\/v2\/types\/post"}],"author":[{"embeddable":true,"href":"https:\/\/www.hoymercedes.com.ar\/principal\/wp-json\/wp\/v2\/users\/1"}],"replies":[{"embeddable":true,"href":"https:\/\/www.hoymercedes.com.ar\/principal\/wp-json\/wp\/v2\/comments?post=74237"}],"version-history":[{"count":0,"href":"https:\/\/www.hoymercedes.com.ar\/principal\/wp-json\/wp\/v2\/posts\/74237\/revisions"}],"wp:featuredmedia":[{"embeddable":true,"href":"https:\/\/www.hoymercedes.com.ar\/principal\/wp-json\/wp\/v2\/media\/61190"}],"wp:attachment":[{"href":"https:\/\/www.hoymercedes.com.ar\/principal\/wp-json\/wp\/v2\/media?parent=74237"}],"wp:term":[{"taxonomy":"category","embeddable":true,"href":"https:\/\/www.hoymercedes.com.ar\/principal\/wp-json\/wp\/v2\/categories?post=74237"},{"taxonomy":"post_tag","embeddable":true,"href":"https:\/\/www.hoymercedes.com.ar\/principal\/wp-json\/wp\/v2\/tags?post=74237"}],"curies":[{"name":"wp","href":"https:\/\/api.w.org\/{rel}","templated":true}]}}