{"id":74291,"date":"2018-04-05T17:42:33","date_gmt":"2018-04-05T20:42:33","guid":{"rendered":"http:\/\/www.hoymercedes.com.ar\/principal\/?p=74291"},"modified":"2018-04-05T17:42:33","modified_gmt":"2018-04-05T20:42:33","slug":"nueva-charla-sobre-practicas-tributarias-e-incentivos-fiscales","status":"publish","type":"post","link":"https:\/\/www.hoymercedes.com.ar\/principal\/2018\/04\/05\/nueva-charla-sobre-practicas-tributarias-e-incentivos-fiscales\/","title":{"rendered":"Nueva charla sobre pr\u00e1cticas tributarias e incentivos fiscales"},"content":{"rendered":"<p>Desde la C\u00e1mara Econ\u00f3mica Mercedina hacen extensiva la invitaci\u00f3n a comerciantes, empresarios, emprendedores y profesionales del \u00e1rea contable a participar de una nueva charla sobre pr\u00e1cticas tributarias\u00a0 e incentivos fiscales para empresas y emprendedores. La exposici\u00f3n estar\u00e1 a cargo del Contador P\u00fablico Jorge Manuel moya Trasande.<\/p>\n<p>Cambio de fecha de por medio, el mi\u00e9rcoles 18 de abril, a partir de la hora 19 en la sede de la CEM en avenida 29 ser\u00e1 la charla orientada a difundir de manera pr\u00e1ctica los distintos incentivos e incidencias fiscales en las empresas y emprendedores de la ciudad de Mercedes, agreg\u00e1ndole una herramienta esencial a los proyectos y emprendimientos.<\/p>\n<p>El Contador Moya Trasande, especialista en temas tributarios, trabajar\u00e1 la reforma tributaria de la Ley Nacional 27430 y el Consenso Fiscal Ley 27429. En ambos casos haciendo hincapi\u00e9 en los efectos que tendr\u00e1 sobre las PyMEs.<\/p>\n<p>La charla es de libre acceso y gratuita. No obstante, se recomienda inscribirse previamente en la C\u00e1mara Econ\u00f3mica Mercedina por cuestiones de espacios en la sala de conferencia.<\/p>\n<p>&nbsp;<\/p>\n<p>Fuente: Prensa CEM<\/p>\n<p>&nbsp;<\/p>\n","protected":false},"excerpt":{"rendered":"<p>Desde la C\u00e1mara Econ\u00f3mica Mercedina hacen extensiva la invitaci\u00f3n a comerciantes, empresarios, emprendedores y profesionales del \u00e1rea contable a participar &#8230; <a title=\"Nueva charla sobre pr\u00e1cticas tributarias e incentivos fiscales\" class=\"read-more\" href=\"https:\/\/www.hoymercedes.com.ar\/principal\/2018\/04\/05\/nueva-charla-sobre-practicas-tributarias-e-incentivos-fiscales\/\" aria-label=\"Leer m\u00e1s sobre Nueva charla sobre pr\u00e1cticas tributarias e incentivos fiscales\">Leer m\u00e1s<\/a><\/p>\n","protected":false},"author":1,"featured_media":18490,"comment_status":"closed","ping_status":"open","sticky":false,"template":"","format":"standard","meta":{"_monsterinsights_skip_tracking":false,"_monsterinsights_sitenote_active":false,"_monsterinsights_sitenote_note":"","_monsterinsights_sitenote_category":0,"jetpack_post_was_ever_published":false,"_jetpack_newsletter_access":"","_jetpack_dont_email_post_to_subs":false,"_jetpack_newsletter_tier_id":0,"_jetpack_memberships_contains_paywalled_content":false,"_jetpack_memberships_contains_paid_content":false,"footnotes":"","jetpack_publicize_message":"","jetpack_publicize_feature_enabled":true,"jetpack_social_post_already_shared":true,"jetpack_social_options":{"image_generator_settings":{"template":"highway","default_image_id":0,"font":"","enabled":false},"version":2},"_wpas_customize_per_network":false},"categories":[8],"tags":[267,682,6540,10,7802],"class_list":["post-74291","post","type-post","status-publish","format-standard","has-post-thumbnail","hentry","category-sociedad","tag-camara-economica-mercedina","tag-cem","tag-charla","tag-mercedes","tag-sociedad","generate-columns","tablet-grid-50","mobile-grid-100","grid-parent","grid-50"],"jetpack_publicize_connections":[],"jetpack_featured_media_url":"https:\/\/www.hoymercedes.com.ar\/principal\/wp-content\/uploads\/2012\/12\/CEM.jpg","wps_subtitle":"Cambio de fecha","jetpack_sharing_enabled":true,"_links":{"self":[{"href":"https:\/\/www.hoymercedes.com.ar\/principal\/wp-json\/wp\/v2\/posts\/74291","targetHints":{"allow":["GET"]}}],"collection":[{"href":"https:\/\/www.hoymercedes.com.ar\/principal\/wp-json\/wp\/v2\/posts"}],"about":[{"href":"https:\/\/www.hoymercedes.com.ar\/principal\/wp-json\/wp\/v2\/types\/post"}],"author":[{"embeddable":true,"href":"https:\/\/www.hoymercedes.com.ar\/principal\/wp-json\/wp\/v2\/users\/1"}],"replies":[{"embeddable":true,"href":"https:\/\/www.hoymercedes.com.ar\/principal\/wp-json\/wp\/v2\/comments?post=74291"}],"version-history":[{"count":0,"href":"https:\/\/www.hoymercedes.com.ar\/principal\/wp-json\/wp\/v2\/posts\/74291\/revisions"}],"wp:featuredmedia":[{"embeddable":true,"href":"https:\/\/www.hoymercedes.com.ar\/principal\/wp-json\/wp\/v2\/media\/18490"}],"wp:attachment":[{"href":"https:\/\/www.hoymercedes.com.ar\/principal\/wp-json\/wp\/v2\/media?parent=74291"}],"wp:term":[{"taxonomy":"category","embeddable":true,"href":"https:\/\/www.hoymercedes.com.ar\/principal\/wp-json\/wp\/v2\/categories?post=74291"},{"taxonomy":"post_tag","embeddable":true,"href":"https:\/\/www.hoymercedes.com.ar\/principal\/wp-json\/wp\/v2\/tags?post=74291"}],"curies":[{"name":"wp","href":"https:\/\/api.w.org\/{rel}","templated":true}]}}