{"id":743,"date":"2010-12-01T14:12:14","date_gmt":"2010-12-01T14:12:14","guid":{"rendered":"http:\/\/www.hoymercedes.com.ar\/principal\/?p=743"},"modified":"2010-12-01T14:12:14","modified_gmt":"2010-12-01T14:12:14","slug":"a-rosso-le-cortaron-el-gas-y-se-armo-la-polemica","status":"publish","type":"post","link":"https:\/\/www.hoymercedes.com.ar\/principal\/2010\/12\/01\/a-rosso-le-cortaron-el-gas-y-se-armo-la-polemica\/","title":{"rendered":"A Rosso le cortaron el gas y se arm\u00f3 la pol\u00e9mica"},"content":{"rendered":"<p>El Sitio 24com hace referencia a una situaci\u00f3n poco agradable que se ha vivido en estos d\u00edas en la vecina ciudad de Luj\u00e1n en relaci\u00f3n a la intendenta local, el servicio de gas y el efectivo que estaba de guardia al momento del corte.<\/p>\n<p>Dice el sitio:<\/p>\n<p><strong>Rosso no pag\u00f3 el gas, se lo cortaron y por eso quiere echar a un polic\u00eda<\/strong><\/p>\n<p>La empresa Gas Ban lleg\u00f3 este mediod\u00eda al Palacio Municipal para cortar el servicio por falta de pago. La Jefa Distrital le pidi\u00f3 que releven al efectivo por exceso de honestidad.<\/p>\n<p>No fue un comienzo de semana habitual para la intendenta de Luj\u00e1n, Graciela Rosso. Cuando el d\u00eda pisaba las horas del mediod\u00eda, trabajadores de Gas Ban llegaron al Palacio Municipal con el objetivo de bloquear el suministro del servicio por falta de pago. Cansados de retrasos y acumulaci\u00f3n de deudas, bajaron sus herramientas sobre la calle San Mart\u00edn para ponerle fin a su reclamo.<\/p>\n<p>Adem\u00e1s de la municipalidad, se suspendi\u00f3 env\u00edo de gas al Teatro Municipal Trinidad Guevara, el Taller 2 y el edificio de San Mart\u00edn 550, todos ellos responsabilidad del Gobierno Lujanense. Al enterarse de la situaci\u00f3n, Rosso sali\u00f3 a la vereda. All\u00ed observ\u00f3 como la cuadrilla de la empresa hac\u00edan su trabajo por lo que le recrimin\u00f3 al polic\u00eda que custodiaba el edificio no impedir que eso sucediera.\u00a0 \u00abEse no es mi trabajo\u00bb, dijo el teniente Dar\u00edo Ferr\u00e9, lo que provoc\u00f3 la ira de la Jefa Distrital.<\/p>\n<p>Luego del duro reto oficial, el secretario de Econom\u00eda, Marcelo Forneris, logr\u00f3 solucionar los problemas con el servicio y Gas Ban se encarg\u00f3 de comunicar que difundir al arreglo del pago.<\/p>\n<p>Sin embargo, no es la \u00fanica deuda que tiene entre manos el Municipio. Desde hace cuatro meses las delegaciones de J\u00e1uregui, Cortinez, Pueblo Nuevo y Olivera no tiene el tel\u00e9fono, tambi\u00e9n por no pagarle a tiempo a la Cooperativa Telef\u00f3nica y de Obras y Servicios P\u00fablicos de Villa Flandria, COTEFLAN.<\/p>\n<p>Fuente: <a href=\"http:\/\/24con.elargentino.com\/conurbano\/nota\/48827-rosso-no-pago-el-gas-se-lo-cortaron-y-por-eso-quiere-echar-a-un-policia\/\" target=\"_blank\" rel=\"noopener\">El Civismo &#8211; 24com<\/a><\/p>\n","protected":false},"excerpt":{"rendered":"<p>El Sitio 24com hace referencia a una situaci\u00f3n poco agradable que se ha vivido en estos d\u00edas en la vecina &#8230; <a title=\"A Rosso le cortaron el gas y se arm\u00f3 la pol\u00e9mica\" class=\"read-more\" href=\"https:\/\/www.hoymercedes.com.ar\/principal\/2010\/12\/01\/a-rosso-le-cortaron-el-gas-y-se-armo-la-polemica\/\" aria-label=\"Leer m\u00e1s sobre A Rosso le cortaron el gas y se arm\u00f3 la pol\u00e9mica\">Leer m\u00e1s<\/a><\/p>\n","protected":false},"author":1,"featured_media":0,"comment_status":"open","ping_status":"open","sticky":false,"template":"","format":"standard","meta":{"_monsterinsights_skip_tracking":false,"_monsterinsights_sitenote_active":false,"_monsterinsights_sitenote_note":"","_monsterinsights_sitenote_category":0,"jetpack_post_was_ever_published":false,"_jetpack_newsletter_access":"","_jetpack_dont_email_post_to_subs":false,"_jetpack_newsletter_tier_id":0,"_jetpack_memberships_contains_paywalled_content":false,"_jetpack_memberships_contains_paid_content":false,"footnotes":"","jetpack_publicize_message":"","jetpack_publicize_feature_enabled":true,"jetpack_social_post_already_shared":false,"jetpack_social_options":{"image_generator_settings":{"template":"highway","default_image_id":0,"font":"","enabled":false},"version":2},"_wpas_customize_per_network":false},"categories":[1],"tags":[86,202],"class_list":["post-743","post","type-post","status-publish","format-standard","hentry","category-opinion","tag-lujan","tag-rosso","generate-columns","tablet-grid-50","mobile-grid-100","grid-parent","grid-50"],"jetpack_publicize_connections":[],"jetpack_featured_media_url":"","wps_subtitle":"","jetpack_sharing_enabled":true,"_links":{"self":[{"href":"https:\/\/www.hoymercedes.com.ar\/principal\/wp-json\/wp\/v2\/posts\/743","targetHints":{"allow":["GET"]}}],"collection":[{"href":"https:\/\/www.hoymercedes.com.ar\/principal\/wp-json\/wp\/v2\/posts"}],"about":[{"href":"https:\/\/www.hoymercedes.com.ar\/principal\/wp-json\/wp\/v2\/types\/post"}],"author":[{"embeddable":true,"href":"https:\/\/www.hoymercedes.com.ar\/principal\/wp-json\/wp\/v2\/users\/1"}],"replies":[{"embeddable":true,"href":"https:\/\/www.hoymercedes.com.ar\/principal\/wp-json\/wp\/v2\/comments?post=743"}],"version-history":[{"count":0,"href":"https:\/\/www.hoymercedes.com.ar\/principal\/wp-json\/wp\/v2\/posts\/743\/revisions"}],"wp:attachment":[{"href":"https:\/\/www.hoymercedes.com.ar\/principal\/wp-json\/wp\/v2\/media?parent=743"}],"wp:term":[{"taxonomy":"category","embeddable":true,"href":"https:\/\/www.hoymercedes.com.ar\/principal\/wp-json\/wp\/v2\/categories?post=743"},{"taxonomy":"post_tag","embeddable":true,"href":"https:\/\/www.hoymercedes.com.ar\/principal\/wp-json\/wp\/v2\/tags?post=743"}],"curies":[{"name":"wp","href":"https:\/\/api.w.org\/{rel}","templated":true}]}}