{"id":74326,"date":"2018-04-07T09:25:55","date_gmt":"2018-04-07T12:25:55","guid":{"rendered":"http:\/\/www.hoymercedes.com.ar\/principal\/?p=74326"},"modified":"2018-04-07T09:27:26","modified_gmt":"2018-04-07T12:27:26","slug":"el-18-de-abril-comienzan-los-cursos-de-astronomia","status":"publish","type":"post","link":"https:\/\/www.hoymercedes.com.ar\/principal\/2018\/04\/07\/el-18-de-abril-comienzan-los-cursos-de-astronomia\/","title":{"rendered":"El 18 de abril comienzan los cursos de astronom\u00eda"},"content":{"rendered":"<p>Vuelve a dictarse el curso de Iniciaci\u00f3n a la Astronom\u00eda en el MAMM. La inscripci\u00f3n ya est\u00e1 abierta de manera libre y gratuita. Su inicio ser\u00e1 el 18 de abril. Comienzan las observaciones oficiales de todos los viernes en el Observatorio Municipal. Hubo mejoras y puesta en valor del lente del telescopio que fue enviado a la Universidad de La Plata para su mantenimiento.<\/p>\n<p><img loading=\"lazy\" decoding=\"async\" data-attachment-id=\"31055\" data-permalink=\"https:\/\/www.hoymercedes.com.ar\/principal\/2014\/03\/23\/daran-curso-de-iniciacion-a-la-astronomia-sera-libre-y-gratuito\/observatoriomercedes\/#main\" data-orig-file=\"https:\/\/www.hoymercedes.com.ar\/principal\/wp-content\/uploads\/2014\/03\/observatoriomercedes.jpg\" data-orig-size=\"620,403\" data-comments-opened=\"1\" data-image-meta=\"{&quot;aperture&quot;:&quot;0&quot;,&quot;credit&quot;:&quot;&quot;,&quot;camera&quot;:&quot;&quot;,&quot;caption&quot;:&quot;&quot;,&quot;created_timestamp&quot;:&quot;0&quot;,&quot;copyright&quot;:&quot;&quot;,&quot;focal_length&quot;:&quot;0&quot;,&quot;iso&quot;:&quot;0&quot;,&quot;shutter_speed&quot;:&quot;0&quot;,&quot;title&quot;:&quot;&quot;}\" data-image-title=\"observatoriomercedes\" data-image-description=\"\" data-image-caption=\"\" data-large-file=\"https:\/\/www.hoymercedes.com.ar\/principal\/wp-content\/uploads\/2014\/03\/observatoriomercedes.jpg\" class=\"aligncenter size-full wp-image-31055\" src=\"https:\/\/www.hoymercedes.com.ar\/principal\/wp-content\/uploads\/2014\/03\/observatoriomercedes.jpg\" alt=\"\" width=\"620\" height=\"403\" \/><\/p>\n<p>Como en a\u00f1os anteriores, la Direcci\u00f3n de Cultura vuelve a proponer el renombrado curso de Iniciaci\u00f3n a la Astronom\u00eda para adolescentes y adultos que dicta el m\u00e1ximo responsable del Observatorio Municipal \u201c\u00c1ngel Di Palma\u201d, Miguel de Laurenti.<\/p>\n<p>Es un cl\u00e1sico de cada ciclo lectivo y como de costumbre, antes de ser anunciado oficialmente, los interesados ya han consultado e incluso se han inscripto con antelaci\u00f3n. Esto quiere decir que hay un gran inter\u00e9s y un importante deseo de conocer m\u00e1s sobre los cuerpos celestes y sus caracter\u00edsticas principales.<\/p>\n<p>\u201cVamos a estar trabajando un este a\u00f1o tambi\u00e9n de manera te\u00f3rica y pr\u00e1ctica junto a aquellos interesados que deseen hacer el curso. Muchos siguen dando sus pasos hacia el conocimiento del cosmos por segunda vez. Creo que se sienten atra\u00eddos por lo imponente y atractivo que resulta el espacio en su totalidad\u201d, expres\u00f3 de Laurenti.<\/p>\n<p>La inscripci\u00f3n est\u00e1 abierta y puede realizarse a trav\u00e9s del Facebook del Observatorio Astron\u00f3mico Municipal Mercedes o bien, para quienes desee obtener m\u00e1s informaci\u00f3n, v\u00eda mail a\u00a0info@astronommiamercedes.gob.a rantes del\u00a0\u00a018 de abril, fecha de inicio del curso.<\/p>\n<p>Este a\u00f1o volver\u00e1 a dictarse en el Museo de Arte (MAMM) y tendr\u00e1 por una extensi\u00f3n de 16 clases, todos los mi\u00e9rcoles de\u00a020 a 22 horas.<\/p>\n<p>&nbsp;<\/p>\n<p><strong>Observaciones de abril:<\/strong><\/p>\n<p>Durante abril continuar\u00e1n las visitas y actividades en el\u00a0Observatorio Astron\u00f3mico \u201c\u00c1ngel Di Palma\u201d. Como siempre y en todos los casos, es indispensable que el cielo est\u00e9 despejado y es bueno recordar que no se aconseja la observaci\u00f3n en noches de Luna llena debido a la gran cantidad de luz que se refleja en ella, impidiendo, en muchos casos, la adecuada observaci\u00f3n de muchos de los cuerpos celestes.<\/p>\n<p>El Director del Observatorio, Miguel De Laurenti, recibir\u00e1 a todos los interesados en el Cuartel XVIII, La Florida. Se llega al lugar por ruta provincial N\u00ba 41, desde Mercedes a S. A. de Giles, 15 kms.; luego 900 mts. hacia el Este, por camino de tierra afirmado, a la altura del km. 241,1 de la Ruta Provincial 41. , todos los viernes de\u00a020\u00a0a\u00a023hs.<\/p>\n<p>Para este mes, el cronograma ser\u00e1 el siguiente:<\/p>\n<ul>\n<li>Viernes 13: Zona de eta Carinae<\/li>\n<li>Viernes 20: Luna, al inicio. Jupiter, al final.<\/li>\n<li>Viernes 27: Estrellas Dobles.<\/li>\n<\/ul>\n","protected":false},"excerpt":{"rendered":"<p>Vuelve a dictarse el curso de Iniciaci\u00f3n a la Astronom\u00eda en el MAMM. La inscripci\u00f3n ya est\u00e1 abierta de manera &#8230; <a title=\"El 18 de abril comienzan los cursos de astronom\u00eda\" class=\"read-more\" href=\"https:\/\/www.hoymercedes.com.ar\/principal\/2018\/04\/07\/el-18-de-abril-comienzan-los-cursos-de-astronomia\/\" aria-label=\"Leer m\u00e1s sobre El 18 de abril comienzan los cursos de astronom\u00eda\">Leer m\u00e1s<\/a><\/p>\n","protected":false},"author":1,"featured_media":52478,"comment_status":"closed","ping_status":"open","sticky":false,"template":"","format":"standard","meta":{"_monsterinsights_skip_tracking":false,"_monsterinsights_sitenote_active":false,"_monsterinsights_sitenote_note":"","_monsterinsights_sitenote_category":0,"jetpack_post_was_ever_published":false,"_jetpack_newsletter_access":"","_jetpack_dont_email_post_to_subs":false,"_jetpack_newsletter_tier_id":0,"_jetpack_memberships_contains_paywalled_content":false,"_jetpack_memberships_contains_paid_content":false,"footnotes":"","jetpack_publicize_message":"","jetpack_publicize_feature_enabled":true,"jetpack_social_post_already_shared":false,"jetpack_social_options":{"image_generator_settings":{"template":"highway","default_image_id":0,"font":"","enabled":false},"version":2},"_wpas_customize_per_network":false},"categories":[104],"tags":[7805,8674,10,10646],"class_list":["post-74326","post","type-post","status-publish","format-standard","has-post-thumbnail","hentry","category-cultura","tag-cultura","tag-mamm","tag-mercedes","tag-observatorio-municipal","generate-columns","tablet-grid-50","mobile-grid-100","grid-parent","grid-50"],"jetpack_publicize_connections":[],"jetpack_featured_media_url":"https:\/\/www.hoymercedes.com.ar\/principal\/wp-content\/uploads\/2016\/07\/13-observatorio.jpg","wps_subtitle":"Inscripci\u00f3n abierta","jetpack_sharing_enabled":true,"_links":{"self":[{"href":"https:\/\/www.hoymercedes.com.ar\/principal\/wp-json\/wp\/v2\/posts\/74326","targetHints":{"allow":["GET"]}}],"collection":[{"href":"https:\/\/www.hoymercedes.com.ar\/principal\/wp-json\/wp\/v2\/posts"}],"about":[{"href":"https:\/\/www.hoymercedes.com.ar\/principal\/wp-json\/wp\/v2\/types\/post"}],"author":[{"embeddable":true,"href":"https:\/\/www.hoymercedes.com.ar\/principal\/wp-json\/wp\/v2\/users\/1"}],"replies":[{"embeddable":true,"href":"https:\/\/www.hoymercedes.com.ar\/principal\/wp-json\/wp\/v2\/comments?post=74326"}],"version-history":[{"count":0,"href":"https:\/\/www.hoymercedes.com.ar\/principal\/wp-json\/wp\/v2\/posts\/74326\/revisions"}],"wp:featuredmedia":[{"embeddable":true,"href":"https:\/\/www.hoymercedes.com.ar\/principal\/wp-json\/wp\/v2\/media\/52478"}],"wp:attachment":[{"href":"https:\/\/www.hoymercedes.com.ar\/principal\/wp-json\/wp\/v2\/media?parent=74326"}],"wp:term":[{"taxonomy":"category","embeddable":true,"href":"https:\/\/www.hoymercedes.com.ar\/principal\/wp-json\/wp\/v2\/categories?post=74326"},{"taxonomy":"post_tag","embeddable":true,"href":"https:\/\/www.hoymercedes.com.ar\/principal\/wp-json\/wp\/v2\/tags?post=74326"}],"curies":[{"name":"wp","href":"https:\/\/api.w.org\/{rel}","templated":true}]}}