{"id":74328,"date":"2018-04-06T15:16:35","date_gmt":"2018-04-06T18:16:35","guid":{"rendered":"http:\/\/www.hoymercedes.com.ar\/principal\/?p=74328"},"modified":"2018-04-06T15:17:29","modified_gmt":"2018-04-06T18:17:29","slug":"llega-el-segundo-festigira-a-mercedes-este-sabado","status":"publish","type":"post","link":"https:\/\/www.hoymercedes.com.ar\/principal\/2018\/04\/06\/llega-el-segundo-festigira-a-mercedes-este-sabado\/","title":{"rendered":"Llega el segundo FestiGira a Mercedes este s\u00e1bado"},"content":{"rendered":"<p>El 7 de abril, desde la hora 16, m\u00fasicos autogestionados llevar\u00e1n adelante un nuevo festival de m\u00fasica denominado \u00abGIRA\u00bb. En ese contexto habr\u00e1 charlas\/seminarios, actividades para chicos y espect\u00e1culos en vivo. Esta es la segunda edici\u00f3n. Ser\u00e1 en el Centro Cultural Teatro Argentino \u00abInt. Julio C. Gioscio\u00bb<\/p>\n<p>Con la organizaci\u00f3n de m\u00fasicos mercedinos, este s\u00e1bado se llevar\u00e1 a cabo el festival que re\u00fane capacitaci\u00f3n para los artistas y m\u00fasica en vivo para el p\u00fablico. Las actividades en el teatro municipal de Mercedes comienzan a la hora 16, con\u00a0las charlas\/seminarios de Autogesti\u00f3n y Producci\u00f3n Art\u00edstica a cargo de Gustavo Kisinovsky y Pelu Romero (productores del sello Ultrapop y K Johansen respectivamente).<\/p>\n<p>Tambi\u00e9n estar\u00e1 la gente de Klink y sus sintetizadores educativos contando sobre el proyecto presentado a Daniel Melero. Los bateristas y percusionistas tendr\u00e1n su momento tambi\u00e9n con la charla de Drumsweb a cargo de Mart\u00edn Campisi.<\/p>\n<p>Luego s\u00ed, a partir de la hora 20, ser\u00e1 el momento de los espect\u00e1culos en vivo con bandas mercedinas y de la regi\u00f3n. Al escenario subir\u00e1n \u201cConejo Pendejo\u201d de Bragado, \u201cLos L\u00f3pez Heredia\u201d, \u201cRulo Godar y Naci\u00f3n Wiphala\u201d (en su \u00faltimo show en Mercedes) y el cierre a todo reggae de \u201cLos Delfines de Etiop\u00eda\u201d de Jun\u00edn .<\/p>\n<p>Las charlas son gratuitas, los shows a precios populares. Habr\u00e1 una barra con bebida y comidas, cerveza artesanal, stands de ropa y discos.<\/p>\n<p>Las entradas anticipadas pueden conseguirse en La Jungla Musical (Galeria Jardin Local 20, Mercedes BS AS).<\/p>\n<p>&nbsp;<\/p>\n","protected":false},"excerpt":{"rendered":"<p>El 7 de abril, desde la hora 16, m\u00fasicos autogestionados llevar\u00e1n adelante un nuevo festival de m\u00fasica denominado \u00abGIRA\u00bb. En &#8230; <a title=\"Llega el segundo FestiGira a Mercedes este s\u00e1bado\" class=\"read-more\" href=\"https:\/\/www.hoymercedes.com.ar\/principal\/2018\/04\/06\/llega-el-segundo-festigira-a-mercedes-este-sabado\/\" aria-label=\"Leer m\u00e1s sobre Llega el segundo FestiGira a Mercedes este s\u00e1bado\">Leer m\u00e1s<\/a><\/p>\n","protected":false},"author":1,"featured_media":74331,"comment_status":"closed","ping_status":"open","sticky":false,"template":"","format":"standard","meta":{"_monsterinsights_skip_tracking":false,"_monsterinsights_sitenote_active":false,"_monsterinsights_sitenote_note":"","_monsterinsights_sitenote_category":0,"jetpack_post_was_ever_published":false,"_jetpack_newsletter_access":"","_jetpack_dont_email_post_to_subs":false,"_jetpack_newsletter_tier_id":0,"_jetpack_memberships_contains_paywalled_content":false,"_jetpack_memberships_contains_paid_content":false,"footnotes":"","jetpack_publicize_message":"","jetpack_publicize_feature_enabled":true,"jetpack_social_post_already_shared":true,"jetpack_social_options":{"image_generator_settings":{"template":"highway","default_image_id":0,"font":"","enabled":false},"version":2},"_wpas_customize_per_network":false},"categories":[104],"tags":[7805,12271,10,8539],"class_list":["post-74328","post","type-post","status-publish","format-standard","has-post-thumbnail","hentry","category-cultura","tag-cultura","tag-festigira","tag-mercedes","tag-musica","generate-columns","tablet-grid-50","mobile-grid-100","grid-parent","grid-50"],"jetpack_publicize_connections":[],"jetpack_featured_media_url":"https:\/\/www.hoymercedes.com.ar\/principal\/wp-content\/uploads\/2018\/04\/06-gira-flyer.jpg","wps_subtitle":"Charlas gratuitas","jetpack_sharing_enabled":true,"_links":{"self":[{"href":"https:\/\/www.hoymercedes.com.ar\/principal\/wp-json\/wp\/v2\/posts\/74328","targetHints":{"allow":["GET"]}}],"collection":[{"href":"https:\/\/www.hoymercedes.com.ar\/principal\/wp-json\/wp\/v2\/posts"}],"about":[{"href":"https:\/\/www.hoymercedes.com.ar\/principal\/wp-json\/wp\/v2\/types\/post"}],"author":[{"embeddable":true,"href":"https:\/\/www.hoymercedes.com.ar\/principal\/wp-json\/wp\/v2\/users\/1"}],"replies":[{"embeddable":true,"href":"https:\/\/www.hoymercedes.com.ar\/principal\/wp-json\/wp\/v2\/comments?post=74328"}],"version-history":[{"count":0,"href":"https:\/\/www.hoymercedes.com.ar\/principal\/wp-json\/wp\/v2\/posts\/74328\/revisions"}],"wp:featuredmedia":[{"embeddable":true,"href":"https:\/\/www.hoymercedes.com.ar\/principal\/wp-json\/wp\/v2\/media\/74331"}],"wp:attachment":[{"href":"https:\/\/www.hoymercedes.com.ar\/principal\/wp-json\/wp\/v2\/media?parent=74328"}],"wp:term":[{"taxonomy":"category","embeddable":true,"href":"https:\/\/www.hoymercedes.com.ar\/principal\/wp-json\/wp\/v2\/categories?post=74328"},{"taxonomy":"post_tag","embeddable":true,"href":"https:\/\/www.hoymercedes.com.ar\/principal\/wp-json\/wp\/v2\/tags?post=74328"}],"curies":[{"name":"wp","href":"https:\/\/api.w.org\/{rel}","templated":true}]}}