{"id":74351,"date":"2018-04-07T14:15:41","date_gmt":"2018-04-07T17:15:41","guid":{"rendered":"http:\/\/www.hoymercedes.com.ar\/principal\/?p=74351"},"modified":"2018-04-07T14:10:51","modified_gmt":"2018-04-07T17:10:51","slug":"carlos-selva-en-la-cumbre-peronista-de-gualeguaychu","status":"publish","type":"post","link":"https:\/\/www.hoymercedes.com.ar\/principal\/2018\/04\/07\/carlos-selva-en-la-cumbre-peronista-de-gualeguaychu\/","title":{"rendered":"Carlos Selva en la Cumbre Peronista de Gualeguaych\u00fa"},"content":{"rendered":"<p>El Diptutado Nacional Carlos Selva, particip\u00f3 ayer en la ciudad de Gualeguaychu, \u00a0de la cumbre del Peronismo Federal, convocada por el Senador Miguel Pichetto, cuya intenci\u00f3n es construir una alternativa, \u201cno Cristinista\u201d de cara a las elecciones presidenciales de 2019.<\/p>\n<p><img loading=\"lazy\" decoding=\"async\" data-attachment-id=\"74354\" data-permalink=\"https:\/\/www.hoymercedes.com.ar\/principal\/2018\/04\/07\/carlos-selva-en-la-cumbre-peronista-de-gualeguaychu\/07-pj-selva\/#main\" data-orig-file=\"https:\/\/www.hoymercedes.com.ar\/principal\/wp-content\/uploads\/2018\/04\/07-PJ-Selva.jpeg\" data-orig-size=\"750,450\" data-comments-opened=\"0\" data-image-meta=\"{&quot;aperture&quot;:&quot;0&quot;,&quot;credit&quot;:&quot;&quot;,&quot;camera&quot;:&quot;&quot;,&quot;caption&quot;:&quot;&quot;,&quot;created_timestamp&quot;:&quot;0&quot;,&quot;copyright&quot;:&quot;&quot;,&quot;focal_length&quot;:&quot;0&quot;,&quot;iso&quot;:&quot;0&quot;,&quot;shutter_speed&quot;:&quot;0&quot;,&quot;title&quot;:&quot;&quot;,&quot;orientation&quot;:&quot;0&quot;}\" data-image-title=\"07 PJ Selva\" data-image-description=\"\" data-image-caption=\"\" data-large-file=\"https:\/\/www.hoymercedes.com.ar\/principal\/wp-content\/uploads\/2018\/04\/07-PJ-Selva.jpeg\" class=\"aligncenter size-medium wp-image-74354\" src=\"https:\/\/www.hoymercedes.com.ar\/principal\/wp-content\/uploads\/2018\/04\/07-PJ-Selva-630x378.jpeg\" alt=\"\" width=\"630\" height=\"378\" srcset=\"https:\/\/www.hoymercedes.com.ar\/principal\/wp-content\/uploads\/2018\/04\/07-PJ-Selva-630x378.jpeg 630w, https:\/\/www.hoymercedes.com.ar\/principal\/wp-content\/uploads\/2018\/04\/07-PJ-Selva-150x90.jpeg 150w, https:\/\/www.hoymercedes.com.ar\/principal\/wp-content\/uploads\/2018\/04\/07-PJ-Selva.jpeg 750w\" sizes=\"auto, (max-width: 630px) 100vw, 630px\" \/><\/p>\n<p>Casi todos los legisladores nacionales del justicialismo entrerriano se hicieron presentes en el encuentro, entre ellos, \u00a0Pedro Guastavino, Juan Jos\u00e9 Bahillo, Mayda Cresto y Sigrid Kuntah, ausent\u00e1ndose Julio Solanas y Juan Manuel Huss.<\/p>\n<p>Tambi\u00e9n participaron \u00a0otros senadores del interbloque Argentina Federal, entre ellos el cordob\u00e9s Carlos Caserio, el salte\u00f1o Rodolfo Urtubey, la tucumana Beatriz Mirkin y el juje\u00f1o Guillermo Snopek.<\/p>\n<p>Por el lado de los diputados estuvieron el salte\u00f1o Pablo Kosiner, el bonaerense Diego Bossio, y el cordob\u00e9s Mart\u00edn Llaryora, entre otros.<\/p>\n<p>Por el Frente Renovador estuvieron adem\u00e1s de Carlos Selva, \u00a0Graciela Cama\u00f1o, Daniel Arroyo, Alexis Guerrera, Germ\u00e1n Di Cesare, Jorge D\u2019Onofrio, Rub\u00e9n Eslaiman, Alejandro Grandinetti, Lisandro Bonelli, Marco Lavagna, Javier Osuna, Jos\u00e9 Luis Pallares, Ra\u00fal P\u00e9rez y Jos\u00e9 Ignacio de Mendiguren.<\/p>\n<p>Consultado al respecto, Selva se mostr\u00f3 satisfecho por las conclusiones de la cumbre y se mostr\u00f3 optimista de cara a lo que viene, \u201c coincidimos \u00a0en la necesidad de construir \u00a0una alternativa que contemple el inter\u00e9s de los trabajadores, la clase media y las Pymes, indic\u00f3 el Diputado mercedino.<\/p>\n<p><img loading=\"lazy\" decoding=\"async\" data-attachment-id=\"74355\" data-permalink=\"https:\/\/www.hoymercedes.com.ar\/principal\/2018\/04\/07\/carlos-selva-en-la-cumbre-peronista-de-gualeguaychu\/07-pj-selva1\/#main\" data-orig-file=\"https:\/\/www.hoymercedes.com.ar\/principal\/wp-content\/uploads\/2018\/04\/07-PJ-Selva1.jpeg\" data-orig-size=\"750,422\" data-comments-opened=\"0\" data-image-meta=\"{&quot;aperture&quot;:&quot;0&quot;,&quot;credit&quot;:&quot;&quot;,&quot;camera&quot;:&quot;&quot;,&quot;caption&quot;:&quot;&quot;,&quot;created_timestamp&quot;:&quot;0&quot;,&quot;copyright&quot;:&quot;&quot;,&quot;focal_length&quot;:&quot;0&quot;,&quot;iso&quot;:&quot;0&quot;,&quot;shutter_speed&quot;:&quot;0&quot;,&quot;title&quot;:&quot;&quot;,&quot;orientation&quot;:&quot;0&quot;}\" data-image-title=\"07 PJ Selva1\" data-image-description=\"\" data-image-caption=\"\" data-large-file=\"https:\/\/www.hoymercedes.com.ar\/principal\/wp-content\/uploads\/2018\/04\/07-PJ-Selva1.jpeg\" class=\"aligncenter size-medium wp-image-74355\" src=\"https:\/\/www.hoymercedes.com.ar\/principal\/wp-content\/uploads\/2018\/04\/07-PJ-Selva1-630x354.jpeg\" alt=\"\" width=\"630\" height=\"354\" srcset=\"https:\/\/www.hoymercedes.com.ar\/principal\/wp-content\/uploads\/2018\/04\/07-PJ-Selva1-630x354.jpeg 630w, https:\/\/www.hoymercedes.com.ar\/principal\/wp-content\/uploads\/2018\/04\/07-PJ-Selva1-150x84.jpeg 150w, https:\/\/www.hoymercedes.com.ar\/principal\/wp-content\/uploads\/2018\/04\/07-PJ-Selva1.jpeg 750w\" sizes=\"auto, (max-width: 630px) 100vw, 630px\" \/><\/p>\n<p><strong>Documento<\/strong><\/p>\n<p>\u201cRepresentamos a una fuerza constructiva y democr\u00e1tica, del centro nacional, que pueda convocar a otros sectores pol\u00edticos\u201d.<\/p>\n<ul>\n<li>\u201cNo queremos una pol\u00edtica econ\u00f3mica autoritaria porque ya fracas\u00f3, pero tampoco un modelo que deje que el mercado defina todas las acciones del Gobierno\u201d.<\/li>\n<li>\u201cEstamos convencidos que a la pobreza se le gana con educaci\u00f3n y trabajo\u201d.<\/li>\n<li>\u201cLa falta de competitividad de la industria y las dificultades de las econom\u00edas regionales son un problema grave, y las PyMEs no pueden quedar afuera del diagn\u00f3stico\u201d.<\/li>\n<li>\u201cNo nos convence el planteo de \u2018unidad\u2019 como un simple amontonamiento de dirigentes sin un proyecto com\u00fan\u201d.<\/li>\n<li>\u201cNo vamos a justificar el pasado\u201d.<\/li>\n<li>\u201cNos hacemos cargo de nuestras responsabilidades para que nuevos liderazgos construyan el futuro de progreso que reclama nuestro pueblo\u201d.<\/li>\n<\/ul>\n","protected":false},"excerpt":{"rendered":"<p>El Diptutado Nacional Carlos Selva, particip\u00f3 ayer en la ciudad de Gualeguaychu, \u00a0de la cumbre del Peronismo Federal, convocada por &#8230; <a title=\"Carlos Selva en la Cumbre Peronista de Gualeguaych\u00fa\" class=\"read-more\" href=\"https:\/\/www.hoymercedes.com.ar\/principal\/2018\/04\/07\/carlos-selva-en-la-cumbre-peronista-de-gualeguaychu\/\" aria-label=\"Leer m\u00e1s sobre Carlos Selva en la Cumbre Peronista de Gualeguaych\u00fa\">Leer m\u00e1s<\/a><\/p>\n","protected":false},"author":1,"featured_media":74355,"comment_status":"closed","ping_status":"open","sticky":false,"template":"","format":"standard","meta":{"_monsterinsights_skip_tracking":false,"_monsterinsights_sitenote_active":false,"_monsterinsights_sitenote_note":"","_monsterinsights_sitenote_category":0,"jetpack_post_was_ever_published":false,"_jetpack_newsletter_access":"","_jetpack_dont_email_post_to_subs":false,"_jetpack_newsletter_tier_id":0,"_jetpack_memberships_contains_paywalled_content":false,"_jetpack_memberships_contains_paid_content":false,"footnotes":"","jetpack_publicize_message":"","jetpack_publicize_feature_enabled":true,"jetpack_social_post_already_shared":true,"jetpack_social_options":{"image_generator_settings":{"template":"highway","default_image_id":0,"font":"","enabled":false},"version":2},"_wpas_customize_per_network":false},"categories":[5210],"tags":[39,10,1934,10113],"class_list":["post-74351","post","type-post","status-publish","format-standard","has-post-thumbnail","hentry","category-politica-nacional","tag-carlos-selva","tag-mercedes","tag-pj-mercedes","tag-politica-nacional","generate-columns","tablet-grid-50","mobile-grid-100","grid-parent","grid-50"],"jetpack_publicize_connections":[],"jetpack_featured_media_url":"https:\/\/www.hoymercedes.com.ar\/principal\/wp-content\/uploads\/2018\/04\/07-PJ-Selva1.jpeg","wps_subtitle":"Encuentro partidario","jetpack_sharing_enabled":true,"_links":{"self":[{"href":"https:\/\/www.hoymercedes.com.ar\/principal\/wp-json\/wp\/v2\/posts\/74351","targetHints":{"allow":["GET"]}}],"collection":[{"href":"https:\/\/www.hoymercedes.com.ar\/principal\/wp-json\/wp\/v2\/posts"}],"about":[{"href":"https:\/\/www.hoymercedes.com.ar\/principal\/wp-json\/wp\/v2\/types\/post"}],"author":[{"embeddable":true,"href":"https:\/\/www.hoymercedes.com.ar\/principal\/wp-json\/wp\/v2\/users\/1"}],"replies":[{"embeddable":true,"href":"https:\/\/www.hoymercedes.com.ar\/principal\/wp-json\/wp\/v2\/comments?post=74351"}],"version-history":[{"count":0,"href":"https:\/\/www.hoymercedes.com.ar\/principal\/wp-json\/wp\/v2\/posts\/74351\/revisions"}],"wp:featuredmedia":[{"embeddable":true,"href":"https:\/\/www.hoymercedes.com.ar\/principal\/wp-json\/wp\/v2\/media\/74355"}],"wp:attachment":[{"href":"https:\/\/www.hoymercedes.com.ar\/principal\/wp-json\/wp\/v2\/media?parent=74351"}],"wp:term":[{"taxonomy":"category","embeddable":true,"href":"https:\/\/www.hoymercedes.com.ar\/principal\/wp-json\/wp\/v2\/categories?post=74351"},{"taxonomy":"post_tag","embeddable":true,"href":"https:\/\/www.hoymercedes.com.ar\/principal\/wp-json\/wp\/v2\/tags?post=74351"}],"curies":[{"name":"wp","href":"https:\/\/api.w.org\/{rel}","templated":true}]}}