{"id":7439,"date":"2011-09-20T22:59:20","date_gmt":"2011-09-20T22:59:20","guid":{"rendered":"http:\/\/www.hoymercedes.com.ar\/principal\/?p=7439"},"modified":"2011-09-20T22:59:20","modified_gmt":"2011-09-20T22:59:20","slug":"ustarroz%e2%80%9cnuestra-responsabilidad-es-llegar-en-la-mejor-forma%e2%80%9d","status":"publish","type":"post","link":"https:\/\/www.hoymercedes.com.ar\/principal\/2011\/09\/20\/ustarroz%e2%80%9cnuestra-responsabilidad-es-llegar-en-la-mejor-forma%e2%80%9d\/","title":{"rendered":"Ustarroz:\u201cNuestra responsabilidad es llegar en la mejor forma\u201d"},"content":{"rendered":"<p>El Frente Mercedino para la Victoria no descansa. Luego de convertirse en la Fuerza m\u00e1s votada en las primarias de agosto, su trabajo se ha visto potenciado de manera considerable. Como lo expresa el propio Ustarroz cuando se lo consulta: \u201cnosotros estamos convencidos de que Mercedes puede mucho m\u00e1s. Nuestra responsabilidad es llegar en la mejor forma. Preparar el camino para que los proyectos que tenemos se empiecen a ejecutar desde el primer d\u00eda\u201d.<\/p>\n<p>Un ejemplo de ello son las reuniones que los equipos t\u00e9cnicos del Frente vienen manteniendo junto a funcionarios de la Secretar\u00eda de Obras P\u00fablicas, del Ministerio de Planificaci\u00f3n Federal, Inversi\u00f3n P\u00fablica y Servicios, con el objetivo de consolidar los ejes del Plan de Obras P\u00fablicas presentado oportunamente por Juani Ustarroz.<\/p>\n<p>Dichos ejes representan la s\u00edntesis del trabajo que se viene desarrollando en las Comisiones T\u00e9cnicas del Frente. All\u00ed se han podido establecer l\u00edneas de acci\u00f3n estrat\u00e9gicas cuyo objetivo es apuntar al crecimiento econ\u00f3mico, la equidad social y el equilibrio territorial a trav\u00e9s de la ejecuci\u00f3n de 1000 viviendas para los pr\u00f3ximos cuatro a\u00f1os, 500 mejoras habitacionales, y la pavimentaci\u00f3n de 200 cuadras, entre otras obras.<\/p>\n<p>Este trabajo, el de establecer las necesidades m\u00e1s urgentes e importantes, cont\u00f3 con la participaci\u00f3n de profesionales, empresarios, trabajadores, comerciantes, docentes y vecinos de la comunidad que se han interesado en impulsar el crecimiento de Mercedes y ven con mucha esperanza, de la mano del apoyo social que recibieron en las urnas el 14 de agosto, la posibilidad de empezar a concretarlas a partir de diciembre de 2011.<\/p>\n<p>Como lo confirm\u00f3 Juani Ustarroz, parte de su equipo ha mantenido varias reuniones con los asesores de la Secretar\u00eda de Obras P\u00fablicas. El objetivo de dichas reuniones consiste en establecer la metodolog\u00eda de trabajo, evaluar las prioridades de acuerdo a las necesidades de la poblaci\u00f3n mercedina, los mecanismos de financiamiento, los montos que tiene previsto Naci\u00f3n en car\u00e1cter de inversiones en obras en nuestra ciudad, entre otros temas.<\/p>\n<p>Como pudo trascender, se est\u00e1 planificando una reuni\u00f3n en la ciudad de Mercedes con equipos de la Secretar\u00eda para fortalecer estos temas. Esta reuni\u00f3n, con modalidad de Taller, tendr\u00e1 por objetivo la participaci\u00f3n de los vecinos representantes de todos los sectores sociales de la ciudad. La idea es poder trabajar de modo interactivo entre todos los sectores para consolidar cada proyecto. Como se\u00f1al\u00f3 Juani, \u201cnuestra gesti\u00f3n es y va a seguir siendo de puertas abiertas. A nosotros nos interesa la participaci\u00f3n comunitaria porque esa es la mejor forma para garantizar la aprobaci\u00f3n de los vecinos en cada proyecto. Son ellos los que tambi\u00e9n deben participar. Nuestra filosof\u00eda es escuchar lo que tienen para decir y trabajar codo a codo con ellos\u201d.<\/p>\n<p>Seg\u00fan ha trascendido, el Taller ser\u00e1 para m\u00e1s de 150 vecinos y contar\u00e1 con los profesionales del Ministerio y los equipos t\u00e9cnicos del Frente. En los pr\u00f3ximos d\u00edas confirmar\u00e1n hora y lugar, ya que la fecha estipulada es para el 24 de septiembre.<\/p>\n","protected":false},"excerpt":{"rendered":"<p>El Frente Mercedino para la Victoria no descansa. Luego de convertirse en la Fuerza m\u00e1s votada en las primarias de &#8230; <a title=\"Ustarroz:\u201cNuestra responsabilidad es llegar en la mejor forma\u201d\" class=\"read-more\" href=\"https:\/\/www.hoymercedes.com.ar\/principal\/2011\/09\/20\/ustarroz%e2%80%9cnuestra-responsabilidad-es-llegar-en-la-mejor-forma%e2%80%9d\/\" aria-label=\"Leer m\u00e1s sobre Ustarroz:\u201cNuestra responsabilidad es llegar en la mejor forma\u201d\">Leer m\u00e1s<\/a><\/p>\n","protected":false},"author":1,"featured_media":0,"comment_status":"open","ping_status":"open","sticky":false,"template":"","format":"standard","meta":{"_monsterinsights_skip_tracking":false,"_monsterinsights_sitenote_active":false,"_monsterinsights_sitenote_note":"","_monsterinsights_sitenote_category":0,"jetpack_post_was_ever_published":false,"_jetpack_newsletter_access":"","_jetpack_dont_email_post_to_subs":false,"_jetpack_newsletter_tier_id":0,"_jetpack_memberships_contains_paywalled_content":false,"_jetpack_memberships_contains_paid_content":false,"footnotes":"","jetpack_publicize_message":"","jetpack_publicize_feature_enabled":true,"jetpack_social_post_already_shared":false,"jetpack_social_options":{"image_generator_settings":{"template":"highway","default_image_id":0,"font":"","enabled":false},"version":2},"_wpas_customize_per_network":false},"categories":[5],"tags":[1007,424],"class_list":["post-7439","post","type-post","status-publish","format-standard","hentry","category-politica","tag-frente-mercedino","tag-ustarroz","generate-columns","tablet-grid-50","mobile-grid-100","grid-parent","grid-50"],"jetpack_publicize_connections":[],"jetpack_featured_media_url":"","wps_subtitle":"","jetpack_sharing_enabled":true,"_links":{"self":[{"href":"https:\/\/www.hoymercedes.com.ar\/principal\/wp-json\/wp\/v2\/posts\/7439","targetHints":{"allow":["GET"]}}],"collection":[{"href":"https:\/\/www.hoymercedes.com.ar\/principal\/wp-json\/wp\/v2\/posts"}],"about":[{"href":"https:\/\/www.hoymercedes.com.ar\/principal\/wp-json\/wp\/v2\/types\/post"}],"author":[{"embeddable":true,"href":"https:\/\/www.hoymercedes.com.ar\/principal\/wp-json\/wp\/v2\/users\/1"}],"replies":[{"embeddable":true,"href":"https:\/\/www.hoymercedes.com.ar\/principal\/wp-json\/wp\/v2\/comments?post=7439"}],"version-history":[{"count":0,"href":"https:\/\/www.hoymercedes.com.ar\/principal\/wp-json\/wp\/v2\/posts\/7439\/revisions"}],"wp:attachment":[{"href":"https:\/\/www.hoymercedes.com.ar\/principal\/wp-json\/wp\/v2\/media?parent=7439"}],"wp:term":[{"taxonomy":"category","embeddable":true,"href":"https:\/\/www.hoymercedes.com.ar\/principal\/wp-json\/wp\/v2\/categories?post=7439"},{"taxonomy":"post_tag","embeddable":true,"href":"https:\/\/www.hoymercedes.com.ar\/principal\/wp-json\/wp\/v2\/tags?post=7439"}],"curies":[{"name":"wp","href":"https:\/\/api.w.org\/{rel}","templated":true}]}}