{"id":74447,"date":"2018-04-10T15:57:11","date_gmt":"2018-04-10T18:57:11","guid":{"rendered":"http:\/\/www.hoymercedes.com.ar\/principal\/?p=74447"},"modified":"2018-04-10T15:57:11","modified_gmt":"2018-04-10T18:57:11","slug":"concejales-autorizaron-que-la-moratoria-continue-hasta-el-4-de-mayo","status":"publish","type":"post","link":"https:\/\/www.hoymercedes.com.ar\/principal\/2018\/04\/10\/concejales-autorizaron-que-la-moratoria-continue-hasta-el-4-de-mayo\/","title":{"rendered":"Concejales autorizaron que la moratoria contin\u00fae hasta el 4 de mayo"},"content":{"rendered":"<p>Los trece concejales presentes aprobaron por unanimidad.\u00a0Los contribuyentes que quieran adherirse a las moratorias de Tasas Generales y de Tasa de Inspecci\u00f3n en Seguridad e Higiene tendr\u00e1n tiempo hasta el 4 de mayo venidero.\u00a0El Departamento Ejecutivo elev\u00f3 el proyecto en la ma\u00f1ana del martes y har\u00e1 p\u00fablico el anuncio con la promulgaci\u00f3n de la ordenanza.<\/p>\n<p>Pasado el mediod\u00eda, los Concejales se convocaron en una sesi\u00f3n extraordinaria que dur\u00f3 menos de dos minutos y medio. En un peque\u00f1o momento que hubo entre comisi\u00f3n y comisi\u00f3n, sin micr\u00f3fonos y grabado de manera casera por la Secretaria, los trece concejales presentes dieron el quorum para el tratamiento del pedido del Departamento Ejecutivo que ten\u00eda como \u00fanico objetivo extender el plazo para adherir a la moratoria quince d\u00edas m\u00e1s.<\/p>\n<p>Con la ausencia de los concejales Carlos Garro, Ger\u00f3nimo Ustarroz, Evangelina Cabral, Sabrina Vi\u00f1ales y Marilina Bustelo, los trece concejales presentes aprobaron la modificaci\u00f3n de las ordenanzas 7999\/18 y 8000\/18 que ampl\u00edan el plazo para adherir a las moratorias de Tasas Generales y Tasas de Inspecci\u00f3n en Seguridad e Higiene hasta el 4 de mayo.<\/p>\n<figure id=\"attachment_74448\" aria-describedby=\"caption-attachment-74448\" style=\"width: 620px\" class=\"wp-caption aligncenter\"><img loading=\"lazy\" decoding=\"async\" data-attachment-id=\"74448\" data-permalink=\"https:\/\/www.hoymercedes.com.ar\/principal\/2018\/04\/10\/concejales-autorizaron-que-la-moratoria-continue-hasta-el-4-de-mayo\/10-sesion-prorroga\/#main\" data-orig-file=\"https:\/\/www.hoymercedes.com.ar\/principal\/wp-content\/uploads\/2018\/04\/10-sesion-prorroga.jpg\" data-orig-size=\"750,500\" data-comments-opened=\"0\" data-image-meta=\"{&quot;aperture&quot;:&quot;3.5&quot;,&quot;credit&quot;:&quot;&quot;,&quot;camera&quot;:&quot;NIKON D3100&quot;,&quot;caption&quot;:&quot;&quot;,&quot;created_timestamp&quot;:&quot;1523363361&quot;,&quot;copyright&quot;:&quot;&quot;,&quot;focal_length&quot;:&quot;18&quot;,&quot;iso&quot;:&quot;500&quot;,&quot;shutter_speed&quot;:&quot;0.016666666666667&quot;,&quot;title&quot;:&quot;&quot;,&quot;orientation&quot;:&quot;1&quot;}\" data-image-title=\"10 sesion prorroga\" data-image-description=\"\" data-image-caption=\"&lt;p&gt;Sin micr\u00f3fonos y con trece concejales, el HCD aprob\u00f3 la ampliaci\u00f3n de la moratoria. &lt;\/p&gt;\n\" data-large-file=\"https:\/\/www.hoymercedes.com.ar\/principal\/wp-content\/uploads\/2018\/04\/10-sesion-prorroga.jpg\" class=\"size-medium wp-image-74448\" src=\"https:\/\/www.hoymercedes.com.ar\/principal\/wp-content\/uploads\/2018\/04\/10-sesion-prorroga-630x420.jpg\" alt=\"\" width=\"630\" height=\"420\" srcset=\"https:\/\/www.hoymercedes.com.ar\/principal\/wp-content\/uploads\/2018\/04\/10-sesion-prorroga-630x420.jpg 630w, https:\/\/www.hoymercedes.com.ar\/principal\/wp-content\/uploads\/2018\/04\/10-sesion-prorroga-150x100.jpg 150w, https:\/\/www.hoymercedes.com.ar\/principal\/wp-content\/uploads\/2018\/04\/10-sesion-prorroga.jpg 750w\" sizes=\"auto, (max-width: 630px) 100vw, 630px\" \/><figcaption id=\"caption-attachment-74448\" class=\"wp-caption-text\">Sin micr\u00f3fonos y con trece concejales, el HCD aprob\u00f3 la ampliaci\u00f3n de la moratoria.<\/figcaption><\/figure>\n<p>&nbsp;<\/p>\n","protected":false},"excerpt":{"rendered":"<p>Los trece concejales presentes aprobaron por unanimidad.\u00a0Los contribuyentes que quieran adherirse a las moratorias de Tasas Generales y de Tasa &#8230; <a title=\"Concejales autorizaron que la moratoria contin\u00fae hasta el 4 de mayo\" class=\"read-more\" href=\"https:\/\/www.hoymercedes.com.ar\/principal\/2018\/04\/10\/concejales-autorizaron-que-la-moratoria-continue-hasta-el-4-de-mayo\/\" aria-label=\"Leer m\u00e1s sobre Concejales autorizaron que la moratoria contin\u00fae hasta el 4 de mayo\">Leer m\u00e1s<\/a><\/p>\n","protected":false},"author":1,"featured_media":74448,"comment_status":"closed","ping_status":"open","sticky":false,"template":"","format":"standard","meta":{"_monsterinsights_skip_tracking":false,"_monsterinsights_sitenote_active":false,"_monsterinsights_sitenote_note":"","_monsterinsights_sitenote_category":0,"jetpack_post_was_ever_published":false,"_jetpack_newsletter_access":"","_jetpack_dont_email_post_to_subs":false,"_jetpack_newsletter_tier_id":0,"_jetpack_memberships_contains_paywalled_content":false,"_jetpack_memberships_contains_paid_content":false,"footnotes":"","jetpack_publicize_message":"","jetpack_publicize_feature_enabled":true,"jetpack_social_post_already_shared":true,"jetpack_social_options":{"image_generator_settings":{"template":"highway","default_image_id":0,"font":"","enabled":false},"version":2},"_wpas_customize_per_network":false},"categories":[5],"tags":[8993,831,10,12644,244,8772],"class_list":["post-74447","post","type-post","status-publish","format-standard","has-post-thumbnail","hentry","category-politica","tag-concejales","tag-hcd-mercedes","tag-mercedes","tag-moratoria-de-tasas","tag-municipio-2","tag-sesion-extraordinaria","generate-columns","tablet-grid-50","mobile-grid-100","grid-parent","grid-50"],"jetpack_publicize_connections":[],"jetpack_featured_media_url":"https:\/\/www.hoymercedes.com.ar\/principal\/wp-content\/uploads\/2018\/04\/10-sesion-prorroga.jpg","wps_subtitle":"Sesi\u00f3n extraordinaria","jetpack_sharing_enabled":true,"_links":{"self":[{"href":"https:\/\/www.hoymercedes.com.ar\/principal\/wp-json\/wp\/v2\/posts\/74447","targetHints":{"allow":["GET"]}}],"collection":[{"href":"https:\/\/www.hoymercedes.com.ar\/principal\/wp-json\/wp\/v2\/posts"}],"about":[{"href":"https:\/\/www.hoymercedes.com.ar\/principal\/wp-json\/wp\/v2\/types\/post"}],"author":[{"embeddable":true,"href":"https:\/\/www.hoymercedes.com.ar\/principal\/wp-json\/wp\/v2\/users\/1"}],"replies":[{"embeddable":true,"href":"https:\/\/www.hoymercedes.com.ar\/principal\/wp-json\/wp\/v2\/comments?post=74447"}],"version-history":[{"count":0,"href":"https:\/\/www.hoymercedes.com.ar\/principal\/wp-json\/wp\/v2\/posts\/74447\/revisions"}],"wp:featuredmedia":[{"embeddable":true,"href":"https:\/\/www.hoymercedes.com.ar\/principal\/wp-json\/wp\/v2\/media\/74448"}],"wp:attachment":[{"href":"https:\/\/www.hoymercedes.com.ar\/principal\/wp-json\/wp\/v2\/media?parent=74447"}],"wp:term":[{"taxonomy":"category","embeddable":true,"href":"https:\/\/www.hoymercedes.com.ar\/principal\/wp-json\/wp\/v2\/categories?post=74447"},{"taxonomy":"post_tag","embeddable":true,"href":"https:\/\/www.hoymercedes.com.ar\/principal\/wp-json\/wp\/v2\/tags?post=74447"}],"curies":[{"name":"wp","href":"https:\/\/api.w.org\/{rel}","templated":true}]}}