{"id":74505,"date":"2018-04-12T12:00:44","date_gmt":"2018-04-12T15:00:44","guid":{"rendered":"http:\/\/www.hoymercedes.com.ar\/principal\/?p=74505"},"modified":"2018-04-12T09:40:27","modified_gmt":"2018-04-12T12:40:27","slug":"jorge-guevara-dirige-el-film-ha-llegado-un-inspector","status":"publish","type":"post","link":"https:\/\/www.hoymercedes.com.ar\/principal\/2018\/04\/12\/jorge-guevara-dirige-el-film-ha-llegado-un-inspector\/","title":{"rendered":"Jorge Guevara dirige el film \u00abHa llegado un Inspector\u00bb"},"content":{"rendered":"<p>Aunque en su idea original, Jorge Guevara pens\u00f3 en la puesta teatral de la obra, por estos d\u00edas se confirm\u00f3 que el ex periodista comenz\u00f3 la filmaci\u00f3n de un largometraje de \u00abHa llegado el Inspector\u00bb con gui\u00f3n y direcci\u00f3n de \u00e9l mismo.<\/p>\n<p>Por estos d\u00edas comenzaron a rodar algunas de las escenas de la futura pel\u00edcula en las inmediaciones del\u00a0Museo Hist\u00f3rico Municipal Victor Miguez.\u00a0Primeras escenas en la que intervienen Nieque Castro como el empresario, Miguel \u00c1ngel Cordone como el Inspector Garc\u00eda y Marcela Aranda como la mucama.<\/p>\n<p>En la direcci\u00f3n de c\u00e1maras y edici\u00f3n se desempe\u00f1a Jorge Citr\u00e1ngolo Casal. Todos bajo la direcci\u00f3n de Jorge Guevara.<\/p>\n<p>La propuesta, una vez concluida, se llevar\u00e1 a la pantalla grande en dos versiones, HD y 3D.<\/p>\n<figure id=\"attachment_74506\" aria-describedby=\"caption-attachment-74506\" style=\"width: 620px\" class=\"wp-caption aligncenter\"><img loading=\"lazy\" decoding=\"async\" data-attachment-id=\"74506\" data-permalink=\"https:\/\/www.hoymercedes.com.ar\/principal\/2018\/04\/12\/jorge-guevara-dirige-el-film-ha-llegado-un-inspector\/12-peli-guevara-1\/#main\" data-orig-file=\"https:\/\/www.hoymercedes.com.ar\/principal\/wp-content\/uploads\/2018\/04\/12-Peli-Guevara-1.jpg\" data-orig-size=\"750,422\" data-comments-opened=\"0\" data-image-meta=\"{&quot;aperture&quot;:&quot;0&quot;,&quot;credit&quot;:&quot;&quot;,&quot;camera&quot;:&quot;&quot;,&quot;caption&quot;:&quot;&quot;,&quot;created_timestamp&quot;:&quot;0&quot;,&quot;copyright&quot;:&quot;&quot;,&quot;focal_length&quot;:&quot;0&quot;,&quot;iso&quot;:&quot;0&quot;,&quot;shutter_speed&quot;:&quot;0&quot;,&quot;title&quot;:&quot;&quot;,&quot;orientation&quot;:&quot;0&quot;}\" data-image-title=\"12 Peli Guevara 1\" data-image-description=\"\" data-image-caption=\"&lt;p&gt;Jorge Guevara, \u00d1eque Castro y Miguel Cordone en plano rodaje en el Miguez. &lt;\/p&gt;\n\" data-large-file=\"https:\/\/www.hoymercedes.com.ar\/principal\/wp-content\/uploads\/2018\/04\/12-Peli-Guevara-1.jpg\" class=\"size-medium wp-image-74506\" src=\"https:\/\/www.hoymercedes.com.ar\/principal\/wp-content\/uploads\/2018\/04\/12-Peli-Guevara-1-630x354.jpg\" alt=\"\" width=\"630\" height=\"354\" srcset=\"https:\/\/www.hoymercedes.com.ar\/principal\/wp-content\/uploads\/2018\/04\/12-Peli-Guevara-1-630x354.jpg 630w, https:\/\/www.hoymercedes.com.ar\/principal\/wp-content\/uploads\/2018\/04\/12-Peli-Guevara-1-150x84.jpg 150w, https:\/\/www.hoymercedes.com.ar\/principal\/wp-content\/uploads\/2018\/04\/12-Peli-Guevara-1.jpg 750w\" sizes=\"auto, (max-width: 630px) 100vw, 630px\" \/><figcaption id=\"caption-attachment-74506\" class=\"wp-caption-text\">Jorge Guevara, \u00d1eque Castro y Miguel Cordone en plano rodaje en el Miguez.<\/figcaption><\/figure>\n","protected":false},"excerpt":{"rendered":"<p>Aunque en su idea original, Jorge Guevara pens\u00f3 en la puesta teatral de la obra, por estos d\u00edas se confirm\u00f3 &#8230; <a title=\"Jorge Guevara dirige el film \u00abHa llegado un Inspector\u00bb\" class=\"read-more\" href=\"https:\/\/www.hoymercedes.com.ar\/principal\/2018\/04\/12\/jorge-guevara-dirige-el-film-ha-llegado-un-inspector\/\" aria-label=\"Leer m\u00e1s sobre Jorge Guevara dirige el film \u00abHa llegado un Inspector\u00bb\">Leer m\u00e1s<\/a><\/p>\n","protected":false},"author":1,"featured_media":74506,"comment_status":"closed","ping_status":"open","sticky":false,"template":"","format":"standard","meta":{"_monsterinsights_skip_tracking":false,"_monsterinsights_sitenote_active":false,"_monsterinsights_sitenote_note":"","_monsterinsights_sitenote_category":0,"jetpack_post_was_ever_published":false,"_jetpack_newsletter_access":"","_jetpack_dont_email_post_to_subs":false,"_jetpack_newsletter_tier_id":0,"_jetpack_memberships_contains_paywalled_content":false,"_jetpack_memberships_contains_paid_content":false,"footnotes":"","jetpack_publicize_message":"","jetpack_publicize_feature_enabled":true,"jetpack_social_post_already_shared":true,"jetpack_social_options":{"image_generator_settings":{"template":"highway","default_image_id":0,"font":"","enabled":false},"version":2},"_wpas_customize_per_network":false},"categories":[104],"tags":[5273,7805,12906,10,3766,12905],"class_list":["post-74505","post","type-post","status-publish","format-standard","has-post-thumbnail","hentry","category-cultura","tag-cine","tag-cultura","tag-jorge-guevara","tag-mercedes","tag-museo-miguez","tag-rodaje","generate-columns","tablet-grid-50","mobile-grid-100","grid-parent","grid-50"],"jetpack_publicize_connections":[],"jetpack_featured_media_url":"https:\/\/www.hoymercedes.com.ar\/principal\/wp-content\/uploads\/2018\/04\/12-Peli-Guevara-1.jpg","wps_subtitle":"Pel\u00edcula en producci\u00f3n","jetpack_sharing_enabled":true,"_links":{"self":[{"href":"https:\/\/www.hoymercedes.com.ar\/principal\/wp-json\/wp\/v2\/posts\/74505","targetHints":{"allow":["GET"]}}],"collection":[{"href":"https:\/\/www.hoymercedes.com.ar\/principal\/wp-json\/wp\/v2\/posts"}],"about":[{"href":"https:\/\/www.hoymercedes.com.ar\/principal\/wp-json\/wp\/v2\/types\/post"}],"author":[{"embeddable":true,"href":"https:\/\/www.hoymercedes.com.ar\/principal\/wp-json\/wp\/v2\/users\/1"}],"replies":[{"embeddable":true,"href":"https:\/\/www.hoymercedes.com.ar\/principal\/wp-json\/wp\/v2\/comments?post=74505"}],"version-history":[{"count":0,"href":"https:\/\/www.hoymercedes.com.ar\/principal\/wp-json\/wp\/v2\/posts\/74505\/revisions"}],"wp:featuredmedia":[{"embeddable":true,"href":"https:\/\/www.hoymercedes.com.ar\/principal\/wp-json\/wp\/v2\/media\/74506"}],"wp:attachment":[{"href":"https:\/\/www.hoymercedes.com.ar\/principal\/wp-json\/wp\/v2\/media?parent=74505"}],"wp:term":[{"taxonomy":"category","embeddable":true,"href":"https:\/\/www.hoymercedes.com.ar\/principal\/wp-json\/wp\/v2\/categories?post=74505"},{"taxonomy":"post_tag","embeddable":true,"href":"https:\/\/www.hoymercedes.com.ar\/principal\/wp-json\/wp\/v2\/tags?post=74505"}],"curies":[{"name":"wp","href":"https:\/\/api.w.org\/{rel}","templated":true}]}}