{"id":74541,"date":"2018-04-13T09:07:44","date_gmt":"2018-04-13T12:07:44","guid":{"rendered":"http:\/\/www.hoymercedes.com.ar\/principal\/?p=74541"},"modified":"2018-04-13T09:17:11","modified_gmt":"2018-04-13T12:17:11","slug":"los-companeros-estan-decididos-a-dar-esta-pelea","status":"publish","type":"post","link":"https:\/\/www.hoymercedes.com.ar\/principal\/2018\/04\/13\/los-companeros-estan-decididos-a-dar-esta-pelea\/","title":{"rendered":"\u201cLos compa\u00f1eros est\u00e1n decididos a dar esta pelea\u00bb"},"content":{"rendered":"<p><img loading=\"lazy\" decoding=\"async\" data-attachment-id=\"74542\" data-permalink=\"https:\/\/www.hoymercedes.com.ar\/principal\/2018\/04\/13\/los-companeros-estan-decididos-a-dar-esta-pelea\/judiciales1\/#main\" data-orig-file=\"https:\/\/www.hoymercedes.com.ar\/principal\/wp-content\/uploads\/2018\/04\/judiciales1.jpg\" data-orig-size=\"640,360\" data-comments-opened=\"0\" data-image-meta=\"{&quot;aperture&quot;:&quot;1.9&quot;,&quot;credit&quot;:&quot;&quot;,&quot;camera&quot;:&quot;SM-G610M&quot;,&quot;caption&quot;:&quot;&quot;,&quot;created_timestamp&quot;:&quot;1523529890&quot;,&quot;copyright&quot;:&quot;&quot;,&quot;focal_length&quot;:&quot;3.6&quot;,&quot;iso&quot;:&quot;200&quot;,&quot;shutter_speed&quot;:&quot;0.05&quot;,&quot;title&quot;:&quot;&quot;,&quot;orientation&quot;:&quot;1&quot;}\" data-image-title=\"judiciales1\" data-image-description=\"\" data-image-caption=\"\" data-large-file=\"https:\/\/www.hoymercedes.com.ar\/principal\/wp-content\/uploads\/2018\/04\/judiciales1.jpg\" class=\"aligncenter size-medium wp-image-74542\" src=\"https:\/\/www.hoymercedes.com.ar\/principal\/wp-content\/uploads\/2018\/04\/judiciales1-630x354.jpg\" alt=\"\" width=\"630\" height=\"354\" srcset=\"https:\/\/www.hoymercedes.com.ar\/principal\/wp-content\/uploads\/2018\/04\/judiciales1-630x354.jpg 630w, https:\/\/www.hoymercedes.com.ar\/principal\/wp-content\/uploads\/2018\/04\/judiciales1-150x84.jpg 150w, https:\/\/www.hoymercedes.com.ar\/principal\/wp-content\/uploads\/2018\/04\/judiciales1.jpg 640w\" sizes=\"auto, (max-width: 630px) 100vw, 630px\" \/><\/p>\n<p>&nbsp;<\/p>\n<p>El jueves por la ma\u00f1ana se realiz\u00f3 una asamblea de trabajadores judiciales, en el Palacio de Tribunales. El mismo cont\u00f3 con la presencia de Pablo Abramovich, secretario general de la AJB provincia.<\/p>\n<p>Tras realizarse la asamblea en el hall del palacio de Tribunales, la dirigencia gremial mantuvo un encuentro con la prensa, donde Abramovich resalt\u00f3 que \u201cfue un encuentro interesante, con mucha participaci\u00f3n de los trabajadores judiciales en una asamblea que viene creciendo, no solo en Mercedes, sino en toda la provincia a ra\u00edz de la preocupaci\u00f3n que tenemos de que avanza el a\u00f1o y no somos convocados a paritaria con un gobierno que asumi\u00f3 \u2013 por escrito \u2013 el compromiso de convocar a los judiciales antes del 15 de marzo\u201d y agreg\u00f3: \u201cpor eso venimos de un paro la semana pasada, que realizamos en conjunto con un mont\u00f3n de estatales y m\u00e1s de 50 mil en la movilizaci\u00f3n en La Plata. Hoy en la asamblea discutimos la continuidad de las medidas de fuerza, y se est\u00e1 proponiendo en la Departamental Mercedes \u2013 lo que se tiene que sintetizar con los mandatos de las dem\u00e1s Departamentales \u2013 una medida de fuerza la semana que viene con un paro el mi\u00e9rcoles y con una presencia en la Corte porque el jueves cambia la presidencia de la Corte y estamos reclamando que el nuevo presidente se siente con el sindicato a discutir un mont\u00f3n de reclamos y situaciones que, lamentablemente, con la presidencia anterior no hemos podido abordar\u201d.<\/p>\n<p>\u201cNos vamos muy satisfechos por la participaci\u00f3n y la riqueza del debate que tuvimos, con muchas intervenciones y debate\u201d, sostuvo.<\/p>\n<p>&nbsp;<\/p>\n<p>Consultado sobre el \u00e1nimo de los trabajadores en general, indic\u00f3 que \u201chay mucho cansancio en el conjunto de los estatales. Tenemos que dejar de hacer el trabajo que tenemos la responsabilidad de hacer, para tener que reclamar durante meses para por lo menos tener un salario que se equipare al a\u00f1o pasado. Eso produce desgaste. Tambi\u00e9n tenemos que resaltar que hay una convicci\u00f3n muy fuerte de que no vamos a aceptar una reducci\u00f3n de salario. Propuesta del 15% con una inflaci\u00f3n del 20 o m\u00e1s es una reducci\u00f3n de salario\u201d.<\/p>\n<p>, a\u00fan cuando se dan en un marco desfavorable\u201d, concluy\u00f3.<\/p>\n<p>&nbsp;<\/p>\n<p><strong>Por el paro<\/strong><\/p>\n<p>Seg\u00fan expres\u00f3 no saben de momento si recibir\u00e1n descuento por el paro efectuado la semana pasada. Sin embargo, desde la AJB vienen reclamando el descuento que recibieron las trabajadoras judiciales que efectuaron el paro el 8 de marzo, en el marco del paro internacional de mujeres.<\/p>\n<p>En tanto, el secretario general de la AJB Mercedes, Mariano Romano se\u00f1al\u00f3: \u201cDespu\u00e9s de la asamblea que tuvimos se decidi\u00f3 el paro para el d\u00eda mi\u00e9rcoles, con movilizaci\u00f3n a La Plata. El martes volveremos a hacer una asamblea con recorrida por las distintas oficinas en los edificios m\u00e1s importantes\u201d.<\/p>\n<p>Por otro lado, se indic\u00f3 que en asamblea hoy viernes, por la tarde, a nivel provincial se definir\u00eda la medida de fuerza para la semana que viene seg\u00fan el mandato de las 19 Departamentales de la provincia.<\/p>\n","protected":false},"excerpt":{"rendered":"<p>&nbsp; El jueves por la ma\u00f1ana se realiz\u00f3 una asamblea de trabajadores judiciales, en el Palacio de Tribunales. El mismo &#8230; <a title=\"\u201cLos compa\u00f1eros est\u00e1n decididos a dar esta pelea\u00bb\" class=\"read-more\" href=\"https:\/\/www.hoymercedes.com.ar\/principal\/2018\/04\/13\/los-companeros-estan-decididos-a-dar-esta-pelea\/\" aria-label=\"Leer m\u00e1s sobre \u201cLos compa\u00f1eros est\u00e1n decididos a dar esta pelea\u00bb\">Leer m\u00e1s<\/a><\/p>\n","protected":false},"author":1,"featured_media":74542,"comment_status":"closed","ping_status":"open","sticky":false,"template":"","format":"standard","meta":{"_monsterinsights_skip_tracking":false,"_monsterinsights_sitenote_active":false,"_monsterinsights_sitenote_note":"","_monsterinsights_sitenote_category":0,"jetpack_post_was_ever_published":false,"_jetpack_newsletter_access":"","_jetpack_dont_email_post_to_subs":false,"_jetpack_newsletter_tier_id":0,"_jetpack_memberships_contains_paywalled_content":false,"_jetpack_memberships_contains_paid_content":false,"footnotes":"","jetpack_publicize_message":"","jetpack_publicize_feature_enabled":true,"jetpack_social_post_already_shared":true,"jetpack_social_options":{"image_generator_settings":{"template":"highway","default_image_id":0,"font":"","enabled":false},"version":2},"_wpas_customize_per_network":false},"categories":[10563],"tags":[95,12911,11626,523,10],"class_list":["post-74541","post","type-post","status-publish","format-standard","has-post-thumbnail","hentry","category-gremios-sindicatos","tag-ajb","tag-asociacion-judicial-bonaerenses","tag-gremios-sindicatos","tag-judiciales","tag-mercedes","generate-columns","tablet-grid-50","mobile-grid-100","grid-parent","grid-50"],"jetpack_publicize_connections":[],"jetpack_featured_media_url":"https:\/\/www.hoymercedes.com.ar\/principal\/wp-content\/uploads\/2018\/04\/judiciales1.jpg","wps_subtitle":"Abramovich en Mercedes","jetpack_sharing_enabled":true,"_links":{"self":[{"href":"https:\/\/www.hoymercedes.com.ar\/principal\/wp-json\/wp\/v2\/posts\/74541","targetHints":{"allow":["GET"]}}],"collection":[{"href":"https:\/\/www.hoymercedes.com.ar\/principal\/wp-json\/wp\/v2\/posts"}],"about":[{"href":"https:\/\/www.hoymercedes.com.ar\/principal\/wp-json\/wp\/v2\/types\/post"}],"author":[{"embeddable":true,"href":"https:\/\/www.hoymercedes.com.ar\/principal\/wp-json\/wp\/v2\/users\/1"}],"replies":[{"embeddable":true,"href":"https:\/\/www.hoymercedes.com.ar\/principal\/wp-json\/wp\/v2\/comments?post=74541"}],"version-history":[{"count":0,"href":"https:\/\/www.hoymercedes.com.ar\/principal\/wp-json\/wp\/v2\/posts\/74541\/revisions"}],"wp:featuredmedia":[{"embeddable":true,"href":"https:\/\/www.hoymercedes.com.ar\/principal\/wp-json\/wp\/v2\/media\/74542"}],"wp:attachment":[{"href":"https:\/\/www.hoymercedes.com.ar\/principal\/wp-json\/wp\/v2\/media?parent=74541"}],"wp:term":[{"taxonomy":"category","embeddable":true,"href":"https:\/\/www.hoymercedes.com.ar\/principal\/wp-json\/wp\/v2\/categories?post=74541"},{"taxonomy":"post_tag","embeddable":true,"href":"https:\/\/www.hoymercedes.com.ar\/principal\/wp-json\/wp\/v2\/tags?post=74541"}],"curies":[{"name":"wp","href":"https:\/\/api.w.org\/{rel}","templated":true}]}}