{"id":74560,"date":"2018-04-13T17:53:28","date_gmt":"2018-04-13T20:53:28","guid":{"rendered":"http:\/\/www.hoymercedes.com.ar\/principal\/?p=74560"},"modified":"2018-04-13T17:08:00","modified_gmt":"2018-04-13T20:08:00","slug":"sos-habitat-propone-que-hacer-con-las-hojas-secas","status":"publish","type":"post","link":"https:\/\/www.hoymercedes.com.ar\/principal\/2018\/04\/13\/sos-habitat-propone-que-hacer-con-las-hojas-secas\/","title":{"rendered":"SOS H\u00e1bitat propone \u00bfqu\u00e9 hacer con las hojas secas?"},"content":{"rendered":"<p>A trav\u00e9s de una comunicaci\u00f3n enviada a los medios y publicadas en sus redes sociales, la Asociaci\u00f3n Civil S.O.S. H\u00e1bitat propone y pide que se \u201cevite quemar hojas secas\u201d. \u00bfPor qu\u00e9 no debemos quemar las hojas secas?, \u00bfQu\u00e9 debemos hacer con ellas? \u00bfQu\u00e9 es lo que causa? Se preguntan y afirman \u201cseamos conscientes del da\u00f1o que produce\u201d.<\/p>\n<p>\u201cLa quema de materia org\u00e1nica produce dioxinas y furanos. Estos compuestos qu\u00edmicos clorados que resultan a partir de procesos involuntarios de combusti\u00f3n, son peligrosos para la salud, en especial para los ni\u00f1os.<\/p>\n<p>No son solubles en agua, pero s\u00ed en aceites, lo que hace que se adhieran a tejidos grasos y se aumenten los riesgos de contraer enfermedades graves, trastornos hormonales y neurol\u00f3gicos, y debilitan el sistema inmunol\u00f3gico.<\/p>\n<p>Estas dioxinas integran un grupo de productos que se denominan \u201ccontaminantes org\u00e1nicos permanentes\u201d (COP). Estos son muy persistentes y no son f\u00e1cilmente degradables.<\/p>\n<p>Viajan a grandes distancias y se encuentran en todos lados; arrastrados por el aire o las corrientes marinas pueden cambiar de un ser vivo a otro y tambi\u00e9n cambiar de estado, de l\u00edquido a s\u00f3lido y gaseoso, lo que facilita su arrastre y dep\u00f3sito en alimentos.<\/p>\n<p>Adem\u00e1s, es bueno saber que\u2026<\/p>\n<ul>\n<li>Las hojas secas crean una protecci\u00f3n natural del c\u00e9sped, ante las heladas, reduciendo el traspaso de las bajas temperaturas al suelo y adem\u00e1s conservan su humedad.<\/li>\n<li>Una capa de 5 cent\u00edmetro que cubra el suelo y rodee los tallos de las plantas, frena el nacimiento de malezas y mejora las condiciones de cultivo.<\/li>\n<li>Podemos contribuir al ambientes agreg\u00e1ndolas al compost o secas y estrujadas pueden ser un liviano y \u00fatil mantillo.<\/li>\n<li>Es responsabilidad de todos terminar definitivamente con la quema de hojas secas y de cualquier otro resto de materia org\u00e1nica.<\/li>\n<\/ul>\n","protected":false},"excerpt":{"rendered":"<p>A trav\u00e9s de una comunicaci\u00f3n enviada a los medios y publicadas en sus redes sociales, la Asociaci\u00f3n Civil S.O.S. H\u00e1bitat &#8230; <a title=\"SOS H\u00e1bitat propone \u00bfqu\u00e9 hacer con las hojas secas?\" class=\"read-more\" href=\"https:\/\/www.hoymercedes.com.ar\/principal\/2018\/04\/13\/sos-habitat-propone-que-hacer-con-las-hojas-secas\/\" aria-label=\"Leer m\u00e1s sobre SOS H\u00e1bitat propone \u00bfqu\u00e9 hacer con las hojas secas?\">Leer m\u00e1s<\/a><\/p>\n","protected":false},"author":1,"featured_media":74561,"comment_status":"closed","ping_status":"open","sticky":false,"template":"","format":"standard","meta":{"_monsterinsights_skip_tracking":false,"_monsterinsights_sitenote_active":false,"_monsterinsights_sitenote_note":"","_monsterinsights_sitenote_category":0,"jetpack_post_was_ever_published":false,"_jetpack_newsletter_access":"","_jetpack_dont_email_post_to_subs":false,"_jetpack_newsletter_tier_id":0,"_jetpack_memberships_contains_paywalled_content":false,"_jetpack_memberships_contains_paid_content":false,"footnotes":"","jetpack_publicize_message":"","jetpack_publicize_feature_enabled":true,"jetpack_social_post_already_shared":true,"jetpack_social_options":{"image_generator_settings":{"template":"highway","default_image_id":0,"font":"","enabled":false},"version":2},"_wpas_customize_per_network":false},"categories":[8],"tags":[12448,43,10],"class_list":["post-74560","post","type-post","status-publish","format-standard","has-post-thumbnail","hentry","category-sociedad","tag-asociacion-civil-sos-habitat","tag-medio-ambiente","tag-mercedes","generate-columns","tablet-grid-50","mobile-grid-100","grid-parent","grid-50"],"jetpack_publicize_connections":[],"jetpack_featured_media_url":"https:\/\/www.hoymercedes.com.ar\/principal\/wp-content\/uploads\/2018\/04\/13-No-a-la-quema-de-hojas-1.png","wps_subtitle":"Para que no se quemen","jetpack_sharing_enabled":true,"_links":{"self":[{"href":"https:\/\/www.hoymercedes.com.ar\/principal\/wp-json\/wp\/v2\/posts\/74560","targetHints":{"allow":["GET"]}}],"collection":[{"href":"https:\/\/www.hoymercedes.com.ar\/principal\/wp-json\/wp\/v2\/posts"}],"about":[{"href":"https:\/\/www.hoymercedes.com.ar\/principal\/wp-json\/wp\/v2\/types\/post"}],"author":[{"embeddable":true,"href":"https:\/\/www.hoymercedes.com.ar\/principal\/wp-json\/wp\/v2\/users\/1"}],"replies":[{"embeddable":true,"href":"https:\/\/www.hoymercedes.com.ar\/principal\/wp-json\/wp\/v2\/comments?post=74560"}],"version-history":[{"count":0,"href":"https:\/\/www.hoymercedes.com.ar\/principal\/wp-json\/wp\/v2\/posts\/74560\/revisions"}],"wp:featuredmedia":[{"embeddable":true,"href":"https:\/\/www.hoymercedes.com.ar\/principal\/wp-json\/wp\/v2\/media\/74561"}],"wp:attachment":[{"href":"https:\/\/www.hoymercedes.com.ar\/principal\/wp-json\/wp\/v2\/media?parent=74560"}],"wp:term":[{"taxonomy":"category","embeddable":true,"href":"https:\/\/www.hoymercedes.com.ar\/principal\/wp-json\/wp\/v2\/categories?post=74560"},{"taxonomy":"post_tag","embeddable":true,"href":"https:\/\/www.hoymercedes.com.ar\/principal\/wp-json\/wp\/v2\/tags?post=74560"}],"curies":[{"name":"wp","href":"https:\/\/api.w.org\/{rel}","templated":true}]}}