{"id":74583,"date":"2018-04-14T20:14:37","date_gmt":"2018-04-14T23:14:37","guid":{"rendered":"http:\/\/www.hoymercedes.com.ar\/principal\/?p=74583"},"modified":"2018-04-14T20:14:37","modified_gmt":"2018-04-14T23:14:37","slug":"delegacion-gowland-da-rapida-intervencion-y-resuelve-robo","status":"publish","type":"post","link":"https:\/\/www.hoymercedes.com.ar\/principal\/2018\/04\/14\/delegacion-gowland-da-rapida-intervencion-y-resuelve-robo\/","title":{"rendered":"Delegaci\u00f3n Gowland da r\u00e1pida intervenci\u00f3n y resuelve robo"},"content":{"rendered":"<figure id=\"attachment_74584\" aria-describedby=\"caption-attachment-74584\" style=\"width: 620px\" class=\"wp-caption aligncenter\"><img loading=\"lazy\" decoding=\"async\" data-attachment-id=\"74584\" data-permalink=\"https:\/\/www.hoymercedes.com.ar\/principal\/2018\/04\/14\/delegacion-gowland-da-rapida-intervencion-y-resuelve-robo\/gowland-detencion\/#main\" data-orig-file=\"https:\/\/www.hoymercedes.com.ar\/principal\/wp-content\/uploads\/2018\/04\/gowland-detencion.jpg\" data-orig-size=\"1280,720\" data-comments-opened=\"0\" data-image-meta=\"{&quot;aperture&quot;:&quot;0&quot;,&quot;credit&quot;:&quot;&quot;,&quot;camera&quot;:&quot;&quot;,&quot;caption&quot;:&quot;&quot;,&quot;created_timestamp&quot;:&quot;0&quot;,&quot;copyright&quot;:&quot;&quot;,&quot;focal_length&quot;:&quot;0&quot;,&quot;iso&quot;:&quot;0&quot;,&quot;shutter_speed&quot;:&quot;0&quot;,&quot;title&quot;:&quot;&quot;,&quot;orientation&quot;:&quot;0&quot;}\" data-image-title=\"gowland-detencion\" data-image-description=\"\" data-image-caption=\"&lt;p&gt;Elementos secuestrados&lt;\/p&gt;\n\" data-large-file=\"https:\/\/www.hoymercedes.com.ar\/principal\/wp-content\/uploads\/2018\/04\/gowland-detencion-1024x576.jpg\" class=\"size-medium wp-image-74584\" src=\"https:\/\/www.hoymercedes.com.ar\/principal\/wp-content\/uploads\/2018\/04\/gowland-detencion-630x354.jpg\" alt=\"\" width=\"630\" height=\"354\" srcset=\"https:\/\/www.hoymercedes.com.ar\/principal\/wp-content\/uploads\/2018\/04\/gowland-detencion-630x354.jpg 630w, https:\/\/www.hoymercedes.com.ar\/principal\/wp-content\/uploads\/2018\/04\/gowland-detencion-150x84.jpg 150w, https:\/\/www.hoymercedes.com.ar\/principal\/wp-content\/uploads\/2018\/04\/gowland-detencion-1024x576.jpg 1024w, https:\/\/www.hoymercedes.com.ar\/principal\/wp-content\/uploads\/2018\/04\/gowland-detencion.jpg 1280w\" sizes=\"auto, (max-width: 630px) 100vw, 630px\" \/><figcaption id=\"caption-attachment-74584\" class=\"wp-caption-text\">Elementos secuestrados<\/figcaption><\/figure>\n<p>La reforma efectuada en la Delegaci\u00f3n de la Polic\u00eda Local de Gowland sigue dando resultados para los vecinos y en esta ocasi\u00f3n con una nueva detenci\u00f3n por \u00abrobo en banda\u00bb y \u00abdoblemente agravado\u00bb con uso de arma de fuego. Los agentes que se encontraban patrullando detectaron un hecho sospechoso, intervinieron y lograron desbaratar el robo.<\/p>\n<p>Los detenidos son uno mayor de edad y tres menores, por eso intervinieron tras la acci\u00f3n policial la justicia de mayores y menores.<\/p>\n<p>Alrededor de las 04.30hs intervino la cuadrilla que estaba recorriendo la localidad. En calles 523 entre 502 y 504 se detecta y tras alerta personal del Gabinete T\u00e9cnico Operativo procede a identificar a los 4 masculinos, siendo uno de ellos, menor, quien desde su cintura saca un objeto esgrimi\u00e9ndolo contra los uniformados, pero siendo tambi\u00e9n finalmente reducido y constatando que se trataba de un arma 9mm lista para su uso, con municiones y cargador.<\/p>\n<p>Tras la revisi\u00f3n de los objetos que portaban se detecta que ten\u00edan varios elementos que eran propiedad del vecino Luis Lucero, quien observ\u00f3 eran parte de su motor home.<\/p>\n<p>Riles, arma blanca radio, bolseros, entre los elementos recuperados.<\/p>\n<p>El Jefe de la Polic\u00eda Comunal, Sergio Macedo, felicit\u00f3 a los miembros de la fuerza por \u00abr\u00e1pidamente llevar tranquilidad a los vecinos\u00bb y \u00abactuar con decisi\u00f3n y firmeza\u00bb ante un il\u00edcito, agradeciendo el constante apoyo de la justicia local.<\/p>\n","protected":false},"excerpt":{"rendered":"<p>La reforma efectuada en la Delegaci\u00f3n de la Polic\u00eda Local de Gowland sigue dando resultados para los vecinos y en &#8230; <a title=\"Delegaci\u00f3n Gowland da r\u00e1pida intervenci\u00f3n y resuelve robo\" class=\"read-more\" href=\"https:\/\/www.hoymercedes.com.ar\/principal\/2018\/04\/14\/delegacion-gowland-da-rapida-intervencion-y-resuelve-robo\/\" aria-label=\"Leer m\u00e1s sobre Delegaci\u00f3n Gowland da r\u00e1pida intervenci\u00f3n y resuelve robo\">Leer m\u00e1s<\/a><\/p>\n","protected":false},"author":1,"featured_media":74584,"comment_status":"closed","ping_status":"open","sticky":false,"template":"","format":"standard","meta":{"_monsterinsights_skip_tracking":false,"_monsterinsights_sitenote_active":false,"_monsterinsights_sitenote_note":"","_monsterinsights_sitenote_category":0,"jetpack_post_was_ever_published":false,"_jetpack_newsletter_access":"","_jetpack_dont_email_post_to_subs":false,"_jetpack_newsletter_tier_id":0,"_jetpack_memberships_contains_paywalled_content":false,"_jetpack_memberships_contains_paid_content":false,"footnotes":"","jetpack_publicize_message":"","jetpack_publicize_feature_enabled":true,"jetpack_social_post_already_shared":true,"jetpack_social_options":{"image_generator_settings":{"template":"highway","default_image_id":0,"font":"","enabled":false},"version":2},"_wpas_customize_per_network":false},"categories":[85],"tags":[12917,3653,5766],"class_list":["post-74583","post","type-post","status-publish","format-standard","has-post-thumbnail","hentry","category-policial","tag-delegacion-policia-gowland","tag-detencion-policial","tag-policia-comunal","generate-columns","tablet-grid-50","mobile-grid-100","grid-parent","grid-50"],"jetpack_publicize_connections":[],"jetpack_featured_media_url":"https:\/\/www.hoymercedes.com.ar\/principal\/wp-content\/uploads\/2018\/04\/gowland-detencion.jpg","wps_subtitle":"Fueron detenidos ","jetpack_sharing_enabled":true,"_links":{"self":[{"href":"https:\/\/www.hoymercedes.com.ar\/principal\/wp-json\/wp\/v2\/posts\/74583","targetHints":{"allow":["GET"]}}],"collection":[{"href":"https:\/\/www.hoymercedes.com.ar\/principal\/wp-json\/wp\/v2\/posts"}],"about":[{"href":"https:\/\/www.hoymercedes.com.ar\/principal\/wp-json\/wp\/v2\/types\/post"}],"author":[{"embeddable":true,"href":"https:\/\/www.hoymercedes.com.ar\/principal\/wp-json\/wp\/v2\/users\/1"}],"replies":[{"embeddable":true,"href":"https:\/\/www.hoymercedes.com.ar\/principal\/wp-json\/wp\/v2\/comments?post=74583"}],"version-history":[{"count":0,"href":"https:\/\/www.hoymercedes.com.ar\/principal\/wp-json\/wp\/v2\/posts\/74583\/revisions"}],"wp:featuredmedia":[{"embeddable":true,"href":"https:\/\/www.hoymercedes.com.ar\/principal\/wp-json\/wp\/v2\/media\/74584"}],"wp:attachment":[{"href":"https:\/\/www.hoymercedes.com.ar\/principal\/wp-json\/wp\/v2\/media?parent=74583"}],"wp:term":[{"taxonomy":"category","embeddable":true,"href":"https:\/\/www.hoymercedes.com.ar\/principal\/wp-json\/wp\/v2\/categories?post=74583"},{"taxonomy":"post_tag","embeddable":true,"href":"https:\/\/www.hoymercedes.com.ar\/principal\/wp-json\/wp\/v2\/tags?post=74583"}],"curies":[{"name":"wp","href":"https:\/\/api.w.org\/{rel}","templated":true}]}}