{"id":74587,"date":"2018-04-15T09:15:15","date_gmt":"2018-04-15T12:15:15","guid":{"rendered":"http:\/\/www.hoymercedes.com.ar\/principal\/?p=74587"},"modified":"2018-04-14T21:47:25","modified_gmt":"2018-04-15T00:47:25","slug":"74587","status":"publish","type":"post","link":"https:\/\/www.hoymercedes.com.ar\/principal\/2018\/04\/15\/74587\/","title":{"rendered":"Se entregaron los premios del Carnaval 2018"},"content":{"rendered":"<figure id=\"attachment_74588\" aria-describedby=\"caption-attachment-74588\" style=\"width: 620px\" class=\"wp-caption aligncenter\"><img loading=\"lazy\" decoding=\"async\" data-attachment-id=\"74588\" data-permalink=\"https:\/\/www.hoymercedes.com.ar\/principal\/2018\/04\/15\/74587\/premioscorsos-2018-1\/#main\" data-orig-file=\"https:\/\/www.hoymercedes.com.ar\/principal\/wp-content\/uploads\/2018\/04\/premioscorsos-2018-1.jpg\" data-orig-size=\"730,411\" data-comments-opened=\"0\" data-image-meta=\"{&quot;aperture&quot;:&quot;0&quot;,&quot;credit&quot;:&quot;&quot;,&quot;camera&quot;:&quot;&quot;,&quot;caption&quot;:&quot;&quot;,&quot;created_timestamp&quot;:&quot;0&quot;,&quot;copyright&quot;:&quot;&quot;,&quot;focal_length&quot;:&quot;0&quot;,&quot;iso&quot;:&quot;0&quot;,&quot;shutter_speed&quot;:&quot;0&quot;,&quot;title&quot;:&quot;&quot;,&quot;orientation&quot;:&quot;0&quot;}\" data-image-title=\"premioscorsos-2018 (1)\" data-image-description=\"\" data-image-caption=\"&lt;p&gt;Ganadores 2018&lt;\/p&gt;\n\" data-large-file=\"https:\/\/www.hoymercedes.com.ar\/principal\/wp-content\/uploads\/2018\/04\/premioscorsos-2018-1.jpg\" class=\"size-medium wp-image-74588\" src=\"https:\/\/www.hoymercedes.com.ar\/principal\/wp-content\/uploads\/2018\/04\/premioscorsos-2018-1-630x355.jpg\" alt=\"\" width=\"630\" height=\"355\" srcset=\"https:\/\/www.hoymercedes.com.ar\/principal\/wp-content\/uploads\/2018\/04\/premioscorsos-2018-1-630x355.jpg 630w, https:\/\/www.hoymercedes.com.ar\/principal\/wp-content\/uploads\/2018\/04\/premioscorsos-2018-1-150x84.jpg 150w, https:\/\/www.hoymercedes.com.ar\/principal\/wp-content\/uploads\/2018\/04\/premioscorsos-2018-1.jpg 730w\" sizes=\"auto, (max-width: 630px) 100vw, 630px\" \/><figcaption id=\"caption-attachment-74588\" class=\"wp-caption-text\">Ganadores 2018<\/figcaption><\/figure>\n<p style=\"font-weight: 400;\">Los artistas participantes de los corsos mercedinos ya cuentan con sus premios correspondientes a la \u00faltima edici\u00f3n. En un marco de respeto, alegr\u00eda y cordialidad se reconoci\u00f3 el trabajo de todos los participantes. Estuvieron presentes el intendente Dr. Juan I. Ustarroz y la Directora de Cultura, Luc\u00eda Capaccio.<\/p>\n<p style=\"font-weight: 400;\">El viernes por la tarde se entregaron los premios correspondientes a los Carnavales 2018 de nuestra ciudad. All\u00ed, el Intendente Ustarroz comparti\u00f3 un momento de satisfacci\u00f3n junto a los participantes que se acercaron a recibir el logro obtenido luego del trabajo realizado durante largos meses con vistas a las cuatro noches de corsos sobre la avenida 29.<\/p>\n<p style=\"font-weight: 400;\">\u201cQuiero felicitar a todos los participantes por haber trabajado tanto para enaltecer este evento que sigue creciendo gracias al apoyo que entre todos nos brindamos\u201d, resalt\u00f3 Ustarroz.<\/p>\n<figure id=\"attachment_74589\" aria-describedby=\"caption-attachment-74589\" style=\"width: 620px\" class=\"wp-caption aligncenter\"><img loading=\"lazy\" decoding=\"async\" data-attachment-id=\"74589\" data-permalink=\"https:\/\/www.hoymercedes.com.ar\/principal\/2018\/04\/15\/74587\/premioscorsos-2018-2\/#main\" data-orig-file=\"https:\/\/www.hoymercedes.com.ar\/principal\/wp-content\/uploads\/2018\/04\/premioscorsos-2018-2.jpg\" data-orig-size=\"730,411\" data-comments-opened=\"0\" data-image-meta=\"{&quot;aperture&quot;:&quot;1.9&quot;,&quot;credit&quot;:&quot;&quot;,&quot;camera&quot;:&quot;SM-A510F&quot;,&quot;caption&quot;:&quot;&quot;,&quot;created_timestamp&quot;:&quot;1523646587&quot;,&quot;copyright&quot;:&quot;&quot;,&quot;focal_length&quot;:&quot;3.7&quot;,&quot;iso&quot;:&quot;80&quot;,&quot;shutter_speed&quot;:&quot;0.076923076923077&quot;,&quot;title&quot;:&quot;&quot;,&quot;orientation&quot;:&quot;0&quot;}\" data-image-title=\"premioscorsos-2018 (2)\" data-image-description=\"\" data-image-caption=\"\" data-large-file=\"https:\/\/www.hoymercedes.com.ar\/principal\/wp-content\/uploads\/2018\/04\/premioscorsos-2018-2.jpg\" class=\"wp-image-74589 size-medium\" src=\"https:\/\/www.hoymercedes.com.ar\/principal\/wp-content\/uploads\/2018\/04\/premioscorsos-2018-2-630x355.jpg\" alt=\"\" width=\"630\" height=\"355\" srcset=\"https:\/\/www.hoymercedes.com.ar\/principal\/wp-content\/uploads\/2018\/04\/premioscorsos-2018-2-630x355.jpg 630w, https:\/\/www.hoymercedes.com.ar\/principal\/wp-content\/uploads\/2018\/04\/premioscorsos-2018-2-150x84.jpg 150w, https:\/\/www.hoymercedes.com.ar\/principal\/wp-content\/uploads\/2018\/04\/premioscorsos-2018-2.jpg 730w\" sizes=\"auto, (max-width: 630px) 100vw, 630px\" \/><figcaption id=\"caption-attachment-74589\" class=\"wp-caption-text\">Encuentro en el Museo del Arte<\/figcaption><\/figure>\n<p style=\"font-weight: 400;\">Por su parte, la Directora de Cultura, Luc\u00eda Capaccio, destac\u00f3 el esfuerzo que realiz\u00f3 la municipalidad de Mercedes teniendo en cuenta la merma en los fondos que provienen de las esferas provinciales y as\u00ed remarc\u00f3 el aporte de la comuna hacia los artistas que en gran n\u00famero se acercaron al Museo de Arte de la Municipalidad de Mercedes donde finalmente se desarroll\u00f3 el acto.<\/p>\n<p style=\"font-weight: 400;\">Los galardones fueron entregados a los distintos rubros que integraron el cronograma de pasadas, donde resultaron premiados \u201cLesionados por el corcho\u201d, \u201cArum Bamba\u201d\u00a0(San Andres de Giles) y \u201cManos de \u00e1ngeles\u201d en Comparsas. Luego, las murgas \u201cMurga de la Rivera\u201d, \u201cInundados de promesas\u201d, \u201cRetumbando emociones (Luj\u00e1n), \u201cEl repique de Lasa (Lujan), \u201cLos esclavos del ritmo\u201d e \u201cIlusi\u00f3n Murguera\u201d. Por otro lado, \u201cLa San Francisco Samba Show\u201d fue la bazucada que se destac\u00f3 con el premio en su rubro.<\/p>\n<p style=\"font-weight: 400;\">Quienes tambi\u00e9n obtuvieron su distinci\u00f3n monetaria fueron las carrozas, entre ellas \u201cEl barco de los cachimberos\u201d de Jorge Blanco, \u201cConciencia\u201d, de Dar\u00edo Bessonart (Areco), \u201cMemento Mori\u201d de Gabriela Lorusso y \u201cPor amor al arte\u201d, confeccionada por Mariana Ambrosio.<\/p>\n<figure id=\"attachment_74590\" aria-describedby=\"caption-attachment-74590\" style=\"width: 620px\" class=\"wp-caption aligncenter\"><img loading=\"lazy\" decoding=\"async\" data-attachment-id=\"74590\" data-permalink=\"https:\/\/www.hoymercedes.com.ar\/principal\/2018\/04\/15\/74587\/premioscorsos-2018-3\/#main\" data-orig-file=\"https:\/\/www.hoymercedes.com.ar\/principal\/wp-content\/uploads\/2018\/04\/premioscorsos-2018-3.jpg\" data-orig-size=\"730,411\" data-comments-opened=\"0\" data-image-meta=\"{&quot;aperture&quot;:&quot;1.9&quot;,&quot;credit&quot;:&quot;&quot;,&quot;camera&quot;:&quot;SM-A510F&quot;,&quot;caption&quot;:&quot;&quot;,&quot;created_timestamp&quot;:&quot;1523646577&quot;,&quot;copyright&quot;:&quot;&quot;,&quot;focal_length&quot;:&quot;3.7&quot;,&quot;iso&quot;:&quot;80&quot;,&quot;shutter_speed&quot;:&quot;0.1&quot;,&quot;title&quot;:&quot;&quot;,&quot;orientation&quot;:&quot;0&quot;}\" data-image-title=\"premioscorsos-2018 (3)\" data-image-description=\"\" data-image-caption=\"&lt;p&gt;Di\u00e1logo e intercambio de opiniones&lt;\/p&gt;\n\" data-large-file=\"https:\/\/www.hoymercedes.com.ar\/principal\/wp-content\/uploads\/2018\/04\/premioscorsos-2018-3.jpg\" class=\"size-medium wp-image-74590\" src=\"https:\/\/www.hoymercedes.com.ar\/principal\/wp-content\/uploads\/2018\/04\/premioscorsos-2018-3-630x355.jpg\" alt=\"\" width=\"630\" height=\"355\" srcset=\"https:\/\/www.hoymercedes.com.ar\/principal\/wp-content\/uploads\/2018\/04\/premioscorsos-2018-3-630x355.jpg 630w, https:\/\/www.hoymercedes.com.ar\/principal\/wp-content\/uploads\/2018\/04\/premioscorsos-2018-3-150x84.jpg 150w, https:\/\/www.hoymercedes.com.ar\/principal\/wp-content\/uploads\/2018\/04\/premioscorsos-2018-3.jpg 730w\" sizes=\"auto, (max-width: 630px) 100vw, 630px\" \/><figcaption id=\"caption-attachment-74590\" class=\"wp-caption-text\">Di\u00e1logo e intercambio de opiniones<\/figcaption><\/figure>\n<p style=\"font-weight: 400;\">Adem\u00e1s, la reuni\u00f3n culmin\u00f3 con la entrega de sus correspondientes premios a \u201cTeatro Carnavalero\u201d, la producci\u00f3n realizada por Magadelan Uncal en el rubro Teatro Callejero, tambi\u00e9n ganadora el Premio Abelito y por \u00faltimo las M\u00e1scaras sueltas.<\/p>\n<p style=\"font-weight: 400;\">Con el compromiso asumido para el pr\u00f3ximo a\u00f1o por parte de las autoridades municipales y los mismos artistas, la jornada se cerro con un aplauso pronunciado y la foto grupal que coron\u00f3 un momento de felicidad para quienes hicieron de esta edici\u00f3n 2018 del Carnaval Mercedino un evento con gran futuro en nuestra ciudad.<\/p>\n<p>&nbsp;<\/p>\n<p>Fuente: Municipio<\/p>\n","protected":false},"excerpt":{"rendered":"<p>Los artistas participantes de los corsos mercedinos ya cuentan con sus premios correspondientes a la \u00faltima edici\u00f3n. En un marco &#8230; <a title=\"Se entregaron los premios del Carnaval 2018\" class=\"read-more\" href=\"https:\/\/www.hoymercedes.com.ar\/principal\/2018\/04\/15\/74587\/\" aria-label=\"Leer m\u00e1s sobre Se entregaron los premios del Carnaval 2018\">Leer m\u00e1s<\/a><\/p>\n","protected":false},"author":1,"featured_media":74588,"comment_status":"closed","ping_status":"open","sticky":false,"template":"","format":"standard","meta":{"_monsterinsights_skip_tracking":false,"_monsterinsights_sitenote_active":false,"_monsterinsights_sitenote_note":"","_monsterinsights_sitenote_category":0,"jetpack_post_was_ever_published":false,"_jetpack_newsletter_access":"","_jetpack_dont_email_post_to_subs":false,"_jetpack_newsletter_tier_id":0,"_jetpack_memberships_contains_paywalled_content":false,"_jetpack_memberships_contains_paid_content":false,"footnotes":"","jetpack_publicize_message":"","jetpack_publicize_feature_enabled":true,"jetpack_social_post_already_shared":true,"jetpack_social_options":{"image_generator_settings":{"template":"highway","default_image_id":0,"font":"","enabled":false},"version":2},"_wpas_customize_per_network":false},"categories":[104],"tags":[585,8589,12918],"class_list":["post-74587","post","type-post","status-publish","format-standard","has-post-thumbnail","hentry","category-cultura","tag-juan-ustarroz","tag-lucia-capaccio","tag-premios-corsos-2018","generate-columns","tablet-grid-50","mobile-grid-100","grid-parent","grid-50"],"jetpack_publicize_connections":[],"jetpack_featured_media_url":"https:\/\/www.hoymercedes.com.ar\/principal\/wp-content\/uploads\/2018\/04\/premioscorsos-2018-1.jpg","wps_subtitle":"Cultura y sociedad","jetpack_sharing_enabled":true,"_links":{"self":[{"href":"https:\/\/www.hoymercedes.com.ar\/principal\/wp-json\/wp\/v2\/posts\/74587","targetHints":{"allow":["GET"]}}],"collection":[{"href":"https:\/\/www.hoymercedes.com.ar\/principal\/wp-json\/wp\/v2\/posts"}],"about":[{"href":"https:\/\/www.hoymercedes.com.ar\/principal\/wp-json\/wp\/v2\/types\/post"}],"author":[{"embeddable":true,"href":"https:\/\/www.hoymercedes.com.ar\/principal\/wp-json\/wp\/v2\/users\/1"}],"replies":[{"embeddable":true,"href":"https:\/\/www.hoymercedes.com.ar\/principal\/wp-json\/wp\/v2\/comments?post=74587"}],"version-history":[{"count":0,"href":"https:\/\/www.hoymercedes.com.ar\/principal\/wp-json\/wp\/v2\/posts\/74587\/revisions"}],"wp:featuredmedia":[{"embeddable":true,"href":"https:\/\/www.hoymercedes.com.ar\/principal\/wp-json\/wp\/v2\/media\/74588"}],"wp:attachment":[{"href":"https:\/\/www.hoymercedes.com.ar\/principal\/wp-json\/wp\/v2\/media?parent=74587"}],"wp:term":[{"taxonomy":"category","embeddable":true,"href":"https:\/\/www.hoymercedes.com.ar\/principal\/wp-json\/wp\/v2\/categories?post=74587"},{"taxonomy":"post_tag","embeddable":true,"href":"https:\/\/www.hoymercedes.com.ar\/principal\/wp-json\/wp\/v2\/tags?post=74587"}],"curies":[{"name":"wp","href":"https:\/\/api.w.org\/{rel}","templated":true}]}}