{"id":7461,"date":"2011-09-21T11:34:26","date_gmt":"2011-09-21T11:34:26","guid":{"rendered":"http:\/\/www.hoymercedes.com.ar\/principal\/?p=7461"},"modified":"2011-09-21T11:34:26","modified_gmt":"2011-09-21T11:34:26","slug":"la-comision-de-legislacion-del-hcd-por-unanimidad-recomienda-un-pedido-de-informes","status":"publish","type":"post","link":"https:\/\/www.hoymercedes.com.ar\/principal\/2011\/09\/21\/la-comision-de-legislacion-del-hcd-por-unanimidad-recomienda-un-pedido-de-informes\/","title":{"rendered":"La comisi\u00f3n de Legislaci\u00f3n del HCD por unanimidad recomienda un pedido de informes"},"content":{"rendered":"<p>Tras el dictamen producido ayer, ahora el lunes del Cuerpo reunido de manera plenaria deber\u00e1 disponer que dicho pedido de informes se haga realmente efectivo. El pedio recae sobre la situaci\u00f3n de la Sociedad de Fomento del Barrio obrero y el predio que el municipio le cedi\u00f3 en comodato.<\/p>\n<p>Los integrantes de la Comisi\u00f3n de Legislaci\u00f3n del Honrable Concejo Deliberante aprobaron ayer por unanimidad el dictamen favorable para que el cuerpo reunido en sesi\u00f3n plenaria el lunes pr\u00f3ximo proceda a solicitar oficialmente un pedio de informes al Departamento Ejecutivo relacionado con la situaci\u00f3n actual de la Sociedad de Fomento del Barrio Obrero, que como se ha demostrado ocupa un predio perteneciente a la Comuna en el cual el Ministerio de Justicia de la Naci\u00f3n durante un acto realizado como se recordar\u00e1 hace algunos d\u00edas en nuestra ciudad, concretamente en la sede del inmueble indicado en calle 16 y 103 firm\u00f3 un convenio-comodato para instalar en el lugar un Centro de Acceso a la Justicia en el que de manera gratuita se llevar\u00e1n a cabo diversos tr\u00e1mites judiciales sin dar a conocer de manera oficial a las autoridades comunales que se comenzar\u00eda a utilizar el mismo, trat\u00e1ndose justamente de un bien perteneciente al patrimonio municipal.<\/p>\n<p>Como se recordar\u00e1 el tema hab\u00eda tomado Stad publico luego de la realizaci\u00f3n del acto mencionado que contara entre otros con la presencia del Ministro de Justicia de la Naci\u00f3n Julio Alak quien en todo momento resalt\u00f3 la figura del candidato a Intendente por el Frente Mercedino para la Victoria, Dr. Juan Ignacio Ustarroz como el art\u00edfice del desembarco del Ministerio con dicho centro en nuestra ciudad.<\/p>\n<p>A partir de ese momento comenzaron los reclamos de los Concejales, especialmente los de los diferentes bloques opositores quienes solicitaron el urgente envi\u00f3 de parte del Concejo de un pedido de informes al ejecutivo para que el mismo aclare la situaci\u00f3n al tiempo que comenzaban las averiguaciones relacionadas con la propiedad de la construcci\u00f3n utilizada entendiendo que se trataba de un bien municipal que hab\u00eda sido cedido en comodato a la Sociedad de Fomento del Bario Obrero para que pueda efectuar las tareas inherentes a su rol, pero nadie hab\u00eda autorizado el funcionamiento de un organismo dependiente en forma directa del Ministerio de Justicia de la Naci\u00f3n considerando el hecho como algo totalmente arbitrario y un verdadero atropello hacia las instituciones por la falta de respeto hacia las mismas que se hab\u00eda producido.<\/p>\n<p>Confirmado a trav\u00e9s de una comunicaci\u00f3n llegada desde ARBA de que el lugar es propiedad del municipio, ahora el Concejo Deliberante pretende en primer t\u00e9rmino que desde el Departamento Ejecutivo se informe en que estado se encuentra el comodato oportunamente firmado entre los integrantes de la Sociedad de Fomento y el Municipio, es decir ha dado el punta pi\u00e9 inicial a lo que deber\u00eda ser un reclamo desde la Municipalidad de Mercedes hacia el Ministerio de Justicia por el uso indebido, o al menos no informado del lugar.<\/p>\n<p>Este proyecto finalmente analizado ayer en horas de la tarde por los integrantes de la Comisi\u00f3n de Legislaci\u00f3n fue votado por unanimidad de los ediles que concurrieron a la reuni\u00f3n que comenz\u00f3 a realizarse a partir de las 16.00 que se extendi\u00f3 por espacio de algo menos de una hora.<\/p>\n<p>Por otra parte el Concejo tambi\u00e9n pretende conocer bajo que condiciones se firm\u00f3 el comodato en principio vigente entre el Municipio y la Sociedad de Fomento del Barrio Obrero y al mismo tiempo se requiere la informaci\u00f3n acerca si la persona y\/o personas que ahora firmaron con el ex intendente de La Plata Julio Alak el nuevo comodato, algo que en principio ser\u00eda ilegal ya que no se puede hacer un sub comodato de acuerdo a las leyes vigentes.<\/p>\n<p>Queda en claro entonces que debido al accionar del los concejales ahora ser\u00e1 el Departamento Ejecutivo el que decididamente debe tomar cartas en el asunto buscando que el tema se aclare y se pueda llegar a una soluci\u00f3n en torno de un caso que en principio podr\u00eda ser contemplado como un total desconocimiento y desprecio de las autoridades municipales por parte de dirigentes del FMPV y de las autoridades nacionales del Ministerio de Justicia aunque esto ser\u00e1 justamente motivo de intervenci\u00f3n de los diferentes organismos y mecanismos de la Justicia.<\/p>\n","protected":false},"excerpt":{"rendered":"<p>Tras el dictamen producido ayer, ahora el lunes del Cuerpo reunido de manera plenaria deber\u00e1 disponer que dicho pedido de &#8230; <a title=\"La comisi\u00f3n de Legislaci\u00f3n del HCD por unanimidad recomienda un pedido de informes\" class=\"read-more\" href=\"https:\/\/www.hoymercedes.com.ar\/principal\/2011\/09\/21\/la-comision-de-legislacion-del-hcd-por-unanimidad-recomienda-un-pedido-de-informes\/\" aria-label=\"Leer m\u00e1s sobre La comisi\u00f3n de Legislaci\u00f3n del HCD por unanimidad recomienda un pedido de informes\">Leer m\u00e1s<\/a><\/p>\n","protected":false},"author":1,"featured_media":0,"comment_status":"open","ping_status":"open","sticky":false,"template":"","format":"standard","meta":{"_monsterinsights_skip_tracking":false,"_monsterinsights_sitenote_active":false,"_monsterinsights_sitenote_note":"","_monsterinsights_sitenote_category":0,"jetpack_post_was_ever_published":false,"_jetpack_newsletter_access":"","_jetpack_dont_email_post_to_subs":false,"_jetpack_newsletter_tier_id":0,"_jetpack_memberships_contains_paywalled_content":false,"_jetpack_memberships_contains_paid_content":false,"footnotes":"","jetpack_publicize_message":"","jetpack_publicize_feature_enabled":true,"jetpack_social_post_already_shared":false,"jetpack_social_options":{"image_generator_settings":{"template":"highway","default_image_id":0,"font":"","enabled":false},"version":2},"_wpas_customize_per_network":false},"categories":[5],"tags":[45,1316],"class_list":["post-7461","post","type-post","status-publish","format-standard","hentry","category-politica","tag-concejo-deliberante-mercedes","tag-consejo-deliberante-mercedes","generate-columns","tablet-grid-50","mobile-grid-100","grid-parent","grid-50"],"jetpack_publicize_connections":[],"jetpack_featured_media_url":"","wps_subtitle":"","jetpack_sharing_enabled":true,"_links":{"self":[{"href":"https:\/\/www.hoymercedes.com.ar\/principal\/wp-json\/wp\/v2\/posts\/7461","targetHints":{"allow":["GET"]}}],"collection":[{"href":"https:\/\/www.hoymercedes.com.ar\/principal\/wp-json\/wp\/v2\/posts"}],"about":[{"href":"https:\/\/www.hoymercedes.com.ar\/principal\/wp-json\/wp\/v2\/types\/post"}],"author":[{"embeddable":true,"href":"https:\/\/www.hoymercedes.com.ar\/principal\/wp-json\/wp\/v2\/users\/1"}],"replies":[{"embeddable":true,"href":"https:\/\/www.hoymercedes.com.ar\/principal\/wp-json\/wp\/v2\/comments?post=7461"}],"version-history":[{"count":0,"href":"https:\/\/www.hoymercedes.com.ar\/principal\/wp-json\/wp\/v2\/posts\/7461\/revisions"}],"wp:attachment":[{"href":"https:\/\/www.hoymercedes.com.ar\/principal\/wp-json\/wp\/v2\/media?parent=7461"}],"wp:term":[{"taxonomy":"category","embeddable":true,"href":"https:\/\/www.hoymercedes.com.ar\/principal\/wp-json\/wp\/v2\/categories?post=7461"},{"taxonomy":"post_tag","embeddable":true,"href":"https:\/\/www.hoymercedes.com.ar\/principal\/wp-json\/wp\/v2\/tags?post=7461"}],"curies":[{"name":"wp","href":"https:\/\/api.w.org\/{rel}","templated":true}]}}