{"id":74644,"date":"2018-04-16T08:30:00","date_gmt":"2018-04-16T11:30:00","guid":{"rendered":"http:\/\/www.hoymercedes.com.ar\/principal\/?p=74644"},"modified":"2018-04-16T09:17:20","modified_gmt":"2018-04-16T12:17:20","slug":"multitudinaria-fiesta-de-la-torta-frita-con-mas-de-20-mil-personas-en-el-parque-municipal","status":"publish","type":"post","link":"https:\/\/www.hoymercedes.com.ar\/principal\/2018\/04\/16\/multitudinaria-fiesta-de-la-torta-frita-con-mas-de-20-mil-personas-en-el-parque-municipal\/","title":{"rendered":"Multitudinaria Fiesta de la Torta Frita con m\u00e1s de 20 mil personas en el Parque Municipal"},"content":{"rendered":"<figure id=\"attachment_74645\" aria-describedby=\"caption-attachment-74645\" style=\"width: 620px\" class=\"wp-caption aligncenter\"><img loading=\"lazy\" decoding=\"async\" data-attachment-id=\"74645\" data-permalink=\"https:\/\/www.hoymercedes.com.ar\/principal\/2018\/04\/16\/multitudinaria-fiesta-de-la-torta-frita-con-mas-de-20-mil-personas-en-el-parque-municipal\/tortafrita-2018sja_5829\/#main\" data-orig-file=\"https:\/\/www.hoymercedes.com.ar\/principal\/wp-content\/uploads\/2018\/04\/tortafrita-2018SJA_5829.jpg\" data-orig-size=\"730,487\" data-comments-opened=\"0\" data-image-meta=\"{&quot;aperture&quot;:&quot;5&quot;,&quot;credit&quot;:&quot;SEBASTIANAMBROSSIO&quot;,&quot;camera&quot;:&quot;&quot;,&quot;caption&quot;:&quot;&quot;,&quot;created_timestamp&quot;:&quot;0&quot;,&quot;copyright&quot;:&quot;SebastianAmbrossio&quot;,&quot;focal_length&quot;:&quot;50&quot;,&quot;iso&quot;:&quot;0&quot;,&quot;shutter_speed&quot;:&quot;0.005&quot;,&quot;title&quot;:&quot;&quot;,&quot;orientation&quot;:&quot;0&quot;}\" data-image-title=\"tortafrita-2018SJA_5829\" data-image-description=\"\" data-image-caption=\"&lt;p&gt;Fiesta de la torta frita 2018&lt;\/p&gt;\n\" data-large-file=\"https:\/\/www.hoymercedes.com.ar\/principal\/wp-content\/uploads\/2018\/04\/tortafrita-2018SJA_5829.jpg\" class=\"size-medium wp-image-74645\" src=\"https:\/\/www.hoymercedes.com.ar\/principal\/wp-content\/uploads\/2018\/04\/tortafrita-2018SJA_5829-630x420.jpg\" alt=\"\" width=\"630\" height=\"420\" srcset=\"https:\/\/www.hoymercedes.com.ar\/principal\/wp-content\/uploads\/2018\/04\/tortafrita-2018SJA_5829-630x420.jpg 630w, https:\/\/www.hoymercedes.com.ar\/principal\/wp-content\/uploads\/2018\/04\/tortafrita-2018SJA_5829-150x100.jpg 150w, https:\/\/www.hoymercedes.com.ar\/principal\/wp-content\/uploads\/2018\/04\/tortafrita-2018SJA_5829.jpg 730w\" sizes=\"auto, (max-width: 630px) 100vw, 630px\" \/><figcaption id=\"caption-attachment-74645\" class=\"wp-caption-text\">Fiesta de la torta frita 2018<\/figcaption><\/figure>\n<p>Con dos jornadas a pleno y m\u00e1s de 20 mil asistentes la fiesta fue un \u00e9xito rotundo. Ustarroz destac\u00f3 la gran asistencia y el trabajo realizado por las \u201cAgrupaciones Gauchas\u201d y los trabajadores para dar un marco espl\u00e9ndido. \u2018Micaela Lucero\u2019 fue la tortera del a\u00f1o mientras que \u2018Virgencita de Luj\u00e1n\u2019 obtuvo el mejor puesto. La torta frita m\u00e1s grande del mundo volvi\u00f3 a romper su r\u00e9cord, con 12 amasadoras y 8 elaboradores para 1500 kilos de grasa y 110kg de harina para cada realizaci\u00f3n. Se homenaje\u00f3 a Carlos Meda y a los Veteranos de Malvinas sobre el escenario principal.<\/p>\n<p>La fiesta convoc\u00f3 a una multitud. \u201cEs la m\u00e1s grande que hemos vivido\u201d, expresaron desde las Agrupaciones Gauchas, con un clima ideal y un predio que mostr\u00f3 orgulloso las mejoras que se le realizaron en el \u00faltimo tiempo.<\/p>\n<figure id=\"attachment_74646\" aria-describedby=\"caption-attachment-74646\" style=\"width: 620px\" class=\"wp-caption aligncenter\"><img loading=\"lazy\" decoding=\"async\" data-attachment-id=\"74646\" data-permalink=\"https:\/\/www.hoymercedes.com.ar\/principal\/2018\/04\/16\/multitudinaria-fiesta-de-la-torta-frita-con-mas-de-20-mil-personas-en-el-parque-municipal\/tortafrita-2018dsc_0131\/#main\" data-orig-file=\"https:\/\/www.hoymercedes.com.ar\/principal\/wp-content\/uploads\/2018\/04\/tortafrita-2018DSC_0131.jpg\" data-orig-size=\"730,487\" data-comments-opened=\"0\" data-image-meta=\"{&quot;aperture&quot;:&quot;7.1&quot;,&quot;credit&quot;:&quot;&quot;,&quot;camera&quot;:&quot;NIKON D5500&quot;,&quot;caption&quot;:&quot;&quot;,&quot;created_timestamp&quot;:&quot;1523811890&quot;,&quot;copyright&quot;:&quot;&quot;,&quot;focal_length&quot;:&quot;18&quot;,&quot;iso&quot;:&quot;400&quot;,&quot;shutter_speed&quot;:&quot;0.005&quot;,&quot;title&quot;:&quot;&quot;,&quot;orientation&quot;:&quot;0&quot;}\" data-image-title=\"tortafrita-2018DSC_0131\" data-image-description=\"\" data-image-caption=\"&lt;p&gt;Multitudinario encuentro&lt;\/p&gt;\n\" data-large-file=\"https:\/\/www.hoymercedes.com.ar\/principal\/wp-content\/uploads\/2018\/04\/tortafrita-2018DSC_0131.jpg\" class=\"size-medium wp-image-74646\" src=\"https:\/\/www.hoymercedes.com.ar\/principal\/wp-content\/uploads\/2018\/04\/tortafrita-2018DSC_0131-630x420.jpg\" alt=\"\" width=\"630\" height=\"420\" srcset=\"https:\/\/www.hoymercedes.com.ar\/principal\/wp-content\/uploads\/2018\/04\/tortafrita-2018DSC_0131-630x420.jpg 630w, https:\/\/www.hoymercedes.com.ar\/principal\/wp-content\/uploads\/2018\/04\/tortafrita-2018DSC_0131-150x100.jpg 150w, https:\/\/www.hoymercedes.com.ar\/principal\/wp-content\/uploads\/2018\/04\/tortafrita-2018DSC_0131.jpg 730w\" sizes=\"auto, (max-width: 630px) 100vw, 630px\" \/><figcaption id=\"caption-attachment-74646\" class=\"wp-caption-text\">Multitudinario encuentro<\/figcaption><\/figure>\n<p><strong>Trabajando juntos<\/strong><\/p>\n<p>El Jefe Comunal Dr. Juan Ignacio Ustarroz pidi\u00f3 \u201cun aplauso fuete a todos los que han trabajado, a las agrupaciones gauchas, los trabajadores municipales, los voluntarios que han efectuado esta fiesta hermosa, con tanto crecimiento a p\u00fablico, en el escenario, en los puestos\u201d destacando que \u201cesta fiesta surgi\u00f3 del sue\u00f1o de un pu\u00f1ado de personas y sigue firme creciendo\u201d y \u201cdeseamos que cada a\u00f1o seamos m\u00e1s en este parque hermoso, siendo una fiesta popular, gratuita, popular, gratuita para todas las familias teniendo mucho que ver con nuestra tradiciones y nuestros h\u00e9roes de Malvinas a quienes homenajeamos\u201d, sostuvo.<\/p>\n<p>Quique Nu\u00f1ez, Presidente de las \u201cAgrupaciones Gauchas Unidas\u201d sostuvo sobre el escenario que \u201cquiero agradecer a todos los que nos siguen a\u00f1o a a\u00f1o, a este p\u00fablico, donde cada vez somos m\u00e1s. Este a\u00f1o es muy especial, vamos a premiar a quien cre\u00f3 la fiesta, a Carlos Meda\u201d cont\u00f3 y destac\u00f3 que \u201cesta conducci\u00f3n municipal, y no le voy a sobar el lomo a nadie, nos ayuda cien por cien, ac\u00e1 no es que nos dan el dinero para este fiest\u00f3n, trabajan codo a codo con nosotros y merece un aplauso. Muchas gracias a todos\u201d.<\/p>\n<figure id=\"attachment_74647\" aria-describedby=\"caption-attachment-74647\" style=\"width: 620px\" class=\"wp-caption aligncenter\"><img loading=\"lazy\" decoding=\"async\" data-attachment-id=\"74647\" data-permalink=\"https:\/\/www.hoymercedes.com.ar\/principal\/2018\/04\/16\/multitudinaria-fiesta-de-la-torta-frita-con-mas-de-20-mil-personas-en-el-parque-municipal\/tortafrita-2018sja_5932\/#main\" data-orig-file=\"https:\/\/www.hoymercedes.com.ar\/principal\/wp-content\/uploads\/2018\/04\/tortafrita-2018SJA_5932.jpg\" data-orig-size=\"730,487\" data-comments-opened=\"0\" data-image-meta=\"{&quot;aperture&quot;:&quot;0&quot;,&quot;credit&quot;:&quot;SEBASTIANAMBROSSIO&quot;,&quot;camera&quot;:&quot;&quot;,&quot;caption&quot;:&quot;&quot;,&quot;created_timestamp&quot;:&quot;0&quot;,&quot;copyright&quot;:&quot;SebastianAmbrossio&quot;,&quot;focal_length&quot;:&quot;0&quot;,&quot;iso&quot;:&quot;0&quot;,&quot;shutter_speed&quot;:&quot;0&quot;,&quot;title&quot;:&quot;&quot;,&quot;orientation&quot;:&quot;0&quot;}\" data-image-title=\"tortafrita-2018SJA_5932\" data-image-description=\"\" data-image-caption=\"&lt;p&gt;Reconocimiento a Meda&lt;\/p&gt;\n\" data-large-file=\"https:\/\/www.hoymercedes.com.ar\/principal\/wp-content\/uploads\/2018\/04\/tortafrita-2018SJA_5932.jpg\" class=\"size-medium wp-image-74647\" src=\"https:\/\/www.hoymercedes.com.ar\/principal\/wp-content\/uploads\/2018\/04\/tortafrita-2018SJA_5932-630x420.jpg\" alt=\"\" width=\"630\" height=\"420\" srcset=\"https:\/\/www.hoymercedes.com.ar\/principal\/wp-content\/uploads\/2018\/04\/tortafrita-2018SJA_5932-630x420.jpg 630w, https:\/\/www.hoymercedes.com.ar\/principal\/wp-content\/uploads\/2018\/04\/tortafrita-2018SJA_5932-150x100.jpg 150w, https:\/\/www.hoymercedes.com.ar\/principal\/wp-content\/uploads\/2018\/04\/tortafrita-2018SJA_5932.jpg 730w\" sizes=\"auto, (max-width: 630px) 100vw, 630px\" \/><figcaption id=\"caption-attachment-74647\" class=\"wp-caption-text\">Reconocimiento a Meda<\/figcaption><\/figure>\n<p><strong>Homenaje<\/strong><\/p>\n<p>Luego se convoc\u00f3 a Carlos Meda para recibir un reconocimiento como creador de la fiesta quien hizo un poco de historia y cont\u00f3 que \u201cquiero hacer justicia. El autor intelectual fue un paisano que se llamaba Tito Cabral y nos cont\u00f3 la idea en La Trocha cuando est\u00e1bamos junto a Fernando Luna. \u00c9L nos dijo que Mercedes ten\u00eda que tener la fiesta y ese primer a\u00f1o lo hicimos con Fernando Luna y \u00e9l en la Trocha. Estoy muy orgulloso que haya llegado a donde lleg\u00f3.<\/p>\n<p>Tambi\u00e9n se entregaron presentes por parte de la Agrupaciones Gauchas Unidas a Juan Pablo L\u00f3pez Baggio, Secretario de Gobierno, quien trabajo en los detalles de la fiesta y al Jefe Comunal, por parte de \u201cF\u00e1tima y Amanda\u201d, las queridas embajadoras de la fiesta.<\/p>\n<figure id=\"attachment_74648\" aria-describedby=\"caption-attachment-74648\" style=\"width: 620px\" class=\"wp-caption aligncenter\"><img loading=\"lazy\" decoding=\"async\" data-attachment-id=\"74648\" data-permalink=\"https:\/\/www.hoymercedes.com.ar\/principal\/2018\/04\/16\/multitudinaria-fiesta-de-la-torta-frita-con-mas-de-20-mil-personas-en-el-parque-municipal\/tortafrita-2018sja_5359\/#main\" data-orig-file=\"https:\/\/www.hoymercedes.com.ar\/principal\/wp-content\/uploads\/2018\/04\/tortafrita-2018SJA_5359.jpg\" data-orig-size=\"730,487\" data-comments-opened=\"0\" data-image-meta=\"{&quot;aperture&quot;:&quot;0&quot;,&quot;credit&quot;:&quot;SEBASTIANAMBROSSIO&quot;,&quot;camera&quot;:&quot;&quot;,&quot;caption&quot;:&quot;&quot;,&quot;created_timestamp&quot;:&quot;0&quot;,&quot;copyright&quot;:&quot;SebastianAmbrossio&quot;,&quot;focal_length&quot;:&quot;0&quot;,&quot;iso&quot;:&quot;0&quot;,&quot;shutter_speed&quot;:&quot;0&quot;,&quot;title&quot;:&quot;&quot;,&quot;orientation&quot;:&quot;0&quot;}\" data-image-title=\"tortafrita-2018SJA_5359\" data-image-description=\"\" data-image-caption=\"&lt;p&gt;Desfile gaucho&lt;\/p&gt;\n\" data-large-file=\"https:\/\/www.hoymercedes.com.ar\/principal\/wp-content\/uploads\/2018\/04\/tortafrita-2018SJA_5359.jpg\" class=\"size-medium wp-image-74648\" src=\"https:\/\/www.hoymercedes.com.ar\/principal\/wp-content\/uploads\/2018\/04\/tortafrita-2018SJA_5359-630x420.jpg\" alt=\"\" width=\"630\" height=\"420\" srcset=\"https:\/\/www.hoymercedes.com.ar\/principal\/wp-content\/uploads\/2018\/04\/tortafrita-2018SJA_5359-630x420.jpg 630w, https:\/\/www.hoymercedes.com.ar\/principal\/wp-content\/uploads\/2018\/04\/tortafrita-2018SJA_5359-150x100.jpg 150w, https:\/\/www.hoymercedes.com.ar\/principal\/wp-content\/uploads\/2018\/04\/tortafrita-2018SJA_5359.jpg 730w\" sizes=\"auto, (max-width: 630px) 100vw, 630px\" \/><figcaption id=\"caption-attachment-74648\" class=\"wp-caption-text\">Desfile gaucho<\/figcaption><\/figure>\n<p><strong>De todos lados\u2026<\/strong><\/p>\n<p>En esta ocasi\u00f3n se pudo ver varios micros que se acercaron a la propuesta tur\u00edstica y cultural que el Municipio hizo. Vino, seg\u00fan se fueron nombrando y conocido, desde Don Torcuato, Berazategui, Z\u00e1rate, Luj\u00e1n, Navarro, Capital Federal, La Matanza, Florencia Varela, Ituzaing\u00f3, Mor\u00f3n, Chivilcoy, Carmen de Areco, desde muchos lugares.<\/p>\n<p>Susana M\u00e1rquez coment\u00f3 ante las c\u00e1maras que \u201ces la primera vez que vengo, me enter\u00e9 por Face y no puedo creer lo hermoso que es. La torta frita que hacen es impresionante. No sab\u00eda y quedamos sorprendidos. La verdad los felicito a los mercedinos, al municipio que hace esto gratis que no se ve en ning\u00fan lado y yo viajo todo lo que puedo y esto es hermoso, hasta el perrito traje\u201d, cont\u00f3 quien proven\u00eda desde Capital Federal mientras que en mismo sentido Anal\u00eda, desde Z\u00e1rate, narr\u00f3 que \u201cya he venido a Mercedes, pero es la primera vez a la torta frita. Ahora voy a venir todos los a\u00f1os, es hermoso este lugar\u201d<\/p>\n<p>La fiesta se vivi\u00f3 en el Parque Municipal Independencia que desde hace un tiempo viene siendo objeto de inversi\u00f3n y mejoras, como la que se vio el pasado viernes con la suma de una posta policial m\u00f3vil para que haya m\u00e1s seguridad.<\/p>\n<p>Por parte de los Veteranos, Sergio Cestari agradeci\u00f3 un nuevo homenaje, en \u201ceste mes donde sabemos la identidad de nuestros ca\u00eddos all\u00e1 en las islas. Estamos muy agradecidos y emocionados\u201d<\/p>\n<figure id=\"attachment_74649\" aria-describedby=\"caption-attachment-74649\" style=\"width: 620px\" class=\"wp-caption aligncenter\"><img loading=\"lazy\" decoding=\"async\" data-attachment-id=\"74649\" data-permalink=\"https:\/\/www.hoymercedes.com.ar\/principal\/2018\/04\/16\/multitudinaria-fiesta-de-la-torta-frita-con-mas-de-20-mil-personas-en-el-parque-municipal\/tortafrita-2018sja_5610\/#main\" data-orig-file=\"https:\/\/www.hoymercedes.com.ar\/principal\/wp-content\/uploads\/2018\/04\/tortafrita-2018SJA_5610.jpg\" data-orig-size=\"730,487\" data-comments-opened=\"0\" data-image-meta=\"{&quot;aperture&quot;:&quot;0&quot;,&quot;credit&quot;:&quot;SEBASTIANAMBROSSIO&quot;,&quot;camera&quot;:&quot;&quot;,&quot;caption&quot;:&quot;&quot;,&quot;created_timestamp&quot;:&quot;0&quot;,&quot;copyright&quot;:&quot;SebastianAmbrossio&quot;,&quot;focal_length&quot;:&quot;0&quot;,&quot;iso&quot;:&quot;0&quot;,&quot;shutter_speed&quot;:&quot;0&quot;,&quot;title&quot;:&quot;&quot;,&quot;orientation&quot;:&quot;0&quot;}\" data-image-title=\"tortafrita-2018SJA_5610\" data-image-description=\"\" data-image-caption=\"&lt;p&gt;Agrupaciones de danza&lt;\/p&gt;\n\" data-large-file=\"https:\/\/www.hoymercedes.com.ar\/principal\/wp-content\/uploads\/2018\/04\/tortafrita-2018SJA_5610.jpg\" class=\"size-medium wp-image-74649\" src=\"https:\/\/www.hoymercedes.com.ar\/principal\/wp-content\/uploads\/2018\/04\/tortafrita-2018SJA_5610-630x420.jpg\" alt=\"\" width=\"630\" height=\"420\" srcset=\"https:\/\/www.hoymercedes.com.ar\/principal\/wp-content\/uploads\/2018\/04\/tortafrita-2018SJA_5610-630x420.jpg 630w, https:\/\/www.hoymercedes.com.ar\/principal\/wp-content\/uploads\/2018\/04\/tortafrita-2018SJA_5610-150x100.jpg 150w, https:\/\/www.hoymercedes.com.ar\/principal\/wp-content\/uploads\/2018\/04\/tortafrita-2018SJA_5610.jpg 730w\" sizes=\"auto, (max-width: 630px) 100vw, 630px\" \/><figcaption id=\"caption-attachment-74649\" class=\"wp-caption-text\">Agrupaciones de danza<\/figcaption><\/figure>\n<p><strong>Artistas<\/strong><\/p>\n<p>La fiesta cont\u00f3 con un nutrido escenario, donde participaron Soko Larralde, Ballet el Bagual, Tr\u00edo los Amigos, Ballet Integraci\u00f3n, Sebasti\u00e1n Neiro, Ivana Cestari, ballet Herederos de mi Tierra, Ballet Peumay\u00e9n, Oscar Rosello, Ballet Almafuerte, Revoluci\u00f3n Folklore, Ballet Enlazando Sue\u00f1os, H\u00e9ctor G\u00f3mez, Ballete Ayek\u00e1n, Fernando Pazos, Ballet Patria Coraz\u00f3n, Gonzalo Jes\u00fas, Ballet Herencia Atamisque\u00f1a, Sachapampa, Ballet Nuestra Se\u00f1ora de las Mercedes, Lucas Maidana, Ballet Municipal Estrella del Sur, Los L\u00f3pez Heredia y por supuesto, cientos de bailarines que dieron un gran espect\u00e1culo en la tradicional pista de baile frente al escenario.<\/p>\n<p><img loading=\"lazy\" decoding=\"async\" data-attachment-id=\"74664\" data-permalink=\"https:\/\/www.hoymercedes.com.ar\/principal\/2018\/04\/16\/multitudinaria-fiesta-de-la-torta-frita-con-mas-de-20-mil-personas-en-el-parque-municipal\/tortafrita-2018sja_6021\/#main\" data-orig-file=\"https:\/\/www.hoymercedes.com.ar\/principal\/wp-content\/uploads\/2018\/04\/tortafrita-2018SJA_6021.jpg\" data-orig-size=\"730,487\" data-comments-opened=\"0\" data-image-meta=\"{&quot;aperture&quot;:&quot;5&quot;,&quot;credit&quot;:&quot;SEBASTIANAMBROSSIO&quot;,&quot;camera&quot;:&quot;&quot;,&quot;caption&quot;:&quot;&quot;,&quot;created_timestamp&quot;:&quot;0&quot;,&quot;copyright&quot;:&quot;SebastianAmbrossio&quot;,&quot;focal_length&quot;:&quot;92&quot;,&quot;iso&quot;:&quot;0&quot;,&quot;shutter_speed&quot;:&quot;0.008&quot;,&quot;title&quot;:&quot;&quot;,&quot;orientation&quot;:&quot;0&quot;}\" data-image-title=\"tortafrita-2018SJA_6021\" data-image-description=\"\" data-image-caption=\"\" data-large-file=\"https:\/\/www.hoymercedes.com.ar\/principal\/wp-content\/uploads\/2018\/04\/tortafrita-2018SJA_6021.jpg\" class=\"aligncenter size-medium wp-image-74664\" src=\"https:\/\/www.hoymercedes.com.ar\/principal\/wp-content\/uploads\/2018\/04\/tortafrita-2018SJA_6021-630x420.jpg\" alt=\"\" width=\"630\" height=\"420\" srcset=\"https:\/\/www.hoymercedes.com.ar\/principal\/wp-content\/uploads\/2018\/04\/tortafrita-2018SJA_6021-630x420.jpg 630w, https:\/\/www.hoymercedes.com.ar\/principal\/wp-content\/uploads\/2018\/04\/tortafrita-2018SJA_6021-150x100.jpg 150w, https:\/\/www.hoymercedes.com.ar\/principal\/wp-content\/uploads\/2018\/04\/tortafrita-2018SJA_6021.jpg 730w\" sizes=\"auto, (max-width: 630px) 100vw, 630px\" \/><\/p>\n<p><img loading=\"lazy\" decoding=\"async\" data-attachment-id=\"74663\" data-permalink=\"https:\/\/www.hoymercedes.com.ar\/principal\/2018\/04\/16\/multitudinaria-fiesta-de-la-torta-frita-con-mas-de-20-mil-personas-en-el-parque-municipal\/tortafrita-2018sja_5967\/#main\" data-orig-file=\"https:\/\/www.hoymercedes.com.ar\/principal\/wp-content\/uploads\/2018\/04\/tortafrita-2018SJA_5967.jpg\" data-orig-size=\"730,487\" data-comments-opened=\"0\" data-image-meta=\"{&quot;aperture&quot;:&quot;0&quot;,&quot;credit&quot;:&quot;SEBASTIANAMBROSSIO&quot;,&quot;camera&quot;:&quot;&quot;,&quot;caption&quot;:&quot;&quot;,&quot;created_timestamp&quot;:&quot;0&quot;,&quot;copyright&quot;:&quot;SebastianAmbrossio&quot;,&quot;focal_length&quot;:&quot;0&quot;,&quot;iso&quot;:&quot;0&quot;,&quot;shutter_speed&quot;:&quot;0&quot;,&quot;title&quot;:&quot;&quot;,&quot;orientation&quot;:&quot;0&quot;}\" data-image-title=\"tortafrita-2018SJA_5967\" data-image-description=\"\" data-image-caption=\"\" data-large-file=\"https:\/\/www.hoymercedes.com.ar\/principal\/wp-content\/uploads\/2018\/04\/tortafrita-2018SJA_5967.jpg\" class=\"aligncenter size-medium wp-image-74663\" src=\"https:\/\/www.hoymercedes.com.ar\/principal\/wp-content\/uploads\/2018\/04\/tortafrita-2018SJA_5967-630x420.jpg\" alt=\"\" width=\"630\" height=\"420\" srcset=\"https:\/\/www.hoymercedes.com.ar\/principal\/wp-content\/uploads\/2018\/04\/tortafrita-2018SJA_5967-630x420.jpg 630w, https:\/\/www.hoymercedes.com.ar\/principal\/wp-content\/uploads\/2018\/04\/tortafrita-2018SJA_5967-150x100.jpg 150w, https:\/\/www.hoymercedes.com.ar\/principal\/wp-content\/uploads\/2018\/04\/tortafrita-2018SJA_5967.jpg 730w\" sizes=\"auto, (max-width: 630px) 100vw, 630px\" \/><\/p>\n<p><img loading=\"lazy\" decoding=\"async\" data-attachment-id=\"74662\" data-permalink=\"https:\/\/www.hoymercedes.com.ar\/principal\/2018\/04\/16\/multitudinaria-fiesta-de-la-torta-frita-con-mas-de-20-mil-personas-en-el-parque-municipal\/tortafrita-2018sja_5932-2\/#main\" data-orig-file=\"https:\/\/www.hoymercedes.com.ar\/principal\/wp-content\/uploads\/2018\/04\/tortafrita-2018SJA_5932-1.jpg\" data-orig-size=\"730,487\" data-comments-opened=\"0\" data-image-meta=\"{&quot;aperture&quot;:&quot;0&quot;,&quot;credit&quot;:&quot;SEBASTIANAMBROSSIO&quot;,&quot;camera&quot;:&quot;&quot;,&quot;caption&quot;:&quot;&quot;,&quot;created_timestamp&quot;:&quot;0&quot;,&quot;copyright&quot;:&quot;SebastianAmbrossio&quot;,&quot;focal_length&quot;:&quot;0&quot;,&quot;iso&quot;:&quot;0&quot;,&quot;shutter_speed&quot;:&quot;0&quot;,&quot;title&quot;:&quot;&quot;,&quot;orientation&quot;:&quot;0&quot;}\" data-image-title=\"tortafrita-2018SJA_5932\" data-image-description=\"\" data-image-caption=\"\" data-large-file=\"https:\/\/www.hoymercedes.com.ar\/principal\/wp-content\/uploads\/2018\/04\/tortafrita-2018SJA_5932-1.jpg\" class=\"aligncenter size-medium wp-image-74662\" src=\"https:\/\/www.hoymercedes.com.ar\/principal\/wp-content\/uploads\/2018\/04\/tortafrita-2018SJA_5932-1-630x420.jpg\" alt=\"\" width=\"630\" height=\"420\" srcset=\"https:\/\/www.hoymercedes.com.ar\/principal\/wp-content\/uploads\/2018\/04\/tortafrita-2018SJA_5932-1-630x420.jpg 630w, https:\/\/www.hoymercedes.com.ar\/principal\/wp-content\/uploads\/2018\/04\/tortafrita-2018SJA_5932-1-150x100.jpg 150w, https:\/\/www.hoymercedes.com.ar\/principal\/wp-content\/uploads\/2018\/04\/tortafrita-2018SJA_5932-1.jpg 730w\" sizes=\"auto, (max-width: 630px) 100vw, 630px\" \/><\/p>\n<p><img loading=\"lazy\" decoding=\"async\" data-attachment-id=\"74661\" data-permalink=\"https:\/\/www.hoymercedes.com.ar\/principal\/2018\/04\/16\/multitudinaria-fiesta-de-la-torta-frita-con-mas-de-20-mil-personas-en-el-parque-municipal\/tortafrita-2018sja_5919\/#main\" data-orig-file=\"https:\/\/www.hoymercedes.com.ar\/principal\/wp-content\/uploads\/2018\/04\/tortafrita-2018SJA_5919.jpg\" data-orig-size=\"730,487\" data-comments-opened=\"0\" data-image-meta=\"{&quot;aperture&quot;:&quot;0&quot;,&quot;credit&quot;:&quot;SEBASTIANAMBROSSIO&quot;,&quot;camera&quot;:&quot;&quot;,&quot;caption&quot;:&quot;&quot;,&quot;created_timestamp&quot;:&quot;0&quot;,&quot;copyright&quot;:&quot;SebastianAmbrossio&quot;,&quot;focal_length&quot;:&quot;0&quot;,&quot;iso&quot;:&quot;0&quot;,&quot;shutter_speed&quot;:&quot;0&quot;,&quot;title&quot;:&quot;&quot;,&quot;orientation&quot;:&quot;0&quot;}\" data-image-title=\"tortafrita-2018SJA_5919\" data-image-description=\"\" data-image-caption=\"\" data-large-file=\"https:\/\/www.hoymercedes.com.ar\/principal\/wp-content\/uploads\/2018\/04\/tortafrita-2018SJA_5919.jpg\" class=\"aligncenter size-medium wp-image-74661\" src=\"https:\/\/www.hoymercedes.com.ar\/principal\/wp-content\/uploads\/2018\/04\/tortafrita-2018SJA_5919-630x420.jpg\" alt=\"\" width=\"630\" height=\"420\" srcset=\"https:\/\/www.hoymercedes.com.ar\/principal\/wp-content\/uploads\/2018\/04\/tortafrita-2018SJA_5919-630x420.jpg 630w, https:\/\/www.hoymercedes.com.ar\/principal\/wp-content\/uploads\/2018\/04\/tortafrita-2018SJA_5919-150x100.jpg 150w, https:\/\/www.hoymercedes.com.ar\/principal\/wp-content\/uploads\/2018\/04\/tortafrita-2018SJA_5919.jpg 730w\" sizes=\"auto, (max-width: 630px) 100vw, 630px\" \/>} <img loading=\"lazy\" decoding=\"async\" data-attachment-id=\"74660\" data-permalink=\"https:\/\/www.hoymercedes.com.ar\/principal\/2018\/04\/16\/multitudinaria-fiesta-de-la-torta-frita-con-mas-de-20-mil-personas-en-el-parque-municipal\/tortafrita-2018sja_5908\/#main\" data-orig-file=\"https:\/\/www.hoymercedes.com.ar\/principal\/wp-content\/uploads\/2018\/04\/tortafrita-2018SJA_5908.jpg\" data-orig-size=\"730,487\" data-comments-opened=\"0\" data-image-meta=\"{&quot;aperture&quot;:&quot;0&quot;,&quot;credit&quot;:&quot;SEBASTIANAMBROSSIO&quot;,&quot;camera&quot;:&quot;&quot;,&quot;caption&quot;:&quot;&quot;,&quot;created_timestamp&quot;:&quot;0&quot;,&quot;copyright&quot;:&quot;SebastianAmbrossio&quot;,&quot;focal_length&quot;:&quot;0&quot;,&quot;iso&quot;:&quot;0&quot;,&quot;shutter_speed&quot;:&quot;0&quot;,&quot;title&quot;:&quot;&quot;,&quot;orientation&quot;:&quot;0&quot;}\" data-image-title=\"tortafrita-2018SJA_5908\" data-image-description=\"\" data-image-caption=\"\" data-large-file=\"https:\/\/www.hoymercedes.com.ar\/principal\/wp-content\/uploads\/2018\/04\/tortafrita-2018SJA_5908.jpg\" class=\"aligncenter size-medium wp-image-74660\" src=\"https:\/\/www.hoymercedes.com.ar\/principal\/wp-content\/uploads\/2018\/04\/tortafrita-2018SJA_5908-630x420.jpg\" alt=\"\" width=\"630\" height=\"420\" srcset=\"https:\/\/www.hoymercedes.com.ar\/principal\/wp-content\/uploads\/2018\/04\/tortafrita-2018SJA_5908-630x420.jpg 630w, https:\/\/www.hoymercedes.com.ar\/principal\/wp-content\/uploads\/2018\/04\/tortafrita-2018SJA_5908-150x100.jpg 150w, https:\/\/www.hoymercedes.com.ar\/principal\/wp-content\/uploads\/2018\/04\/tortafrita-2018SJA_5908.jpg 730w\" sizes=\"auto, (max-width: 630px) 100vw, 630px\" \/><\/p>\n<p><img loading=\"lazy\" decoding=\"async\" data-attachment-id=\"74659\" data-permalink=\"https:\/\/www.hoymercedes.com.ar\/principal\/2018\/04\/16\/multitudinaria-fiesta-de-la-torta-frita-con-mas-de-20-mil-personas-en-el-parque-municipal\/tortafrita-2018sja_5903-1\/#main\" data-orig-file=\"https:\/\/www.hoymercedes.com.ar\/principal\/wp-content\/uploads\/2018\/04\/tortafrita-2018SJA_5903-1.jpg\" data-orig-size=\"730,487\" data-comments-opened=\"0\" data-image-meta=\"{&quot;aperture&quot;:&quot;0&quot;,&quot;credit&quot;:&quot;SEBASTIANAMBROSSIO&quot;,&quot;camera&quot;:&quot;&quot;,&quot;caption&quot;:&quot;&quot;,&quot;created_timestamp&quot;:&quot;0&quot;,&quot;copyright&quot;:&quot;SebastianAmbrossio&quot;,&quot;focal_length&quot;:&quot;0&quot;,&quot;iso&quot;:&quot;0&quot;,&quot;shutter_speed&quot;:&quot;0&quot;,&quot;title&quot;:&quot;&quot;,&quot;orientation&quot;:&quot;0&quot;}\" data-image-title=\"tortafrita-2018SJA_5903 (1)\" data-image-description=\"\" data-image-caption=\"\" data-large-file=\"https:\/\/www.hoymercedes.com.ar\/principal\/wp-content\/uploads\/2018\/04\/tortafrita-2018SJA_5903-1.jpg\" class=\"aligncenter size-medium wp-image-74659\" src=\"https:\/\/www.hoymercedes.com.ar\/principal\/wp-content\/uploads\/2018\/04\/tortafrita-2018SJA_5903-1-630x420.jpg\" alt=\"\" width=\"630\" height=\"420\" srcset=\"https:\/\/www.hoymercedes.com.ar\/principal\/wp-content\/uploads\/2018\/04\/tortafrita-2018SJA_5903-1-630x420.jpg 630w, https:\/\/www.hoymercedes.com.ar\/principal\/wp-content\/uploads\/2018\/04\/tortafrita-2018SJA_5903-1-150x100.jpg 150w, https:\/\/www.hoymercedes.com.ar\/principal\/wp-content\/uploads\/2018\/04\/tortafrita-2018SJA_5903-1.jpg 730w\" sizes=\"auto, (max-width: 630px) 100vw, 630px\" \/><\/p>\n<p><img loading=\"lazy\" decoding=\"async\" data-attachment-id=\"74658\" data-permalink=\"https:\/\/www.hoymercedes.com.ar\/principal\/2018\/04\/16\/multitudinaria-fiesta-de-la-torta-frita-con-mas-de-20-mil-personas-en-el-parque-municipal\/tortafrita-2018sja_5888\/#main\" data-orig-file=\"https:\/\/www.hoymercedes.com.ar\/principal\/wp-content\/uploads\/2018\/04\/tortafrita-2018SJA_5888.jpg\" data-orig-size=\"730,487\" data-comments-opened=\"0\" data-image-meta=\"{&quot;aperture&quot;:&quot;4&quot;,&quot;credit&quot;:&quot;SEBASTIANAMBROSSIO&quot;,&quot;camera&quot;:&quot;&quot;,&quot;caption&quot;:&quot;&quot;,&quot;created_timestamp&quot;:&quot;0&quot;,&quot;copyright&quot;:&quot;SebastianAmbrossio&quot;,&quot;focal_length&quot;:&quot;50&quot;,&quot;iso&quot;:&quot;0&quot;,&quot;shutter_speed&quot;:&quot;0.008&quot;,&quot;title&quot;:&quot;&quot;,&quot;orientation&quot;:&quot;0&quot;}\" data-image-title=\"tortafrita-2018SJA_5888\" data-image-description=\"\" data-image-caption=\"\" data-large-file=\"https:\/\/www.hoymercedes.com.ar\/principal\/wp-content\/uploads\/2018\/04\/tortafrita-2018SJA_5888.jpg\" class=\"aligncenter size-medium wp-image-74658\" src=\"https:\/\/www.hoymercedes.com.ar\/principal\/wp-content\/uploads\/2018\/04\/tortafrita-2018SJA_5888-630x420.jpg\" alt=\"\" width=\"630\" height=\"420\" srcset=\"https:\/\/www.hoymercedes.com.ar\/principal\/wp-content\/uploads\/2018\/04\/tortafrita-2018SJA_5888-630x420.jpg 630w, https:\/\/www.hoymercedes.com.ar\/principal\/wp-content\/uploads\/2018\/04\/tortafrita-2018SJA_5888-150x100.jpg 150w, https:\/\/www.hoymercedes.com.ar\/principal\/wp-content\/uploads\/2018\/04\/tortafrita-2018SJA_5888.jpg 730w\" sizes=\"auto, (max-width: 630px) 100vw, 630px\" \/><\/p>\n<p><img loading=\"lazy\" decoding=\"async\" data-attachment-id=\"74657\" data-permalink=\"https:\/\/www.hoymercedes.com.ar\/principal\/2018\/04\/16\/multitudinaria-fiesta-de-la-torta-frita-con-mas-de-20-mil-personas-en-el-parque-municipal\/tortafrita-2018sja_5857\/#main\" data-orig-file=\"https:\/\/www.hoymercedes.com.ar\/principal\/wp-content\/uploads\/2018\/04\/tortafrita-2018SJA_5857.jpg\" data-orig-size=\"730,487\" data-comments-opened=\"0\" data-image-meta=\"{&quot;aperture&quot;:&quot;0&quot;,&quot;credit&quot;:&quot;SEBASTIANAMBROSSIO&quot;,&quot;camera&quot;:&quot;&quot;,&quot;caption&quot;:&quot;&quot;,&quot;created_timestamp&quot;:&quot;0&quot;,&quot;copyright&quot;:&quot;SebastianAmbrossio&quot;,&quot;focal_length&quot;:&quot;0&quot;,&quot;iso&quot;:&quot;0&quot;,&quot;shutter_speed&quot;:&quot;0&quot;,&quot;title&quot;:&quot;&quot;,&quot;orientation&quot;:&quot;0&quot;}\" data-image-title=\"tortafrita-2018SJA_5857\" data-image-description=\"\" data-image-caption=\"\" data-large-file=\"https:\/\/www.hoymercedes.com.ar\/principal\/wp-content\/uploads\/2018\/04\/tortafrita-2018SJA_5857.jpg\" class=\"aligncenter size-medium wp-image-74657\" src=\"https:\/\/www.hoymercedes.com.ar\/principal\/wp-content\/uploads\/2018\/04\/tortafrita-2018SJA_5857-630x420.jpg\" alt=\"\" width=\"630\" height=\"420\" srcset=\"https:\/\/www.hoymercedes.com.ar\/principal\/wp-content\/uploads\/2018\/04\/tortafrita-2018SJA_5857-630x420.jpg 630w, https:\/\/www.hoymercedes.com.ar\/principal\/wp-content\/uploads\/2018\/04\/tortafrita-2018SJA_5857-150x100.jpg 150w, https:\/\/www.hoymercedes.com.ar\/principal\/wp-content\/uploads\/2018\/04\/tortafrita-2018SJA_5857.jpg 730w\" sizes=\"auto, (max-width: 630px) 100vw, 630px\" \/><\/p>\n<p><img loading=\"lazy\" decoding=\"async\" data-attachment-id=\"74656\" data-permalink=\"https:\/\/www.hoymercedes.com.ar\/principal\/2018\/04\/16\/multitudinaria-fiesta-de-la-torta-frita-con-mas-de-20-mil-personas-en-el-parque-municipal\/tortafrita-2018sja_5851-1\/#main\" data-orig-file=\"https:\/\/www.hoymercedes.com.ar\/principal\/wp-content\/uploads\/2018\/04\/tortafrita-2018SJA_5851-1.jpg\" data-orig-size=\"730,487\" data-comments-opened=\"0\" data-image-meta=\"{&quot;aperture&quot;:&quot;0&quot;,&quot;credit&quot;:&quot;SEBASTIANAMBROSSIO&quot;,&quot;camera&quot;:&quot;&quot;,&quot;caption&quot;:&quot;&quot;,&quot;created_timestamp&quot;:&quot;0&quot;,&quot;copyright&quot;:&quot;SebastianAmbrossio&quot;,&quot;focal_length&quot;:&quot;0&quot;,&quot;iso&quot;:&quot;0&quot;,&quot;shutter_speed&quot;:&quot;0&quot;,&quot;title&quot;:&quot;&quot;,&quot;orientation&quot;:&quot;0&quot;}\" data-image-title=\"tortafrita-2018SJA_5851 (1)\" data-image-description=\"\" data-image-caption=\"\" data-large-file=\"https:\/\/www.hoymercedes.com.ar\/principal\/wp-content\/uploads\/2018\/04\/tortafrita-2018SJA_5851-1.jpg\" class=\"aligncenter size-medium wp-image-74656\" src=\"https:\/\/www.hoymercedes.com.ar\/principal\/wp-content\/uploads\/2018\/04\/tortafrita-2018SJA_5851-1-630x420.jpg\" alt=\"\" width=\"630\" height=\"420\" srcset=\"https:\/\/www.hoymercedes.com.ar\/principal\/wp-content\/uploads\/2018\/04\/tortafrita-2018SJA_5851-1-630x420.jpg 630w, https:\/\/www.hoymercedes.com.ar\/principal\/wp-content\/uploads\/2018\/04\/tortafrita-2018SJA_5851-1-150x100.jpg 150w, https:\/\/www.hoymercedes.com.ar\/principal\/wp-content\/uploads\/2018\/04\/tortafrita-2018SJA_5851-1.jpg 730w\" sizes=\"auto, (max-width: 630px) 100vw, 630px\" \/><\/p>\n<p><img loading=\"lazy\" decoding=\"async\" data-attachment-id=\"74655\" data-permalink=\"https:\/\/www.hoymercedes.com.ar\/principal\/2018\/04\/16\/multitudinaria-fiesta-de-la-torta-frita-con-mas-de-20-mil-personas-en-el-parque-municipal\/tortafrita-2018sja_5825\/#main\" data-orig-file=\"https:\/\/www.hoymercedes.com.ar\/principal\/wp-content\/uploads\/2018\/04\/tortafrita-2018SJA_5825.jpg\" data-orig-size=\"730,487\" data-comments-opened=\"0\" data-image-meta=\"{&quot;aperture&quot;:&quot;5&quot;,&quot;credit&quot;:&quot;SEBASTIANAMBROSSIO&quot;,&quot;camera&quot;:&quot;&quot;,&quot;caption&quot;:&quot;&quot;,&quot;created_timestamp&quot;:&quot;0&quot;,&quot;copyright&quot;:&quot;SebastianAmbrossio&quot;,&quot;focal_length&quot;:&quot;50&quot;,&quot;iso&quot;:&quot;0&quot;,&quot;shutter_speed&quot;:&quot;0.005&quot;,&quot;title&quot;:&quot;&quot;,&quot;orientation&quot;:&quot;0&quot;}\" data-image-title=\"tortafrita-2018SJA_5825\" data-image-description=\"\" data-image-caption=\"\" data-large-file=\"https:\/\/www.hoymercedes.com.ar\/principal\/wp-content\/uploads\/2018\/04\/tortafrita-2018SJA_5825.jpg\" class=\"aligncenter size-medium wp-image-74655\" src=\"https:\/\/www.hoymercedes.com.ar\/principal\/wp-content\/uploads\/2018\/04\/tortafrita-2018SJA_5825-630x420.jpg\" alt=\"\" width=\"630\" height=\"420\" srcset=\"https:\/\/www.hoymercedes.com.ar\/principal\/wp-content\/uploads\/2018\/04\/tortafrita-2018SJA_5825-630x420.jpg 630w, https:\/\/www.hoymercedes.com.ar\/principal\/wp-content\/uploads\/2018\/04\/tortafrita-2018SJA_5825-150x100.jpg 150w, https:\/\/www.hoymercedes.com.ar\/principal\/wp-content\/uploads\/2018\/04\/tortafrita-2018SJA_5825.jpg 730w\" sizes=\"auto, (max-width: 630px) 100vw, 630px\" \/><\/p>\n<p><img loading=\"lazy\" decoding=\"async\" data-attachment-id=\"74654\" data-permalink=\"https:\/\/www.hoymercedes.com.ar\/principal\/2018\/04\/16\/multitudinaria-fiesta-de-la-torta-frita-con-mas-de-20-mil-personas-en-el-parque-municipal\/tortafrita-2018sja_5796\/#main\" data-orig-file=\"https:\/\/www.hoymercedes.com.ar\/principal\/wp-content\/uploads\/2018\/04\/tortafrita-2018SJA_5796.jpg\" data-orig-size=\"730,487\" data-comments-opened=\"0\" data-image-meta=\"{&quot;aperture&quot;:&quot;4&quot;,&quot;credit&quot;:&quot;SEBASTIANAMBROSSIO&quot;,&quot;camera&quot;:&quot;&quot;,&quot;caption&quot;:&quot;&quot;,&quot;created_timestamp&quot;:&quot;0&quot;,&quot;copyright&quot;:&quot;SebastianAmbrossio&quot;,&quot;focal_length&quot;:&quot;50&quot;,&quot;iso&quot;:&quot;0&quot;,&quot;shutter_speed&quot;:&quot;0.002&quot;,&quot;title&quot;:&quot;&quot;,&quot;orientation&quot;:&quot;0&quot;}\" data-image-title=\"tortafrita-2018SJA_5796\" data-image-description=\"\" data-image-caption=\"\" data-large-file=\"https:\/\/www.hoymercedes.com.ar\/principal\/wp-content\/uploads\/2018\/04\/tortafrita-2018SJA_5796.jpg\" class=\"aligncenter size-medium wp-image-74654\" src=\"https:\/\/www.hoymercedes.com.ar\/principal\/wp-content\/uploads\/2018\/04\/tortafrita-2018SJA_5796-630x420.jpg\" alt=\"\" width=\"630\" height=\"420\" srcset=\"https:\/\/www.hoymercedes.com.ar\/principal\/wp-content\/uploads\/2018\/04\/tortafrita-2018SJA_5796-630x420.jpg 630w, https:\/\/www.hoymercedes.com.ar\/principal\/wp-content\/uploads\/2018\/04\/tortafrita-2018SJA_5796-150x100.jpg 150w, https:\/\/www.hoymercedes.com.ar\/principal\/wp-content\/uploads\/2018\/04\/tortafrita-2018SJA_5796.jpg 730w\" sizes=\"auto, (max-width: 630px) 100vw, 630px\" \/><\/p>\n<p>&nbsp;<\/p>\n<p><img loading=\"lazy\" decoding=\"async\" data-attachment-id=\"74652\" data-permalink=\"https:\/\/www.hoymercedes.com.ar\/principal\/2018\/04\/16\/multitudinaria-fiesta-de-la-torta-frita-con-mas-de-20-mil-personas-en-el-parque-municipal\/tortafrita-2018sja_5769\/#main\" data-orig-file=\"https:\/\/www.hoymercedes.com.ar\/principal\/wp-content\/uploads\/2018\/04\/tortafrita-2018SJA_5769.jpg\" data-orig-size=\"730,487\" data-comments-opened=\"0\" data-image-meta=\"{&quot;aperture&quot;:&quot;0&quot;,&quot;credit&quot;:&quot;SEBASTIANAMBROSSIO&quot;,&quot;camera&quot;:&quot;&quot;,&quot;caption&quot;:&quot;&quot;,&quot;created_timestamp&quot;:&quot;0&quot;,&quot;copyright&quot;:&quot;SebastianAmbrossio&quot;,&quot;focal_length&quot;:&quot;0&quot;,&quot;iso&quot;:&quot;0&quot;,&quot;shutter_speed&quot;:&quot;0&quot;,&quot;title&quot;:&quot;&quot;,&quot;orientation&quot;:&quot;0&quot;}\" data-image-title=\"tortafrita-2018SJA_5769\" data-image-description=\"\" data-image-caption=\"\" data-large-file=\"https:\/\/www.hoymercedes.com.ar\/principal\/wp-content\/uploads\/2018\/04\/tortafrita-2018SJA_5769.jpg\" class=\"aligncenter size-medium wp-image-74652\" src=\"https:\/\/www.hoymercedes.com.ar\/principal\/wp-content\/uploads\/2018\/04\/tortafrita-2018SJA_5769-630x420.jpg\" alt=\"\" width=\"630\" height=\"420\" srcset=\"https:\/\/www.hoymercedes.com.ar\/principal\/wp-content\/uploads\/2018\/04\/tortafrita-2018SJA_5769-630x420.jpg 630w, https:\/\/www.hoymercedes.com.ar\/principal\/wp-content\/uploads\/2018\/04\/tortafrita-2018SJA_5769-150x100.jpg 150w, https:\/\/www.hoymercedes.com.ar\/principal\/wp-content\/uploads\/2018\/04\/tortafrita-2018SJA_5769.jpg 730w\" sizes=\"auto, (max-width: 630px) 100vw, 630px\" \/><\/p>\n<p><img loading=\"lazy\" decoding=\"async\" data-attachment-id=\"74651\" data-permalink=\"https:\/\/www.hoymercedes.com.ar\/principal\/2018\/04\/16\/multitudinaria-fiesta-de-la-torta-frita-con-mas-de-20-mil-personas-en-el-parque-municipal\/tortafrita-2018sja_5659\/#main\" data-orig-file=\"https:\/\/www.hoymercedes.com.ar\/principal\/wp-content\/uploads\/2018\/04\/tortafrita-2018SJA_5659.jpg\" data-orig-size=\"730,487\" data-comments-opened=\"0\" data-image-meta=\"{&quot;aperture&quot;:&quot;0&quot;,&quot;credit&quot;:&quot;SEBASTIANAMBROSSIO&quot;,&quot;camera&quot;:&quot;&quot;,&quot;caption&quot;:&quot;&quot;,&quot;created_timestamp&quot;:&quot;0&quot;,&quot;copyright&quot;:&quot;SebastianAmbrossio&quot;,&quot;focal_length&quot;:&quot;0&quot;,&quot;iso&quot;:&quot;0&quot;,&quot;shutter_speed&quot;:&quot;0&quot;,&quot;title&quot;:&quot;&quot;,&quot;orientation&quot;:&quot;0&quot;}\" data-image-title=\"tortafrita-2018SJA_5659\" data-image-description=\"\" data-image-caption=\"\" data-large-file=\"https:\/\/www.hoymercedes.com.ar\/principal\/wp-content\/uploads\/2018\/04\/tortafrita-2018SJA_5659.jpg\" class=\"aligncenter size-medium wp-image-74651\" src=\"https:\/\/www.hoymercedes.com.ar\/principal\/wp-content\/uploads\/2018\/04\/tortafrita-2018SJA_5659-630x420.jpg\" alt=\"\" width=\"630\" height=\"420\" srcset=\"https:\/\/www.hoymercedes.com.ar\/principal\/wp-content\/uploads\/2018\/04\/tortafrita-2018SJA_5659-630x420.jpg 630w, https:\/\/www.hoymercedes.com.ar\/principal\/wp-content\/uploads\/2018\/04\/tortafrita-2018SJA_5659-150x100.jpg 150w, https:\/\/www.hoymercedes.com.ar\/principal\/wp-content\/uploads\/2018\/04\/tortafrita-2018SJA_5659.jpg 730w\" sizes=\"auto, (max-width: 630px) 100vw, 630px\" \/><\/p>\n<p><img loading=\"lazy\" decoding=\"async\" data-attachment-id=\"74650\" data-permalink=\"https:\/\/www.hoymercedes.com.ar\/principal\/2018\/04\/16\/multitudinaria-fiesta-de-la-torta-frita-con-mas-de-20-mil-personas-en-el-parque-municipal\/tortafrita-2018dsc_0053\/#main\" data-orig-file=\"https:\/\/www.hoymercedes.com.ar\/principal\/wp-content\/uploads\/2018\/04\/tortafrita-2018DSC_0053.jpg\" data-orig-size=\"730,487\" data-comments-opened=\"0\" data-image-meta=\"{&quot;aperture&quot;:&quot;9&quot;,&quot;credit&quot;:&quot;&quot;,&quot;camera&quot;:&quot;NIKON D5500&quot;,&quot;caption&quot;:&quot;&quot;,&quot;created_timestamp&quot;:&quot;1523799704&quot;,&quot;copyright&quot;:&quot;&quot;,&quot;focal_length&quot;:&quot;55&quot;,&quot;iso&quot;:&quot;200&quot;,&quot;shutter_speed&quot;:&quot;0.003125&quot;,&quot;title&quot;:&quot;&quot;,&quot;orientation&quot;:&quot;0&quot;}\" data-image-title=\"tortafrita-2018DSC_0053\" data-image-description=\"\" data-image-caption=\"\" data-large-file=\"https:\/\/www.hoymercedes.com.ar\/principal\/wp-content\/uploads\/2018\/04\/tortafrita-2018DSC_0053.jpg\" class=\"aligncenter size-medium wp-image-74650\" src=\"https:\/\/www.hoymercedes.com.ar\/principal\/wp-content\/uploads\/2018\/04\/tortafrita-2018DSC_0053-630x420.jpg\" alt=\"\" width=\"630\" height=\"420\" srcset=\"https:\/\/www.hoymercedes.com.ar\/principal\/wp-content\/uploads\/2018\/04\/tortafrita-2018DSC_0053-630x420.jpg 630w, https:\/\/www.hoymercedes.com.ar\/principal\/wp-content\/uploads\/2018\/04\/tortafrita-2018DSC_0053-150x100.jpg 150w, https:\/\/www.hoymercedes.com.ar\/principal\/wp-content\/uploads\/2018\/04\/tortafrita-2018DSC_0053.jpg 730w\" sizes=\"auto, (max-width: 630px) 100vw, 630px\" \/><\/p>\n<figure id=\"attachment_74649\" aria-describedby=\"caption-attachment-74649\" style=\"width: 620px\" class=\"wp-caption aligncenter\"><img loading=\"lazy\" decoding=\"async\" data-attachment-id=\"74649\" data-permalink=\"https:\/\/www.hoymercedes.com.ar\/principal\/2018\/04\/16\/multitudinaria-fiesta-de-la-torta-frita-con-mas-de-20-mil-personas-en-el-parque-municipal\/tortafrita-2018sja_5610\/#main\" data-orig-file=\"https:\/\/www.hoymercedes.com.ar\/principal\/wp-content\/uploads\/2018\/04\/tortafrita-2018SJA_5610.jpg\" data-orig-size=\"730,487\" data-comments-opened=\"0\" data-image-meta=\"{&quot;aperture&quot;:&quot;0&quot;,&quot;credit&quot;:&quot;SEBASTIANAMBROSSIO&quot;,&quot;camera&quot;:&quot;&quot;,&quot;caption&quot;:&quot;&quot;,&quot;created_timestamp&quot;:&quot;0&quot;,&quot;copyright&quot;:&quot;SebastianAmbrossio&quot;,&quot;focal_length&quot;:&quot;0&quot;,&quot;iso&quot;:&quot;0&quot;,&quot;shutter_speed&quot;:&quot;0&quot;,&quot;title&quot;:&quot;&quot;,&quot;orientation&quot;:&quot;0&quot;}\" data-image-title=\"tortafrita-2018SJA_5610\" data-image-description=\"\" data-image-caption=\"&lt;p&gt;Agrupaciones de danza&lt;\/p&gt;\n\" data-large-file=\"https:\/\/www.hoymercedes.com.ar\/principal\/wp-content\/uploads\/2018\/04\/tortafrita-2018SJA_5610.jpg\" class=\"size-medium wp-image-74649\" src=\"https:\/\/www.hoymercedes.com.ar\/principal\/wp-content\/uploads\/2018\/04\/tortafrita-2018SJA_5610-630x420.jpg\" alt=\"\" width=\"630\" height=\"420\" srcset=\"https:\/\/www.hoymercedes.com.ar\/principal\/wp-content\/uploads\/2018\/04\/tortafrita-2018SJA_5610-630x420.jpg 630w, https:\/\/www.hoymercedes.com.ar\/principal\/wp-content\/uploads\/2018\/04\/tortafrita-2018SJA_5610-150x100.jpg 150w, https:\/\/www.hoymercedes.com.ar\/principal\/wp-content\/uploads\/2018\/04\/tortafrita-2018SJA_5610.jpg 730w\" sizes=\"auto, (max-width: 630px) 100vw, 630px\" \/><figcaption id=\"caption-attachment-74649\" class=\"wp-caption-text\">Agrupaciones de danza<\/figcaption><\/figure>\n<p>&nbsp;<\/p>\n<p>Fuente: Municipio<\/p>\n<p>Fotos: Sebasti\u00e1n Ambrosio<\/p>\n","protected":false},"excerpt":{"rendered":"<p>Con dos jornadas a pleno y m\u00e1s de 20 mil asistentes la fiesta fue un \u00e9xito rotundo. Ustarroz destac\u00f3 la &#8230; <a title=\"Multitudinaria Fiesta de la Torta Frita con m\u00e1s de 20 mil personas en el Parque Municipal\" class=\"read-more\" href=\"https:\/\/www.hoymercedes.com.ar\/principal\/2018\/04\/16\/multitudinaria-fiesta-de-la-torta-frita-con-mas-de-20-mil-personas-en-el-parque-municipal\/\" aria-label=\"Leer m\u00e1s sobre Multitudinaria Fiesta de la Torta Frita con m\u00e1s de 20 mil personas en el Parque Municipal\">Leer m\u00e1s<\/a><\/p>\n","protected":false},"author":1,"featured_media":74646,"comment_status":"closed","ping_status":"open","sticky":false,"template":"","format":"standard","meta":{"_monsterinsights_skip_tracking":false,"_monsterinsights_sitenote_active":false,"_monsterinsights_sitenote_note":"","_monsterinsights_sitenote_category":0,"jetpack_post_was_ever_published":false,"_jetpack_newsletter_access":"","_jetpack_dont_email_post_to_subs":false,"_jetpack_newsletter_tier_id":0,"_jetpack_memberships_contains_paywalled_content":false,"_jetpack_memberships_contains_paid_content":false,"footnotes":"","jetpack_publicize_message":"","jetpack_publicize_feature_enabled":true,"jetpack_social_post_already_shared":true,"jetpack_social_options":{"image_generator_settings":{"template":"highway","default_image_id":0,"font":"","enabled":false},"version":2},"_wpas_customize_per_network":false},"categories":[30],"tags":[2057,10,244,1551,424],"class_list":["post-74644","post","type-post","status-publish","format-standard","has-post-thumbnail","hentry","category-municipio","tag-fiesta-de-la-torta-frita","tag-mercedes","tag-municipio-2","tag-parque-municipal","tag-ustarroz","generate-columns","tablet-grid-50","mobile-grid-100","grid-parent","grid-50"],"jetpack_publicize_connections":[],"jetpack_featured_media_url":"https:\/\/www.hoymercedes.com.ar\/principal\/wp-content\/uploads\/2018\/04\/tortafrita-2018DSC_0131.jpg","wps_subtitle":"Encuentros populares","jetpack_sharing_enabled":true,"_links":{"self":[{"href":"https:\/\/www.hoymercedes.com.ar\/principal\/wp-json\/wp\/v2\/posts\/74644","targetHints":{"allow":["GET"]}}],"collection":[{"href":"https:\/\/www.hoymercedes.com.ar\/principal\/wp-json\/wp\/v2\/posts"}],"about":[{"href":"https:\/\/www.hoymercedes.com.ar\/principal\/wp-json\/wp\/v2\/types\/post"}],"author":[{"embeddable":true,"href":"https:\/\/www.hoymercedes.com.ar\/principal\/wp-json\/wp\/v2\/users\/1"}],"replies":[{"embeddable":true,"href":"https:\/\/www.hoymercedes.com.ar\/principal\/wp-json\/wp\/v2\/comments?post=74644"}],"version-history":[{"count":0,"href":"https:\/\/www.hoymercedes.com.ar\/principal\/wp-json\/wp\/v2\/posts\/74644\/revisions"}],"wp:featuredmedia":[{"embeddable":true,"href":"https:\/\/www.hoymercedes.com.ar\/principal\/wp-json\/wp\/v2\/media\/74646"}],"wp:attachment":[{"href":"https:\/\/www.hoymercedes.com.ar\/principal\/wp-json\/wp\/v2\/media?parent=74644"}],"wp:term":[{"taxonomy":"category","embeddable":true,"href":"https:\/\/www.hoymercedes.com.ar\/principal\/wp-json\/wp\/v2\/categories?post=74644"},{"taxonomy":"post_tag","embeddable":true,"href":"https:\/\/www.hoymercedes.com.ar\/principal\/wp-json\/wp\/v2\/tags?post=74644"}],"curies":[{"name":"wp","href":"https:\/\/api.w.org\/{rel}","templated":true}]}}